{"id":7155,"date":"2020-11-22T15:54:14","date_gmt":"2020-11-22T15:54:14","guid":{"rendered":"http:\/\/szakrendelo-sarkad.hu\/efi\/?p=7155"},"modified":"2020-11-22T15:54:14","modified_gmt":"2020-11-22T15:54:14","slug":"november-19-ne-gyujts-ra-nap","status":"publish","type":"post","link":"http:\/\/szakrendelo-sarkad.hu\/efi\/2020\/11\/22\/november-19-ne-gyujts-ra-nap\/","title":{"rendered":"NOVEMBER 19. NE GY\u00daJTS R\u00c1 NAP!"},"content":{"rendered":"<p>Minden \u00e9v november\u00e9nek harmadik cs\u00fct\u00f6rt\u00f6ke a &#8222;Ne gy\u00fajts r\u00e1!&#8221; nap. Ezen a napon felh\u00edvjuk a doh\u00e1nyosokat, hogy egy teljes napig ne gy\u00fajtsanak r\u00e1; a felh\u00edv\u00e1s nem titkolt c\u00e9lja azonban az, hogy akik erre a napra leteszik a cigarett\u00e1t soha t\u00f6bb\u00e9 ne gy\u00fajtsanak r\u00e1. A Magyar Nemzeti Sz\u00edvalap\u00edtv\u00e1ny is csatlakozik a Sz\u00f6vets\u00e9g a Doh\u00e1nyz\u00e1s Visszaszor\u00edt\u00e1s\u00e1\u00e9rt kezdem\u00e9nyez\u00e9s\u00e9hez, hogy ezen is s\u00fcrgess\u00fck a munkahelyi \u00e9s z\u00e1rt k\u00f6zter\u00fcleti doh\u00e1nyz\u00e1si tilalom miel\u0151bbi bevezet\u00e9s\u00e9t.<\/p>\n<p>&nbsp;<\/p>\n<p><strong>K\u00e9szen \u00e1ll a leszok\u00e1sra?<\/strong><\/p>\n<ul>\n<li>kr\u00e1kogva \u00e9bred?<\/li>\n<li>romlott a szagl\u00e1sa?<\/li>\n<li>s\u00e1rg\u00e1k a k\u00f6rmei a nikotint\u00f3l?<\/li>\n<li>kellemetlen a lehelete?<\/li>\n<li>a fej\u00e9t fogja, amikor kisz\u00e1molja, hogy \u00e9vek sor\u00e1n mennyit k\u00f6lt\u00f6tt cigarett\u00e1ra?<\/li>\n<\/ul>\n<p>&nbsp;<\/p>\n<p><strong>Akkor itt az ideje leszokni a doh\u00e1nyz\u00e1sr\u00f3l!<\/strong><\/p>\n<p>&nbsp;<\/p>\n<p>Ha \u00fagy \u00e9rzi, hogy elj\u00f6tt az id\u0151, hogy van el\u00e9g akaratereje, kitart\u00e1sa \u00e9s le is akar szokni a doh\u00e1nyz\u00e1sr\u00f3l j\u00f6jj\u00f6n \u00e9s k\u00e9rjen seg\u00edts\u00e9get.<\/p>\n<p>Keresse munkat\u00e1rsainkat a Sarkadi Kist\u00e9rs\u00e9gi J\u00e1r\u00f3beteg-Szakell\u00e1t\u00f3 T\u00fcd\u0151gondoz\u00f3j\u00e1ban \u00e9s az Eg\u00e9szs\u00e9gfejleszt\u00e9si Irod\u00e1ban.<\/p>\n<p>El\u00e9rhet\u0151s\u00e9geink: 06-66\/585-800, 06-66\/787-840.<\/p>\n","protected":false},"excerpt":{"rendered":"<div class=\"entry-summary\">\n<div class=\"entry-summary\">\nMinden \u00e9v november\u00e9nek harmadik cs\u00fct\u00f6rt\u00f6ke a &#8222;Ne gy\u00fajts r\u00e1!&#8221; nap. Ezen a napon felh\u00edvjuk a doh\u00e1nyosokat, hogy egy&hellip;\n<\/div>\n<div class=\"link-more\"><a href=\"http:\/\/szakrendelo-sarkad.hu\/efi\/2020\/11\/22\/november-19-ne-gyujts-ra-nap\/\" class=\"more-link\">Continue reading<span class=\"screen-reader-text\"> &ldquo;NOVEMBER 19. NE GY\u00daJTS R\u00c1 NAP!&rdquo;<\/span>&hellip;<\/a><\/div>\n<\/div>\n<div class=\"link-more\"><a href=\"http:\/\/szakrendelo-sarkad.hu\/efi\/2020\/11\/22\/november-19-ne-gyujts-ra-nap\/\" class=\"more-link\">Continue reading<span class=\"screen-reader-text\"> &ldquo;NOVEMBER 19. NE GY\u00daJTS R\u00c1 NAP!&rdquo;<\/span>&hellip;<\/a><\/div>\n","protected":false},"author":1,"featured_media":7156,"comment_status":"closed","ping_status":"closed","sticky":false,"template":"","format":"standard","meta":{"ngg_post_thumbnail":0,"footnotes":""},"categories":[1],"tags":[],"class_list":["post-7155","post","type-post","status-publish","format-standard","has-post-thumbnail","hentry","category-egyeb","entry"],"_links":{"self":[{"href":"http:\/\/szakrendelo-sarkad.hu\/efi\/wp-json\/wp\/v2\/posts\/7155","targetHints":{"allow":["GET"]}}],"collection":[{"href":"http:\/\/szakrendelo-sarkad.hu\/efi\/wp-json\/wp\/v2\/posts"}],"about":[{"href":"http:\/\/szakrendelo-sarkad.hu\/efi\/wp-json\/wp\/v2\/types\/post"}],"author":[{"embeddable":true,"href":"http:\/\/szakrendelo-sarkad.hu\/efi\/wp-json\/wp\/v2\/users\/1"}],"replies":[{"embeddable":true,"href":"http:\/\/szakrendelo-sarkad.hu\/efi\/wp-json\/wp\/v2\/comments?post=7155"}],"version-history":[{"count":1,"href":"http:\/\/szakrendelo-sarkad.hu\/efi\/wp-json\/wp\/v2\/posts\/7155\/revisions"}],"predecessor-version":[{"id":7157,"href":"http:\/\/szakrendelo-sarkad.hu\/efi\/wp-json\/wp\/v2\/posts\/7155\/revisions\/7157"}],"wp:featuredmedia":[{"embeddable":true,"href":"http:\/\/szakrendelo-sarkad.hu\/efi\/wp-json\/wp\/v2\/media\/7156"}],"wp:attachment":[{"href":"http:\/\/szakrendelo-sarkad.hu\/efi\/wp-json\/wp\/v2\/media?parent=7155"}],"wp:term":[{"taxonomy":"category","embeddable":true,"href":"http:\/\/szakrendelo-sarkad.hu\/efi\/wp-json\/wp\/v2\/categories?post=7155"},{"taxonomy":"post_tag","embeddable":true,"href":"http:\/\/szakrendelo-sarkad.hu\/efi\/wp-json\/wp\/v2\/tags?post=7155"}],"curies":[{"name":"wp","href":"https:\/\/api.w.org\/{rel}","templated":true}]}}