{"id":7213,"date":"2021-01-24T08:16:35","date_gmt":"2021-01-24T08:16:35","guid":{"rendered":"http:\/\/szakrendelo-sarkad.hu\/efi\/?p=7213"},"modified":"2021-01-24T08:16:35","modified_gmt":"2021-01-24T08:16:35","slug":"kezdjuk-a-2021-es-evet-tiszta-lappal","status":"publish","type":"post","link":"http:\/\/szakrendelo-sarkad.hu\/efi\/2021\/01\/24\/kezdjuk-a-2021-es-evet-tiszta-lappal\/","title":{"rendered":"KEZDJ\u00dcK A 2021-ES \u00c9VET TISZTA LAPPAL!"},"content":{"rendered":"<p style=\"text-align: center;\"><strong>Kedves Sarkadi Kist\u00e9rs\u00e9gi Lakosok!<\/strong><\/p>\n<p>Seg\u00edteni szeretn\u00e9nk \u00d6n\u00f6knek az \u00faj\u00e9vi fogadalmak megval\u00f3s\u00edt\u00e1s\u00e1ban. K\u00f6zeled\u00fcnk a tavasz fel\u00e9, szeretn\u00e9nk csinosak, fittek, eg\u00e9szs\u00e9gesek lenni. Itt az id\u0151, hogy elkezdj\u00fck a di\u00e9t\u00e1t. Ehhez sz\u00fcks\u00e9ges, hogy tiszt\u00e1ba legy\u00fcnk test\u00fcnk jelenlegi \u00e1llapot\u00e1val.<\/p>\n<p>INGYENESEN aj\u00e1nljuk \u00d6n\u00f6knek a test\u00f6sszet\u00e9telt elemz\u0151 monitor \u00e9s az ultrahangos OsteoPro csonts\u0171r\u0171s\u00e9g m\u00e9r\u00e9s lehet\u0151s\u00e9g\u00e9t.<\/p>\n<p><img loading=\"lazy\" decoding=\"async\" class=\"aligncenter size-full wp-image-7214\" src=\"http:\/\/szakrendelo-sarkad.hu\/efi\/wp-content\/uploads\/sites\/2\/2021\/01\/1.jpg\" alt=\"\" width=\"537\" height=\"237\" srcset=\"http:\/\/szakrendelo-sarkad.hu\/efi\/wp-content\/uploads\/sites\/2\/2021\/01\/1.jpg 537w, http:\/\/szakrendelo-sarkad.hu\/efi\/wp-content\/uploads\/sites\/2\/2021\/01\/1-300x132.jpg 300w\" sizes=\"auto, (max-width: 537px) 100vw, 537px\" \/>\u00c9ljen a lehet\u0151s\u00e9ggel, keressen bizalommal \u00e9s b\u00e1tran benn\u00fcnket! \ud83d\ude0a<\/p>\n<p>Eg\u00e9szs\u00e9gfejleszt\u00e9si Irod\u00e1ban \u00e1llapotfelm\u00e9r\u00e9st \u00e9s kock\u00e1zatbecsl\u00e9st v\u00e9gz\u00fcnk azonnali eredm\u00e9nnyel.<\/p>\n<p><strong>2021. janu\u00e1r 25-29. k\u00f6z\u00f6tt 8.00-15.00 \u00f3ra k\u00f6z\u00f6tt el\u0151re egyeztetett id\u0151pontban szeretettel v\u00e1rjuk \u00d6n\u00f6ket.<\/strong><\/p>\n<p>Helysz\u00edn: Sarkadi Kist\u00e9rs\u00e9gi J\u00e1r\u00f3beteg-Szakell\u00e1t\u00f3 K\u00f6zpont II. emelet Eg\u00e9szs\u00e9gfejleszt\u00e9si Iroda<\/p>\n<p>5720 Sarkad, B\u00e9ke s\u00e9t\u00e1ny 6.<\/p>\n<p>Bejelentkez\u00e9s: <a href=\"mailto:efi@szakrendelo-sarkad.hu\">efi@szakrendelo-sarkad.hu<\/a> vagy 06-66\/787-840, +3630\/9988-084 telefonsz\u00e1mon<\/p>\n<p style=\"text-align: center;\"><strong><em>Mert az \u00d6n eg\u00e9szs\u00e9ge a legfontosabb sz\u00e1munkra!<\/em><\/strong><\/p>\n<p style=\"text-align: right;\">Sarkadi Eg\u00e9szs\u00e9gfejleszt\u00e9si Iroda<\/p>\n","protected":false},"excerpt":{"rendered":"<div class=\"entry-summary\">\n<div class=\"entry-summary\">\nKedves Sarkadi Kist\u00e9rs\u00e9gi Lakosok! Seg\u00edteni szeretn\u00e9nk \u00d6n\u00f6knek az \u00faj\u00e9vi fogadalmak megval\u00f3s\u00edt\u00e1s\u00e1ban. K\u00f6zeled\u00fcnk a tavasz fel\u00e9, szeretn\u00e9nk csinosak, fittek,&hellip;\n<\/div>\n<div class=\"link-more\"><a href=\"http:\/\/szakrendelo-sarkad.hu\/efi\/2021\/01\/24\/kezdjuk-a-2021-es-evet-tiszta-lappal\/\" class=\"more-link\">Continue reading<span class=\"screen-reader-text\"> &ldquo;KEZDJ\u00dcK A 2021-ES \u00c9VET TISZTA LAPPAL!&rdquo;<\/span>&hellip;<\/a><\/div>\n<\/div>\n<div class=\"link-more\"><a href=\"http:\/\/szakrendelo-sarkad.hu\/efi\/2021\/01\/24\/kezdjuk-a-2021-es-evet-tiszta-lappal\/\" class=\"more-link\">Continue reading<span class=\"screen-reader-text\"> &ldquo;KEZDJ\u00dcK A 2021-ES \u00c9VET TISZTA LAPPAL!&rdquo;<\/span>&hellip;<\/a><\/div>\n","protected":false},"author":1,"featured_media":7214,"comment_status":"closed","ping_status":"closed","sticky":false,"template":"","format":"standard","meta":{"ngg_post_thumbnail":0,"footnotes":""},"categories":[1],"tags":[],"class_list":["post-7213","post","type-post","status-publish","format-standard","has-post-thumbnail","hentry","category-egyeb","entry"],"_links":{"self":[{"href":"http:\/\/szakrendelo-sarkad.hu\/efi\/wp-json\/wp\/v2\/posts\/7213","targetHints":{"allow":["GET"]}}],"collection":[{"href":"http:\/\/szakrendelo-sarkad.hu\/efi\/wp-json\/wp\/v2\/posts"}],"about":[{"href":"http:\/\/szakrendelo-sarkad.hu\/efi\/wp-json\/wp\/v2\/types\/post"}],"author":[{"embeddable":true,"href":"http:\/\/szakrendelo-sarkad.hu\/efi\/wp-json\/wp\/v2\/users\/1"}],"replies":[{"embeddable":true,"href":"http:\/\/szakrendelo-sarkad.hu\/efi\/wp-json\/wp\/v2\/comments?post=7213"}],"version-history":[{"count":1,"href":"http:\/\/szakrendelo-sarkad.hu\/efi\/wp-json\/wp\/v2\/posts\/7213\/revisions"}],"predecessor-version":[{"id":7215,"href":"http:\/\/szakrendelo-sarkad.hu\/efi\/wp-json\/wp\/v2\/posts\/7213\/revisions\/7215"}],"wp:featuredmedia":[{"embeddable":true,"href":"http:\/\/szakrendelo-sarkad.hu\/efi\/wp-json\/wp\/v2\/media\/7214"}],"wp:attachment":[{"href":"http:\/\/szakrendelo-sarkad.hu\/efi\/wp-json\/wp\/v2\/media?parent=7213"}],"wp:term":[{"taxonomy":"category","embeddable":true,"href":"http:\/\/szakrendelo-sarkad.hu\/efi\/wp-json\/wp\/v2\/categories?post=7213"},{"taxonomy":"post_tag","embeddable":true,"href":"http:\/\/szakrendelo-sarkad.hu\/efi\/wp-json\/wp\/v2\/tags?post=7213"}],"curies":[{"name":"wp","href":"https:\/\/api.w.org\/{rel}","templated":true}]}}