{"id":7244,"date":"2021-03-09T12:13:52","date_gmt":"2021-03-09T12:13:52","guid":{"rendered":"http:\/\/szakrendelo-sarkad.hu\/efi\/?p=7244"},"modified":"2021-03-09T12:15:11","modified_gmt":"2021-03-09T12:15:11","slug":"mit-tegyunk-ha-lazas-a-gyermek-lazbarat","status":"publish","type":"post","link":"http:\/\/szakrendelo-sarkad.hu\/efi\/2021\/03\/09\/mit-tegyunk-ha-lazas-a-gyermek-lazbarat\/","title":{"rendered":"Mit tegy\u00fcnk, ha l\u00e1zas a gyermek? | L\u00e1zBar\u00e1t"},"content":{"rendered":"<p><strong>Teend\u0151k<\/strong><\/p>\n<p><span style=\"color: #00ff00;\"><strong>Otthon ell\u00e1that\u00f3, orvosi vizsg\u00e1lat csak rosszabbod\u00e1s eset\u00e9n sz\u00fcks\u00e9ges<\/strong><\/span><\/p>\n<ul>\n<li>37,0 \u00b0C \u00e9s 38,0 \u00b0C k\u00f6z\u00f6tt nem l\u00e1zr\u00f3l, hanem h\u0151emelked\u00e9sr\u0151l besz\u00e9l\u00fcnk.<\/li>\n<li>1 \u00e9vesn\u00e9l id\u0151sebb, j\u00f3 \u00e1llapot\u00fa gyermek 1-2 napos l\u00e1za,<\/li>\n<li>H\u00e1ny\u00e1s \u00e9s hasmen\u00e9s l\u00e1zas \u00e1llapotban, ha j\u00f3l itathat\u00f3 a gyermek.<\/li>\n<li>Bizonyos v\u00e9d\u0151olt\u00e1sok ut\u00e1n jelentkezhet l\u00e1z, f\u0151leg a 15 h\u00f3napos olt\u00e1st k\u00f6vet\u0151en, de ennek eld\u00f6nt\u00e9se orvosi feladat lehet.<\/li>\n<li>L\u00e1z, de j\u00f3 \u00e1llapot eset\u00e9ben v\u00edrusfert\u0151z\u00e9sn\u00e9l nyom\u00e1sra halv\u00e1nyul\u00f3 b\u0151rki\u00fct\u00e9sek \u00e1rtalmatlan k\u00eds\u00e9r\u0151 t\u00fcnetek lehetnek.<\/li>\n<\/ul>\n<p><strong><span style=\"color: #ffff00;\">Min\u00e9l hamarabb vizsg\u00e1lat sz\u00fcks\u00e9ges h\u00e1ziorvosn\u00e1l vagy \u00fcgyeleten<\/span><\/strong><\/p>\n<ul>\n<li>3 napn\u00e1l tov\u00e1bb tart\u00f3 l\u00e1z eset\u00e9n b\u00e1rmely \u00e9letkor\u00fa gyermek eset\u00e9ben.<\/li>\n<li>1 \u00e9vesn\u00e9l fiatalabb, de f\u0151leg 3 h\u00f3nap alatti csecsem\u0151 l\u00e1zas \u00e1llapot\u00e1n\u00e1l.<\/li>\n<li>L\u00e1z \u00e9s er\u0151s hasi f\u00e1jdalomeset\u00e9n, k\u00fcl\u00f6n\u00f6sen, ha v\u00e9res sz\u00e9klettel t\u00e1rsul.<\/li>\n<li>L\u00e1z eset\u00e9n h\u00fagy\u00fati fert\u0151z\u00e9s gyan\u00fajakor (b\u0171z\u00f6s vagy zavaros vizelet, csecsem\u0151n\u00e9l tart\u00f3s \u00e9tv\u00e1gytalans\u00e1g, nagyobb \u00e9letkorban f\u00e1jdalmas vagy gyakori vizel\u00e9s).<\/li>\n<\/ul>\n<p><strong><span style=\"color: #ff0000;\">Azonnal ment\u0151 h\u00edv\u00e1sa sz\u00fcks\u00e9ges<\/span><\/strong><\/p>\n<ul>\n<li>\u00c9lete els\u0151 l\u00e1zg\u00f6rcs\u00e9n\u00e9l, vagy elh\u00faz\u00f3d\u00f3 (5 percn\u00e9l hosszabb) sokasod\u00f3 l\u00e1zg\u00f6rcs eset\u00e9n.<\/li>\n<li>Fejf\u00e1j\u00e1s \u00e9s tark\u00f3merevs\u00e9g, megv\u00e1ltozott viselked\u00e9s, f\u00e9nyker\u00fcl\u00e9s eset\u00e9n.<\/li>\n<li>Nyom\u00e1sra nem halv\u00e1nyul\u00f3 b\u0151rki\u00fct\u00e9s, (\u00fcvegpoharat t\u00e9ve a b\u0151rfel\u00fcletre \u00e9s finoman r\u00e1szor\u00edtva nem halv\u00e1nyodik el), amely felveti a b\u0151rv\u00e9rz\u00e9s gyan\u00faj\u00e1t.<\/li>\n<\/ul>\n<p>&nbsp;<\/p>\n<p>Tudta-e?<\/p>\n<ul>\n<li>3 h\u00f3naposn\u00e1l id\u0151sebb \u00e9s 3 \u00e9vesn\u00e9l fiatalabb gyermekben l\u00e1zat 99%-ban v\u00edrusfert\u0151z\u00e9s okoz, \u00e9s nem ig\u00e9nyel antibiotikum kezel\u00e9st, csak b\u0151 folyad\u00e9kbevitelt \u00e9s sz\u00fcks\u00e9g eset\u00e9n l\u00e1zcsillap\u00edt\u00e1st.<\/li>\n<li>A testh\u0151m\u00e9rs\u00e9klet norm\u00e1lis ingadoz\u00e1st mutat a nap folyam\u00e1n, norm\u00e1lis esetben is hajnalban alacsonyabb, d\u00e9lut\u00e1n magasabb \u00e9rt\u00e9ket mutat.<\/li>\n<li>A testh\u0151m\u00e9rs\u00e9klet emelked\u00e9s\u00e9vel szervezet\u00fcnk fokozza a v\u00e9dekez\u00e9si mechanizmusait, gyors\u00edtja az immunv\u00e1lasz\u00e1t, ez\u00e9rt bizonyos m\u00e9rt\u00e9kig j\u00f3t\u00e9kony hat\u00e1s\u00fa.<\/li>\n<\/ul>\n<p>Seg\u00edts\u00e9g\u00fcl akkor egy <strong><em>Egy r\u00e9gi t\u00e9ma \u00fajra gondolva \u2013 megh\u00edv\u00e1s a L\u00e1zBar\u00e1t programba!<\/em><\/strong><\/p>\n<p>A P\u00e9csi Tudom\u00e1nyegyetem Eg\u00e9szs\u00e9gtudom\u00e1nyi Kara egy otthoni \u00e9s k\u00f3rh\u00e1zi k\u00f6r\u00fclm\u00e9nyek k\u00f6z\u00f6tt is haszn\u00e1lhat\u00f3 alkalmaz\u00e1st adott k\u00f6zre.<\/p>\n<p><img loading=\"lazy\" decoding=\"async\" class=\"aligncenter size-full wp-image-7245\" src=\"http:\/\/szakrendelo-sarkad.hu\/efi\/wp-content\/uploads\/sites\/2\/2021\/03\/2.jpg\" alt=\"\" width=\"605\" height=\"855\" srcset=\"http:\/\/szakrendelo-sarkad.hu\/efi\/wp-content\/uploads\/sites\/2\/2021\/03\/2.jpg 605w, http:\/\/szakrendelo-sarkad.hu\/efi\/wp-content\/uploads\/sites\/2\/2021\/03\/2-212x300.jpg 212w\" sizes=\"auto, (max-width: 605px) 100vw, 605px\" \/><\/p>\n","protected":false},"excerpt":{"rendered":"<div class=\"entry-summary\">\n<div class=\"entry-summary\">\nTeend\u0151k Otthon ell\u00e1that\u00f3, orvosi vizsg\u00e1lat csak rosszabbod\u00e1s eset\u00e9n sz\u00fcks\u00e9ges 37,0 \u00b0C \u00e9s 38,0 \u00b0C k\u00f6z\u00f6tt nem l\u00e1zr\u00f3l, hanem&hellip;\n<\/div>\n<div class=\"link-more\"><a href=\"http:\/\/szakrendelo-sarkad.hu\/efi\/2021\/03\/09\/mit-tegyunk-ha-lazas-a-gyermek-lazbarat\/\" class=\"more-link\">Continue reading<span class=\"screen-reader-text\"> &ldquo;Mit tegy\u00fcnk, ha l\u00e1zas a gyermek? | L\u00e1zBar\u00e1t&rdquo;<\/span>&hellip;<\/a><\/div>\n<\/div>\n<div class=\"link-more\"><a href=\"http:\/\/szakrendelo-sarkad.hu\/efi\/2021\/03\/09\/mit-tegyunk-ha-lazas-a-gyermek-lazbarat\/\" class=\"more-link\">Continue reading<span class=\"screen-reader-text\"> &ldquo;Mit tegy\u00fcnk, ha l\u00e1zas a gyermek? | L\u00e1zBar\u00e1t&rdquo;<\/span>&hellip;<\/a><\/div>\n","protected":false},"author":1,"featured_media":7246,"comment_status":"closed","ping_status":"closed","sticky":false,"template":"","format":"standard","meta":{"ngg_post_thumbnail":0,"footnotes":""},"categories":[1],"tags":[],"class_list":["post-7244","post","type-post","status-publish","format-standard","has-post-thumbnail","hentry","category-egyeb","entry"],"_links":{"self":[{"href":"http:\/\/szakrendelo-sarkad.hu\/efi\/wp-json\/wp\/v2\/posts\/7244","targetHints":{"allow":["GET"]}}],"collection":[{"href":"http:\/\/szakrendelo-sarkad.hu\/efi\/wp-json\/wp\/v2\/posts"}],"about":[{"href":"http:\/\/szakrendelo-sarkad.hu\/efi\/wp-json\/wp\/v2\/types\/post"}],"author":[{"embeddable":true,"href":"http:\/\/szakrendelo-sarkad.hu\/efi\/wp-json\/wp\/v2\/users\/1"}],"replies":[{"embeddable":true,"href":"http:\/\/szakrendelo-sarkad.hu\/efi\/wp-json\/wp\/v2\/comments?post=7244"}],"version-history":[{"count":1,"href":"http:\/\/szakrendelo-sarkad.hu\/efi\/wp-json\/wp\/v2\/posts\/7244\/revisions"}],"predecessor-version":[{"id":7247,"href":"http:\/\/szakrendelo-sarkad.hu\/efi\/wp-json\/wp\/v2\/posts\/7244\/revisions\/7247"}],"wp:featuredmedia":[{"embeddable":true,"href":"http:\/\/szakrendelo-sarkad.hu\/efi\/wp-json\/wp\/v2\/media\/7246"}],"wp:attachment":[{"href":"http:\/\/szakrendelo-sarkad.hu\/efi\/wp-json\/wp\/v2\/media?parent=7244"}],"wp:term":[{"taxonomy":"category","embeddable":true,"href":"http:\/\/szakrendelo-sarkad.hu\/efi\/wp-json\/wp\/v2\/categories?post=7244"},{"taxonomy":"post_tag","embeddable":true,"href":"http:\/\/szakrendelo-sarkad.hu\/efi\/wp-json\/wp\/v2\/tags?post=7244"}],"curies":[{"name":"wp","href":"https:\/\/api.w.org\/{rel}","templated":true}]}}