{"id":7264,"date":"2021-03-28T16:25:53","date_gmt":"2021-03-28T16:25:53","guid":{"rendered":"http:\/\/szakrendelo-sarkad.hu\/efi\/?p=7264"},"modified":"2021-03-28T16:26:16","modified_gmt":"2021-03-28T16:26:16","slug":"tuberculozis-elleni-kuzdelem-vilagnapja","status":"publish","type":"post","link":"http:\/\/szakrendelo-sarkad.hu\/efi\/2021\/03\/28\/tuberculozis-elleni-kuzdelem-vilagnapja\/","title":{"rendered":"Tubercul\u00f3zis elleni k\u00fczdelem Vil\u00e1gnapja"},"content":{"rendered":"<p>A WHO 1882. m\u00e1rcius 24-\u00e9t, a TBC k\u00f3rokoz\u00f3j\u00e1nak felfedez\u00e9s\u00e9nek napj\u00e1t, a betegs\u00e9g elleni k\u00fczdelem vil\u00e1gnapj\u00e1nak nyilv\u00e1n\u00edtotta.<br \/>\nA v\u00e9d\u0151olt\u00e1sok fontoss\u00e1g\u00e1t \u00e9s a megel\u0151z\u00e9sben bet\u00f6lt\u00f6tt szerep\u00fcket nagyszer\u0171en p\u00e9ld\u00e1zza, hogy a BCG olt\u00e1snak k\u00f6sz\u00f6nhet\u0151en Magyarorsz\u00e1gon jelent\u0151sen siker\u00fclt visszaszor\u00edtani egy olyan betegs\u00e9get, amely a t\u00f6rt\u00e9nelem sor\u00e1n az egyik legt\u00f6bb hal\u00e1lesetet okozta.<br \/>\nTov\u00e1bbi inform\u00e1ci\u00f3:<br \/>\n<a href=\"https:\/\/www.nnk.gov.hu\/index.php\/component\/content\/article\/11-foosztalyok\/1064-a-vedooltasok-mar-bizonyitottak?Itemid=1050\">https:\/\/www.nnk.gov.hu\/index.php\/component\/content\/article\/11-foosztalyok\/1064-a-vedooltasok-mar-bizonyitottak?Itemid=1050<\/a><\/p>\n<p><img loading=\"lazy\" decoding=\"async\" class=\"aligncenter size-full wp-image-7265\" src=\"http:\/\/szakrendelo-sarkad.hu\/efi\/wp-content\/uploads\/sites\/2\/2021\/03\/3.jpg\" alt=\"\" width=\"605\" height=\"397\" srcset=\"http:\/\/szakrendelo-sarkad.hu\/efi\/wp-content\/uploads\/sites\/2\/2021\/03\/3.jpg 605w, http:\/\/szakrendelo-sarkad.hu\/efi\/wp-content\/uploads\/sites\/2\/2021\/03\/3-300x197.jpg 300w\" sizes=\"auto, (max-width: 605px) 100vw, 605px\" \/><\/p>\n","protected":false},"excerpt":{"rendered":"<div class=\"entry-summary\">\n<div class=\"entry-summary\">\nA WHO 1882. m\u00e1rcius 24-\u00e9t, a TBC k\u00f3rokoz\u00f3j\u00e1nak felfedez\u00e9s\u00e9nek napj\u00e1t, a betegs\u00e9g elleni k\u00fczdelem vil\u00e1gnapj\u00e1nak nyilv\u00e1n\u00edtotta. A v\u00e9d\u0151olt\u00e1sok&hellip;\n<\/div>\n<div class=\"link-more\"><a href=\"http:\/\/szakrendelo-sarkad.hu\/efi\/2021\/03\/28\/tuberculozis-elleni-kuzdelem-vilagnapja\/\" class=\"more-link\">Continue reading<span class=\"screen-reader-text\"> &ldquo;Tubercul\u00f3zis elleni k\u00fczdelem Vil\u00e1gnapja&rdquo;<\/span>&hellip;<\/a><\/div>\n<\/div>\n<div class=\"link-more\"><a href=\"http:\/\/szakrendelo-sarkad.hu\/efi\/2021\/03\/28\/tuberculozis-elleni-kuzdelem-vilagnapja\/\" class=\"more-link\">Continue reading<span class=\"screen-reader-text\"> &ldquo;Tubercul\u00f3zis elleni k\u00fczdelem Vil\u00e1gnapja&rdquo;<\/span>&hellip;<\/a><\/div>\n","protected":false},"author":1,"featured_media":7265,"comment_status":"closed","ping_status":"closed","sticky":false,"template":"","format":"standard","meta":{"ngg_post_thumbnail":0,"footnotes":""},"categories":[1],"tags":[],"class_list":["post-7264","post","type-post","status-publish","format-standard","has-post-thumbnail","hentry","category-egyeb","entry"],"_links":{"self":[{"href":"http:\/\/szakrendelo-sarkad.hu\/efi\/wp-json\/wp\/v2\/posts\/7264","targetHints":{"allow":["GET"]}}],"collection":[{"href":"http:\/\/szakrendelo-sarkad.hu\/efi\/wp-json\/wp\/v2\/posts"}],"about":[{"href":"http:\/\/szakrendelo-sarkad.hu\/efi\/wp-json\/wp\/v2\/types\/post"}],"author":[{"embeddable":true,"href":"http:\/\/szakrendelo-sarkad.hu\/efi\/wp-json\/wp\/v2\/users\/1"}],"replies":[{"embeddable":true,"href":"http:\/\/szakrendelo-sarkad.hu\/efi\/wp-json\/wp\/v2\/comments?post=7264"}],"version-history":[{"count":1,"href":"http:\/\/szakrendelo-sarkad.hu\/efi\/wp-json\/wp\/v2\/posts\/7264\/revisions"}],"predecessor-version":[{"id":7266,"href":"http:\/\/szakrendelo-sarkad.hu\/efi\/wp-json\/wp\/v2\/posts\/7264\/revisions\/7266"}],"wp:featuredmedia":[{"embeddable":true,"href":"http:\/\/szakrendelo-sarkad.hu\/efi\/wp-json\/wp\/v2\/media\/7265"}],"wp:attachment":[{"href":"http:\/\/szakrendelo-sarkad.hu\/efi\/wp-json\/wp\/v2\/media?parent=7264"}],"wp:term":[{"taxonomy":"category","embeddable":true,"href":"http:\/\/szakrendelo-sarkad.hu\/efi\/wp-json\/wp\/v2\/categories?post=7264"},{"taxonomy":"post_tag","embeddable":true,"href":"http:\/\/szakrendelo-sarkad.hu\/efi\/wp-json\/wp\/v2\/tags?post=7264"}],"curies":[{"name":"wp","href":"https:\/\/api.w.org\/{rel}","templated":true}]}}