{"id":7267,"date":"2021-03-28T16:28:41","date_gmt":"2021-03-28T16:28:41","guid":{"rendered":"http:\/\/szakrendelo-sarkad.hu\/efi\/?p=7267"},"modified":"2021-03-28T16:28:41","modified_gmt":"2021-03-28T16:28:41","slug":"teriteken-az-egeszseg-magyar-dietetikusok-orszagos-szovetsege-2","status":"publish","type":"post","link":"http:\/\/szakrendelo-sarkad.hu\/efi\/2021\/03\/28\/teriteken-az-egeszseg-magyar-dietetikusok-orszagos-szovetsege-2\/","title":{"rendered":"TER\u00cdT\u00c9KEN AZ EG\u00c9SZS\u00c9G! &#8211; Magyar Dietetikusok Orsz\u00e1gos Sz\u00f6vets\u00e9ge"},"content":{"rendered":"<p>\u201eKapcsolj le, de tartsd nyitva a szemed!\u201d\ud83d\udc40<br \/>\naz idei F\u00f6ld \u00f3r\u00e1ja&nbsp;\ud83c\udf0djelmondata felh\u00edvja a figyelmet, hogy a szimbolikus 60 perces s\u00f6t\u00e9ts\u00e9g mellett a hangs\u00faly a term\u00e9szeti \u00e9rt\u00e9keken \u00e9s azok meg\u00f3v\u00e1s\u00e1n, ezzel egy\u00fctt pedig a fenntarthat\u00f3 \u00e9letm\u00f3don van. M\u00e1rcius 27-\u00e9n helyi id\u0151 szerint 20:30-t\u00f3l 21:30-ig els\u00f6t\u00e9t\u00fcl t\u00f6bbek k\u00f6zt a p\u00e1rizsi Eiffel-torony, a San Francisco-i Golden Gate h\u00edd, a londoni Big Ben, a K\u00ednai nagy Fal, a New York-i Empire State Building, a Sydney-i Operah\u00e1z \u00e9s a vil\u00e1g sz\u00e1mos nagyv\u00e1ros\u00e1hoz hasonl\u00f3an Budapest legismertebb turista l\u00e1tv\u00e1nyoss\u00e1gai is.\ud83c\udf09\ud83c\udff0\ud83d\uddfc<br \/>\nRegisztr\u00e1lj egy\u00e9nk\u00e9nt a lenti linken, \u00e9s k\u00f6vesd a p\u00e9ld\u00e1t: m\u00e1rcius 27-\u00e9n 20:30-t\u00f3l egy \u00f3r\u00e1ra te is oltsd le a vil\u00e1g\u00edt\u00e1st, \u00e9s kapcsolj ki otthonodban minden elektronikus berendez\u00e9st, ezzel kifejezheted t\u00e1mogat\u00e1sodat term\u00e9szeti \u00e9rt\u00e9keink meg\u00f3v\u00e1s\u00e1\u00e9rt.<\/p>\n<p><a href=\"https:\/\/wwf.hu\/cselekedj\/foldoraja\/\">https:\/\/wwf.hu\/cselekedj\/foldoraja\/<\/a><\/p>\n<p><a href=\"https:\/\/hu-hu.facebook.com\/hashtag\/f%C3%B6ld%C3%B3r%C3%A1ja?__eep__=6&amp;epa=HASHTAG\">#f\u00f6ld\u00f3r\u00e1ja<\/a>&nbsp;<a href=\"https:\/\/hu-hu.facebook.com\/hashtag\/kapcsoljle?__eep__=6&amp;epa=HASHTAG\">#kapcsoljle<\/a>&nbsp;<a href=\"https:\/\/hu-hu.facebook.com\/hashtag\/f%C3%B6ld?__eep__=6&amp;epa=HASHTAG\">#f\u00f6ld<\/a><\/p>\n<p><img loading=\"lazy\" decoding=\"async\" class=\"aligncenter size-full wp-image-7268\" src=\"http:\/\/szakrendelo-sarkad.hu\/efi\/wp-content\/uploads\/sites\/2\/2021\/03\/4.jpg\" alt=\"\" width=\"388\" height=\"550\" srcset=\"http:\/\/szakrendelo-sarkad.hu\/efi\/wp-content\/uploads\/sites\/2\/2021\/03\/4.jpg 388w, http:\/\/szakrendelo-sarkad.hu\/efi\/wp-content\/uploads\/sites\/2\/2021\/03\/4-212x300.jpg 212w\" sizes=\"auto, (max-width: 388px) 100vw, 388px\" \/><\/p>\n","protected":false},"excerpt":{"rendered":"<div class=\"entry-summary\">\n<div class=\"entry-summary\">\n\u201eKapcsolj le, de tartsd nyitva a szemed!\u201d\ud83d\udc40 az idei F\u00f6ld \u00f3r\u00e1ja&nbsp;\ud83c\udf0djelmondata felh\u00edvja a figyelmet, hogy a szimbolikus 60&hellip;\n<\/div>\n<div class=\"link-more\"><a href=\"http:\/\/szakrendelo-sarkad.hu\/efi\/2021\/03\/28\/teriteken-az-egeszseg-magyar-dietetikusok-orszagos-szovetsege-2\/\" class=\"more-link\">Continue reading<span class=\"screen-reader-text\"> &ldquo;TER\u00cdT\u00c9KEN AZ EG\u00c9SZS\u00c9G! &#8211; Magyar Dietetikusok Orsz\u00e1gos Sz\u00f6vets\u00e9ge&rdquo;<\/span>&hellip;<\/a><\/div>\n<\/div>\n<div class=\"link-more\"><a href=\"http:\/\/szakrendelo-sarkad.hu\/efi\/2021\/03\/28\/teriteken-az-egeszseg-magyar-dietetikusok-orszagos-szovetsege-2\/\" class=\"more-link\">Continue reading<span class=\"screen-reader-text\"> &ldquo;TER\u00cdT\u00c9KEN AZ EG\u00c9SZS\u00c9G! &#8211; Magyar Dietetikusok Orsz\u00e1gos Sz\u00f6vets\u00e9ge&rdquo;<\/span>&hellip;<\/a><\/div>\n","protected":false},"author":1,"featured_media":7268,"comment_status":"closed","ping_status":"closed","sticky":false,"template":"","format":"standard","meta":{"ngg_post_thumbnail":0,"footnotes":""},"categories":[1],"tags":[],"class_list":["post-7267","post","type-post","status-publish","format-standard","has-post-thumbnail","hentry","category-egyeb","entry"],"_links":{"self":[{"href":"http:\/\/szakrendelo-sarkad.hu\/efi\/wp-json\/wp\/v2\/posts\/7267","targetHints":{"allow":["GET"]}}],"collection":[{"href":"http:\/\/szakrendelo-sarkad.hu\/efi\/wp-json\/wp\/v2\/posts"}],"about":[{"href":"http:\/\/szakrendelo-sarkad.hu\/efi\/wp-json\/wp\/v2\/types\/post"}],"author":[{"embeddable":true,"href":"http:\/\/szakrendelo-sarkad.hu\/efi\/wp-json\/wp\/v2\/users\/1"}],"replies":[{"embeddable":true,"href":"http:\/\/szakrendelo-sarkad.hu\/efi\/wp-json\/wp\/v2\/comments?post=7267"}],"version-history":[{"count":1,"href":"http:\/\/szakrendelo-sarkad.hu\/efi\/wp-json\/wp\/v2\/posts\/7267\/revisions"}],"predecessor-version":[{"id":7269,"href":"http:\/\/szakrendelo-sarkad.hu\/efi\/wp-json\/wp\/v2\/posts\/7267\/revisions\/7269"}],"wp:featuredmedia":[{"embeddable":true,"href":"http:\/\/szakrendelo-sarkad.hu\/efi\/wp-json\/wp\/v2\/media\/7268"}],"wp:attachment":[{"href":"http:\/\/szakrendelo-sarkad.hu\/efi\/wp-json\/wp\/v2\/media?parent=7267"}],"wp:term":[{"taxonomy":"category","embeddable":true,"href":"http:\/\/szakrendelo-sarkad.hu\/efi\/wp-json\/wp\/v2\/categories?post=7267"},{"taxonomy":"post_tag","embeddable":true,"href":"http:\/\/szakrendelo-sarkad.hu\/efi\/wp-json\/wp\/v2\/tags?post=7267"}],"curies":[{"name":"wp","href":"https:\/\/api.w.org\/{rel}","templated":true}]}}