{"id":7270,"date":"2021-04-01T11:45:19","date_gmt":"2021-04-01T11:45:19","guid":{"rendered":"http:\/\/szakrendelo-sarkad.hu\/efi\/?p=7270"},"modified":"2021-04-01T11:45:19","modified_gmt":"2021-04-01T11:45:19","slug":"teriteken-az-egeszseg-hogyan-hat-a-karantenidoszak-az-iskolas-gyermekekre","status":"publish","type":"post","link":"http:\/\/szakrendelo-sarkad.hu\/efi\/2021\/04\/01\/teriteken-az-egeszseg-hogyan-hat-a-karantenidoszak-az-iskolas-gyermekekre\/","title":{"rendered":"TER\u00cdT\u00c9KEN AZ EG\u00c9SZS\u00c9G! &#8211; Hogyan hat a karant\u00e9nid\u0151szak az iskol\u00e1s gyermekekre?"},"content":{"rendered":"<p>A Magyar Dietetikusok Orsz\u00e1gos Sz\u00f6vets\u00e9ge k\u00f6zel n\u00e9gysz\u00e1z csal\u00e1d megk\u00e9rdez\u00e9s\u00e9vel felm\u00e9rte, hogy 2020 tavasz\u00e1n a koronav\u00edrus miatti megszor\u00edt\u00e1sok \u00e9s az int\u00e9zm\u00e9nybez\u00e1r\u00e1s milyen v\u00e1ltoz\u00e1sokat okoztak az \u00e1ltal\u00e1nos iskol\u00e1s gyermekek \u00e9let\u00e9ben.\ud83d\udd0e<br \/>\n\ud83c\udfc3A legnagyobb probl\u00e9m\u00e1t a mozg\u00e1s hi\u00e1nya jelentette, 64%-uk j\u00f3val kevesebbet mozgott, mint kor\u00e1bban.<br \/>\n\ud83d\udca4A gyerekek 60%-a t\u00f6bbet aludt, mint szokott.<br \/>\n\ud83c\udf5d40%-uk t\u00f6bbet evett, emiatt n\u00e9mi plusz kil\u00f3t is szedett mag\u00e1ra. Ugyanakkor pozit\u00edvumnak tekinthet\u0151, hogy az \u00e9tkez\u00e9sek rendszeresebbekk\u00e9 v\u00e1ltak \u00e9s t\u00f6bb, friss alapanyagb\u00f3l elk\u00e9sz\u00edtett f\u0151tt \u00e9tel ker\u00fclt a csal\u00e1dok asztal\u00e1ra. \ud83e\udd66\ud83e\uddc0\ud83c\udf46\ud83c\udf5e\ud83c\udf45\ud83e\udd5a\ud83e\udd52<\/p>\n<p>A tavaszi karant\u00e9n ideje alatt, kipr\u00f3b\u00e1ltatok \u00faj eg\u00e9szs\u00e9ges fog\u00e1sokat, \u00e9teleket? Ha igen \u00edrj\u00e1tok meg nek\u00fcnk mik voltak azok!<\/p>\n<p>#karant\u00e9n #mdosz #gyerekek<\/p>\n<p><img loading=\"lazy\" decoding=\"async\" class=\"aligncenter size-full wp-image-7271\" src=\"http:\/\/szakrendelo-sarkad.hu\/efi\/wp-content\/uploads\/sites\/2\/2021\/04\/1.jpg\" alt=\"\" width=\"630\" height=\"507\" srcset=\"http:\/\/szakrendelo-sarkad.hu\/efi\/wp-content\/uploads\/sites\/2\/2021\/04\/1.jpg 630w, http:\/\/szakrendelo-sarkad.hu\/efi\/wp-content\/uploads\/sites\/2\/2021\/04\/1-300x241.jpg 300w\" sizes=\"auto, (max-width: 630px) 100vw, 630px\" \/><\/p>\n","protected":false},"excerpt":{"rendered":"<div class=\"entry-summary\">\n<div class=\"entry-summary\">\nA Magyar Dietetikusok Orsz\u00e1gos Sz\u00f6vets\u00e9ge k\u00f6zel n\u00e9gysz\u00e1z csal\u00e1d megk\u00e9rdez\u00e9s\u00e9vel felm\u00e9rte, hogy 2020 tavasz\u00e1n a koronav\u00edrus miatti megszor\u00edt\u00e1sok \u00e9s&hellip;\n<\/div>\n<div class=\"link-more\"><a href=\"http:\/\/szakrendelo-sarkad.hu\/efi\/2021\/04\/01\/teriteken-az-egeszseg-hogyan-hat-a-karantenidoszak-az-iskolas-gyermekekre\/\" class=\"more-link\">Continue reading<span class=\"screen-reader-text\"> &ldquo;TER\u00cdT\u00c9KEN AZ EG\u00c9SZS\u00c9G! &#8211; Hogyan hat a karant\u00e9nid\u0151szak az iskol\u00e1s gyermekekre?&rdquo;<\/span>&hellip;<\/a><\/div>\n<\/div>\n<div class=\"link-more\"><a href=\"http:\/\/szakrendelo-sarkad.hu\/efi\/2021\/04\/01\/teriteken-az-egeszseg-hogyan-hat-a-karantenidoszak-az-iskolas-gyermekekre\/\" class=\"more-link\">Continue reading<span class=\"screen-reader-text\"> &ldquo;TER\u00cdT\u00c9KEN AZ EG\u00c9SZS\u00c9G! &#8211; Hogyan hat a karant\u00e9nid\u0151szak az iskol\u00e1s gyermekekre?&rdquo;<\/span>&hellip;<\/a><\/div>\n","protected":false},"author":1,"featured_media":7271,"comment_status":"closed","ping_status":"closed","sticky":false,"template":"","format":"standard","meta":{"ngg_post_thumbnail":0,"footnotes":""},"categories":[1],"tags":[],"class_list":["post-7270","post","type-post","status-publish","format-standard","has-post-thumbnail","hentry","category-egyeb","entry"],"_links":{"self":[{"href":"http:\/\/szakrendelo-sarkad.hu\/efi\/wp-json\/wp\/v2\/posts\/7270","targetHints":{"allow":["GET"]}}],"collection":[{"href":"http:\/\/szakrendelo-sarkad.hu\/efi\/wp-json\/wp\/v2\/posts"}],"about":[{"href":"http:\/\/szakrendelo-sarkad.hu\/efi\/wp-json\/wp\/v2\/types\/post"}],"author":[{"embeddable":true,"href":"http:\/\/szakrendelo-sarkad.hu\/efi\/wp-json\/wp\/v2\/users\/1"}],"replies":[{"embeddable":true,"href":"http:\/\/szakrendelo-sarkad.hu\/efi\/wp-json\/wp\/v2\/comments?post=7270"}],"version-history":[{"count":2,"href":"http:\/\/szakrendelo-sarkad.hu\/efi\/wp-json\/wp\/v2\/posts\/7270\/revisions"}],"predecessor-version":[{"id":7273,"href":"http:\/\/szakrendelo-sarkad.hu\/efi\/wp-json\/wp\/v2\/posts\/7270\/revisions\/7273"}],"wp:featuredmedia":[{"embeddable":true,"href":"http:\/\/szakrendelo-sarkad.hu\/efi\/wp-json\/wp\/v2\/media\/7271"}],"wp:attachment":[{"href":"http:\/\/szakrendelo-sarkad.hu\/efi\/wp-json\/wp\/v2\/media?parent=7270"}],"wp:term":[{"taxonomy":"category","embeddable":true,"href":"http:\/\/szakrendelo-sarkad.hu\/efi\/wp-json\/wp\/v2\/categories?post=7270"},{"taxonomy":"post_tag","embeddable":true,"href":"http:\/\/szakrendelo-sarkad.hu\/efi\/wp-json\/wp\/v2\/tags?post=7270"}],"curies":[{"name":"wp","href":"https:\/\/api.w.org\/{rel}","templated":true}]}}