{"id":7293,"date":"2021-04-09T11:28:13","date_gmt":"2021-04-09T11:28:13","guid":{"rendered":"http:\/\/szakrendelo-sarkad.hu\/efi\/?p=7293"},"modified":"2021-04-09T11:28:13","modified_gmt":"2021-04-09T11:28:13","slug":"nemzeti-rakellenes-nap-covid-idejen-se-alljunk-meg","status":"publish","type":"post","link":"http:\/\/szakrendelo-sarkad.hu\/efi\/2021\/04\/09\/nemzeti-rakellenes-nap-covid-idejen-se-alljunk-meg\/","title":{"rendered":"Nemzeti R\u00e1kellenes Nap: Covid idej\u00e9n se \u00e1lljunk meg!"},"content":{"rendered":"<p>A legfrissebb nemzetk\u00f6zi adatok szerint a 2020-as lez\u00e1r\u00e1sok alatt 40%-al cs\u00f6kkent a diagnosztiz\u00e1lt r\u00e1kos esetek sz\u00e1ma.<\/p>\n<p>Magyarorsz\u00e1gon 1993. \u00f3ta \u00e1prilis 10-e a Nemzeti R\u00e1kellenes Nap, melynek szervez\u0151je a kezdetekt\u0151l a <strong>Magyar R\u00e1kellenes Liga<\/strong>. (A d\u00e1tum a hazai r\u00e1kkutat\u00e1s \u00fatt\u00f6r\u0151j\u00e9nek \u00e9s az Orsz\u00e1gos R\u00e1kbizotts\u00e1g megalak\u00edt\u00f3j\u00e1nak, <strong><em>dr. Dollinger Gyul\u00e1nak<\/em><\/strong> a sz\u00fclet\u00e9snapja.)<\/p>\n<p>Az idei esem\u00e9ny szomor\u00fa aprop\u00f3ja a t\u00f6bb, mint egy \u00e9ve tart\u00f3 j\u00e1rv\u00e1nyhelyzet, ami komoly neh\u00e9zs\u00e9geket okoz az eg\u00e9szs\u00e9g\u00fcgyi ell\u00e1t\u00e1sban. K\u00fcl\u00f6n\u00f6sen igaz ez az eg\u00e9szs\u00e9g\u00fcgyi ell\u00e1t\u00e1sra szorul\u00f3kra, azon bel\u00fcl is a daganatos betegs\u00e9ggel k\u00fczd\u0151kre.<\/p>\n<p>A pand\u00e9mi\u00e1t megel\u0151z\u0151en a daganatos betegs\u00e9gek egyes t\u00edpusain\u00e1l <strong><em>a hal\u00e1loz\u00e1si ar\u00e1ny stabiliz\u00e1l\u00f3dott vagy \u00e9ppen cs\u00f6kkenni kezdett<\/em><\/strong>. A daganatos betegek ell\u00e1t\u00e1sa javult \u00e9s egyre t\u00f6bb kezel\u00e9s v\u00e1lt el\u00e9rhet\u0151v\u00e9, illetve a betegek is egyre nagyobb figyelmet ford\u00edtottak a megel\u0151z\u00e9sre \u00e9s sz\u0171r\u00e9sekre. A j\u00e1rv\u00e1ny azonban vil\u00e1gszerte s\u00falyosan h\u00e1tr\u00e1ltatta (h\u00e1tr\u00e1ltatja) a daganatos betegs\u00e9gek felder\u00edt\u00e9s\u00e9t \u00e9s megnehez\u00edtette, k\u00e9sleltette a kezel\u00e9seket. Egy most megjelent tanulm\u00e1ny szerint egy megvizsg\u00e1lt olasz tartom\u00e1nyban <strong>a 2020-as lez\u00e1r\u00e1sok alatt 40%-kal cs\u00f6kkent a r\u00e1kdiagn\u00f3zisok sz\u00e1ma<\/strong> a 2018-19. \u00e9vekben m\u00e9rtekhez k\u00e9pest. A legnagyobb cs\u00f6kken\u00e9st a prosztata, a h\u00f3lyag \u00e9s a vastagb\u00e9l daganatok eset\u00e9ben tapasztaltak, \u00e9s ez sajnos nem azt jelenti, hogy megbeteged\u00e9sek sz\u00e1ma ennyivel cs\u00f6kkent volna.<\/p>\n<p>A <em>British Medical Journal<\/em> foly\u00f3iratban nemr\u00e9giben megjelent tanulm\u00e1ny kimutatta, hogy <strong>a daganatos betegs\u00e9gek kezel\u00e9s\u00e9nek m\u00e1r 4 h\u00e9ttel t\u00f6rt\u00e9n\u0151 k\u00e9s\u00e9se is bizony\u00edthat\u00f3an n\u00f6veli a hal\u00e1loz\u00e1st!<\/strong> A kutat\u00f3k \u00f6sszesen t\u00f6bb mint 1,2 milli\u00f3 beteget \u00e9rint\u0151, 34 tanulm\u00e1ny megvizsg\u00e1l\u00e1s\u00e1val meg\u00e1llap\u00edtott\u00e1k, hogy legal\u00e1bb 13 daganatkezel\u00e9s t\u00edpusn\u00e1l, minden 4 hetes k\u00e9sleked\u00e9s, \u00e1tlagosan 6-8 sz\u00e1zal\u00e9kos hal\u00e1loz\u00e1s n\u00f6veked\u00e9ssel j\u00e1r, de pl. a m\u00e9hnyakr\u00e1k adjuv\u00e1ns sug\u00e1rter\u00e1pi\u00e1j\u00e1nak 4 hetes k\u00e9s\u00e9se 23%-al n\u00f6veli a mortalit\u00e1st!<\/p>\n<p>R\u00e9szben a fenti, elkeser\u00edt\u0151 adatokra is v\u00e1laszul az <strong>Eur\u00f3pai R\u00e1kbetegek Sz\u00f6vets\u00e9ge (European Cancer Patient Coalition)<\/strong> 3 pontban fogalmazta meg, hogy a daganatos betegek helyzet\u00e9nek jav\u00edt\u00e1sa \u00e9rdek\u00e9ben a korm\u00e1nyoknak mit kell megtenni\u00fck:<\/p>\n<ol>\n<li><em>Gondoskodjanak arr\u00f3l, hogy a betegek biztons\u00e1gosan hozz\u00e1f\u00e9rhessenek a diagn\u00f3zishoz \u00e9s a kezel\u00e9shez.<\/em><\/li>\n<li><em>Hat\u00e1rozz\u00e1k meg a j\u00e1rv\u00e1ny daganatos ell\u00e1t\u00e1sra gyakorolt hat\u00e1sait, \u00e9s v\u00e1ltoztassanak \u00fagy, hogy ezek a k\u00e1rok enyh\u00fcljenek. <\/em><\/li>\n<li><em>Hossz\u00fat\u00e1von biztos\u00edts\u00e1k az er\u0151forr\u00e1sokat a megfelel\u0151 \u00e9s biztons\u00e1gos ell\u00e1t\u00e1sokra.<\/em><\/li>\n<\/ol>\n<p>A kezdem\u00e9nyez\u00e9st eddig m\u00e1r t\u00f6bb mint 240 szervezet t\u00e1mogatta al\u00e1\u00edr\u00e1s\u00e1val, k\u00f6zt\u00fck a Magyar R\u00e1kellenes Liga is, az Eur\u00f3pai R\u00e1kbetegek Sz\u00f6vets\u00e9g\u00e9nek tagja.<\/p>\n<p>Ami az egy\u00e9ni felel\u0151ss\u00e9gv\u00e1llal\u00e1st illeti, az <strong>Eur\u00f3pai R\u00e1kellenes K\u00f3dex<\/strong> seg\u00edt nek\u00fcnk abban, mit tehet\u00fcnk a kock\u00e1zat cs\u00f6kkent\u00e9s\u00e9\u00e9rt. A mostani helyzet\u00fcnkben ennek <strong><em>a legmegval\u00f3s\u00edthat\u00f3bb form\u00e1ja a mozg\u00e1s<\/em><\/strong>.<\/p>\n<p>A Liga t\u00f6bb pand\u00e9mia-kompatibilis kezdem\u00e9nyez\u00e9ssel is k\u00e9sz\u00fcl \u00e1prilis 10-\u00e9re. <strong>30 perces \u201ek\u00f6z\u00f6s\u201d mozg\u00e1sra<\/strong> \u2013 s\u00e9t\u00e1l\u00e1sra, fut\u00e1sra, kir\u00e1ndul\u00e1sra, rollerez\u00e9sre, t\u00e1ncra, ker\u00e9kp\u00e1roz\u00e1sra vagy egy\u00e9b mozg\u00e1sra \u2013 <strong>invit\u00e1lnak mindenkit<\/strong>. Az esem\u00e9nyre mindenkit v\u00e1rnak, aki t\u00e1mogatni szeretn\u00e9 r\u00e1kellenes programjaikat, a 30 perc mozg\u00e1s 2020. \u00e1prilis 10-\u00e9n, szombaton, napk\u00f6zben b\u00e1rmikor teljes\u00edthet\u0151. Annyit k\u00e9rnek csup\u00e1n, hogy mindenki egyed\u00fcl, vagy csak a vele egy h\u00e1ztart\u00e1sban \u00e9l\u0151kkel induljon \u00fatnak a j\u00e1rv\u00e1ny\u00fcgyi aj\u00e1nl\u00e1sok figyelembev\u00e9tel\u00e9vel. M\u00e1sfel\u0151l k\u00e9rnek mindenkit, hogy regisztr\u00e1ljon, \u00e9s tudassa, hogy ki(k)\u00e9rt s\u00e9t\u00e1l, mozog!<\/p>\n<p>Az ingyenes regisztr\u00e1ci\u00f3 itt \u00e9rhet\u0151 el: <a title=\"a hely megnyit\u00e1sa\" href=\"https:\/\/forms.gle\/qwPgkrHGeGn4TWuh8\" target=\"_blank\" rel=\"noopener\">https:\/\/forms.gle\/qwPgkrHGeGn4TWuh8<\/a><\/p>\n<p>Az idei Nemzeti R\u00e1kellenes Napon ism\u00e9t sor ker\u00fcl a \u201ehagyom\u00e1nyos\u201d <strong>betegt\u00e1j\u00e9koztat\u00f3 el\u0151ad\u00e1sra, <\/strong>ez\u00fattal (ism\u00e9t) egy online interakt\u00edv esem\u00e9ny form\u00e1j\u00e1ban. A fej-nyaki daganatokr\u00f3l, tart el\u0151ad\u00e1st <strong><em>dr. med. habil. Karosi Tam\u00e1s PhD<\/em><\/strong> c. egyetemi docens, oszt\u00e1lyvezet\u0151 f\u0151orvos, oktat\u00e1si-, kutat\u00e1si- \u00e9s tudom\u00e1nyos igazgat\u00f3, aki a felmer\u00fcl\u0151 k\u00e9rd\u00e9sekre is sz\u00edvesen v\u00e1laszol. Az el\u0151ad\u00e1son t\u00f6rt\u00e9n\u0151 r\u00e9szv\u00e9telhez el\u0151zetes regisztr\u00e1ci\u00f3 sz\u00fcks\u00e9ges, melyet a k\u00f6vetkez\u0151 linken tehetnek meg:<\/p>\n<p><a title=\"a hely megnyit\u00e1sa\" href=\"https:\/\/rakliga.hu\/blog\/2021\/03\/25\/dr-med-habil-karosi-tamas-phd-fej-nyaki-daganatok-elofordulasa-megelozese-kezelese\/?fbclid=IwAR0NXQHjKaHFXjesZWVY1_3-1Jmhz8Fg5b3Huc3q487wiUO6-G7VrUu2rCI\" target=\"_blank\" rel=\"noopener\">https:\/\/rakliga.hu\/blog\/2021\/03\/25\/dr-med-habil-karosi-tamas-phd-fej-nyaki-daganatok-elofordulasa-megelozese-kezelese\/?fbclid=IwAR0NXQHjKaHFXjesZWVY1_3-1Jmhz8Fg5b3Huc3q487wiUO6-G7VrUu2rCI<\/a><\/p>\n<p>A <strong>Magyar R\u00e1kellenes Liga G\u00f6d\u00f6ll\u0151i Alapszervezete<\/strong> kezdem\u00e9nyez\u00e9s\u00e9re <strong><em>online j\u00f3t\u00e9konys\u00e1gi edz\u00e9sekre<\/em><\/strong> is sor ker\u00fcl. A kezdem\u00e9nyez\u00e9ssel orsz\u00e1gszerte min\u00e9l t\u00f6bbeket szeretn\u00e9nek r\u00e1venni arra, hogy otthoni, biztons\u00e1gos k\u00f6r\u00fclm\u00e9nyek k\u00f6z\u00f6tt rendszeresen eddzenek szakszer\u0171 szakmai seg\u00edts\u00e9ggel \u00fagy, hogy egy-egy edz\u00e9s\u00fckkel saj\u00e1t eg\u00e9szs\u00e9gv\u00e9delm\u00fck mellett m\u00e1sokon is seg\u00edtsenek. A Liga kiemelten fontos feladatnak tartja a G\u00f6d\u00f6ll\u0151i Alapszervezet \u00e1ltal v\u00e9gzett, a r\u00e1k megel\u0151z\u00e9s\u00e9re ir\u00e1nyul\u00f3 ifj\u00fas\u00e1gi felvil\u00e1gos\u00edt\u00f3 munk\u00e1t, amellyel m\u00e1r nagyon kor\u00e1n megismerkedhetnek a fiatalok a r\u00e1kbetegs\u00e9g jeleinek felismer\u00e9s\u00e9vel, megel\u0151z\u00e9s\u00e9vel, az eg\u00e9szs\u00e9ges \u00e9letm\u00f3d \u00e9s a rendszeres sz\u0171r\u0151vizsg\u00e1latok fontoss\u00e1g\u00e1val.<\/p>\n<p>Az esem\u00e9ny facebook oldala: <a title=\"a hely megnyit\u00e1sa\" href=\"https:\/\/www.facebook.com\/events\/444233199986331\" target=\"_blank\" rel=\"noopener\">https:\/\/www.facebook.com\/events\/444233199986331<\/a><\/p>\n<p>(Forr\u00e1s: http:\/\/medicalonline.hu\/cikk\/nemzeti_rakellenes_nap__covid_idejen_se_alljunk_meg)<\/p>\n<p>&nbsp;<\/p>\n","protected":false},"excerpt":{"rendered":"<div class=\"entry-summary\">\n<div class=\"entry-summary\">\nA legfrissebb nemzetk\u00f6zi adatok szerint a 2020-as lez\u00e1r\u00e1sok alatt 40%-al cs\u00f6kkent a diagnosztiz\u00e1lt r\u00e1kos esetek sz\u00e1ma. Magyarorsz\u00e1gon 1993.&hellip;\n<\/div>\n<div class=\"link-more\"><a href=\"http:\/\/szakrendelo-sarkad.hu\/efi\/2021\/04\/09\/nemzeti-rakellenes-nap-covid-idejen-se-alljunk-meg\/\" class=\"more-link\">Continue reading<span class=\"screen-reader-text\"> &ldquo;Nemzeti R\u00e1kellenes Nap: Covid idej\u00e9n se \u00e1lljunk meg!&rdquo;<\/span>&hellip;<\/a><\/div>\n<\/div>\n<div class=\"link-more\"><a href=\"http:\/\/szakrendelo-sarkad.hu\/efi\/2021\/04\/09\/nemzeti-rakellenes-nap-covid-idejen-se-alljunk-meg\/\" class=\"more-link\">Continue reading<span class=\"screen-reader-text\"> &ldquo;Nemzeti R\u00e1kellenes Nap: Covid idej\u00e9n se \u00e1lljunk meg!&rdquo;<\/span>&hellip;<\/a><\/div>\n","protected":false},"author":1,"featured_media":7294,"comment_status":"closed","ping_status":"closed","sticky":false,"template":"","format":"standard","meta":{"ngg_post_thumbnail":0,"footnotes":""},"categories":[1],"tags":[],"class_list":["post-7293","post","type-post","status-publish","format-standard","has-post-thumbnail","hentry","category-egyeb","entry"],"_links":{"self":[{"href":"http:\/\/szakrendelo-sarkad.hu\/efi\/wp-json\/wp\/v2\/posts\/7293","targetHints":{"allow":["GET"]}}],"collection":[{"href":"http:\/\/szakrendelo-sarkad.hu\/efi\/wp-json\/wp\/v2\/posts"}],"about":[{"href":"http:\/\/szakrendelo-sarkad.hu\/efi\/wp-json\/wp\/v2\/types\/post"}],"author":[{"embeddable":true,"href":"http:\/\/szakrendelo-sarkad.hu\/efi\/wp-json\/wp\/v2\/users\/1"}],"replies":[{"embeddable":true,"href":"http:\/\/szakrendelo-sarkad.hu\/efi\/wp-json\/wp\/v2\/comments?post=7293"}],"version-history":[{"count":1,"href":"http:\/\/szakrendelo-sarkad.hu\/efi\/wp-json\/wp\/v2\/posts\/7293\/revisions"}],"predecessor-version":[{"id":7295,"href":"http:\/\/szakrendelo-sarkad.hu\/efi\/wp-json\/wp\/v2\/posts\/7293\/revisions\/7295"}],"wp:featuredmedia":[{"embeddable":true,"href":"http:\/\/szakrendelo-sarkad.hu\/efi\/wp-json\/wp\/v2\/media\/7294"}],"wp:attachment":[{"href":"http:\/\/szakrendelo-sarkad.hu\/efi\/wp-json\/wp\/v2\/media?parent=7293"}],"wp:term":[{"taxonomy":"category","embeddable":true,"href":"http:\/\/szakrendelo-sarkad.hu\/efi\/wp-json\/wp\/v2\/categories?post=7293"},{"taxonomy":"post_tag","embeddable":true,"href":"http:\/\/szakrendelo-sarkad.hu\/efi\/wp-json\/wp\/v2\/tags?post=7293"}],"curies":[{"name":"wp","href":"https:\/\/api.w.org\/{rel}","templated":true}]}}