{"id":7309,"date":"2021-04-19T12:52:33","date_gmt":"2021-04-19T12:52:33","guid":{"rendered":"http:\/\/szakrendelo-sarkad.hu\/efi\/?p=7309"},"modified":"2021-04-19T12:52:33","modified_gmt":"2021-04-19T12:52:33","slug":"teriteken-az-egeszseg-magyar-dietetikusok-orszagos-szovetsege-4","status":"publish","type":"post","link":"http:\/\/szakrendelo-sarkad.hu\/efi\/2021\/04\/19\/teriteken-az-egeszseg-magyar-dietetikusok-orszagos-szovetsege-4\/","title":{"rendered":"TER\u00cdT\u00c9KEN AZ EG\u00c9SZS\u00c9G! &#8211; Magyar Dietetikusok Orsz\u00e1gos Sz\u00f6vets\u00e9ge"},"content":{"rendered":"<p style=\"text-align: center;\">Neked mik a kedvenc magyaros \u00e9teleid\u2753\ufe0f<\/p>\n<p>A magyaros konyh\u00e1nak vannak olyan fog\u00e1sai amelyek gyakrabban, vannak amelyek ritk\u00e1bban ugyan, de beilleszthet\u0151k az eg\u00e9szs\u00e9ges, vegyes t\u00e1pl\u00e1lkoz\u00e1sba.&nbsp;\ud83c\udf72&nbsp;Elindult a&nbsp;<a href=\"http:\/\/www.miteszikazorszag.hu\/\">www.miteszikazorszag.hu<\/a> oldal , ahol egy nagy gasztrofelm\u00e9r\u00e9s keret\u00e9ben te is szavazhatsz m\u00e1jus 11-ig kedvenc magyaros levesedre, egyt\u00e1l\u00e9teledre, vagy \u00e9ppen desszertedre!<\/p>\n<p><img loading=\"lazy\" decoding=\"async\" class=\"aligncenter size-full wp-image-7310\" src=\"http:\/\/szakrendelo-sarkad.hu\/efi\/wp-content\/uploads\/sites\/2\/2021\/04\/1.png\" alt=\"\" width=\"609\" height=\"511\" srcset=\"http:\/\/szakrendelo-sarkad.hu\/efi\/wp-content\/uploads\/sites\/2\/2021\/04\/1.png 609w, http:\/\/szakrendelo-sarkad.hu\/efi\/wp-content\/uploads\/sites\/2\/2021\/04\/1-300x252.png 300w\" sizes=\"auto, (max-width: 609px) 100vw, 609px\" \/><\/p>\n","protected":false},"excerpt":{"rendered":"<div class=\"entry-summary\">\n<div class=\"entry-summary\">\nNeked mik a kedvenc magyaros \u00e9teleid\u2753\ufe0f A magyaros konyh\u00e1nak vannak olyan fog\u00e1sai amelyek gyakrabban, vannak amelyek ritk\u00e1bban ugyan,&hellip;\n<\/div>\n<div class=\"link-more\"><a href=\"http:\/\/szakrendelo-sarkad.hu\/efi\/2021\/04\/19\/teriteken-az-egeszseg-magyar-dietetikusok-orszagos-szovetsege-4\/\" class=\"more-link\">Continue reading<span class=\"screen-reader-text\"> &ldquo;TER\u00cdT\u00c9KEN AZ EG\u00c9SZS\u00c9G! &#8211; Magyar Dietetikusok Orsz\u00e1gos Sz\u00f6vets\u00e9ge&rdquo;<\/span>&hellip;<\/a><\/div>\n<\/div>\n<div class=\"link-more\"><a href=\"http:\/\/szakrendelo-sarkad.hu\/efi\/2021\/04\/19\/teriteken-az-egeszseg-magyar-dietetikusok-orszagos-szovetsege-4\/\" class=\"more-link\">Continue reading<span class=\"screen-reader-text\"> &ldquo;TER\u00cdT\u00c9KEN AZ EG\u00c9SZS\u00c9G! &#8211; Magyar Dietetikusok Orsz\u00e1gos Sz\u00f6vets\u00e9ge&rdquo;<\/span>&hellip;<\/a><\/div>\n","protected":false},"author":1,"featured_media":7310,"comment_status":"closed","ping_status":"closed","sticky":false,"template":"","format":"standard","meta":{"ngg_post_thumbnail":0,"footnotes":""},"categories":[1],"tags":[],"class_list":["post-7309","post","type-post","status-publish","format-standard","has-post-thumbnail","hentry","category-egyeb","entry"],"_links":{"self":[{"href":"http:\/\/szakrendelo-sarkad.hu\/efi\/wp-json\/wp\/v2\/posts\/7309","targetHints":{"allow":["GET"]}}],"collection":[{"href":"http:\/\/szakrendelo-sarkad.hu\/efi\/wp-json\/wp\/v2\/posts"}],"about":[{"href":"http:\/\/szakrendelo-sarkad.hu\/efi\/wp-json\/wp\/v2\/types\/post"}],"author":[{"embeddable":true,"href":"http:\/\/szakrendelo-sarkad.hu\/efi\/wp-json\/wp\/v2\/users\/1"}],"replies":[{"embeddable":true,"href":"http:\/\/szakrendelo-sarkad.hu\/efi\/wp-json\/wp\/v2\/comments?post=7309"}],"version-history":[{"count":1,"href":"http:\/\/szakrendelo-sarkad.hu\/efi\/wp-json\/wp\/v2\/posts\/7309\/revisions"}],"predecessor-version":[{"id":7311,"href":"http:\/\/szakrendelo-sarkad.hu\/efi\/wp-json\/wp\/v2\/posts\/7309\/revisions\/7311"}],"wp:featuredmedia":[{"embeddable":true,"href":"http:\/\/szakrendelo-sarkad.hu\/efi\/wp-json\/wp\/v2\/media\/7310"}],"wp:attachment":[{"href":"http:\/\/szakrendelo-sarkad.hu\/efi\/wp-json\/wp\/v2\/media?parent=7309"}],"wp:term":[{"taxonomy":"category","embeddable":true,"href":"http:\/\/szakrendelo-sarkad.hu\/efi\/wp-json\/wp\/v2\/categories?post=7309"},{"taxonomy":"post_tag","embeddable":true,"href":"http:\/\/szakrendelo-sarkad.hu\/efi\/wp-json\/wp\/v2\/tags?post=7309"}],"curies":[{"name":"wp","href":"https:\/\/api.w.org\/{rel}","templated":true}]}}