{"id":7312,"date":"2021-04-19T12:54:57","date_gmt":"2021-04-19T12:54:57","guid":{"rendered":"http:\/\/szakrendelo-sarkad.hu\/efi\/?p=7312"},"modified":"2021-04-19T12:54:57","modified_gmt":"2021-04-19T12:54:57","slug":"teriteken-az-egeszseg-magyar-dietetikusok-orszagos-szovetsege-5","status":"publish","type":"post","link":"http:\/\/szakrendelo-sarkad.hu\/efi\/2021\/04\/19\/teriteken-az-egeszseg-magyar-dietetikusok-orszagos-szovetsege-5\/","title":{"rendered":"TER\u00cdT\u00c9KEN AZ EG\u00c9SZS\u00c9G! &#8211; Magyar Dietetikusok Orsz\u00e1gos Sz\u00f6vets\u00e9ge"},"content":{"rendered":"<p style=\"text-align: center;\">Az Orsz\u00e1gos Gy\u00f3gyszer\u00e9szeti \u00e9s \u00c9lelmez\u00e9s-eg\u00e9szs\u00e9g\u00fcgyi Int\u00e9zet (OGY\u00c9I) \u00e1ltal elk\u00e9sz\u00edtett aj\u00e1nl\u00e1s a 60 \u00e9v fel\u00fclieknek, illetve id\u0151sekr\u0151l gondoskod\u00f3knak, \u0151ket ell\u00e1t\u00f3knak, eg\u00e9szs\u00e9g\u00fcgyi szakembereknek egyar\u00e1nt hasznos.&nbsp;\ud83d\udc69\u200d\ud83e\uddb0\ud83d\udc69\u200d\ud83e\uddb3\ud83d\udc68\u200d\ud83e\uddb0\ud83d\udc68\u200d\ud83e\uddb3<br \/>\nAz aj\u00e1nl\u00e1s, az ahhoz kapcsol\u00f3d\u00f3, online el\u00e9rhet\u0151 receptek, \u00e9s az \u00e9trendtervez\u00e9si, a nyersanyagv\u00e1laszt\u00e1sra vonatkoz\u00f3 \u00e9s az \u00e9telk\u00e9sz\u00edt\u00e9si javaslatok azt a c\u00e9lt szolg\u00e1lj\u00e1k, hogy az id\u0151skori testi, lelki v\u00e1ltoz\u00e1sokat figyelembe vev\u0151, korszer\u0171 t\u00e1pl\u00e1lkoz\u00e1si aj\u00e1nl\u00e1sok betart\u00e1s\u00e1val az eg\u00e9szs\u00e9gben elt\u00f6lt\u00f6tt \u00e9vek sz\u00e1ma n\u00f6vekedhessen, \u00e9s el\u0151seg\u00edtse a teljes, akt\u00edv \u00e9let lehet\u0151s\u00e9g\u00e9t 60 \u00e9v felett is.<br \/>\nA kiadv\u00e1ny ingyenesen let\u00f6lthet\u0151 az OGY\u00c9I inform\u00e1ci\u00f3s oldal\u00e1r\u00f3l:&nbsp;<a href=\"https:\/\/merokanal.hu\/60pluszegeszseg\/\">https:\/\/merokanal.hu\/60pluszegeszseg\/<\/a><\/p>\n<p><img loading=\"lazy\" decoding=\"async\" class=\"aligncenter size-full wp-image-7313\" src=\"http:\/\/szakrendelo-sarkad.hu\/efi\/wp-content\/uploads\/sites\/2\/2021\/04\/2.png\" alt=\"\" width=\"495\" height=\"718\" srcset=\"http:\/\/szakrendelo-sarkad.hu\/efi\/wp-content\/uploads\/sites\/2\/2021\/04\/2.png 495w, http:\/\/szakrendelo-sarkad.hu\/efi\/wp-content\/uploads\/sites\/2\/2021\/04\/2-207x300.png 207w\" sizes=\"auto, (max-width: 495px) 100vw, 495px\" \/><\/p>\n","protected":false},"excerpt":{"rendered":"<div class=\"entry-summary\">\n<div class=\"entry-summary\">\nAz Orsz\u00e1gos Gy\u00f3gyszer\u00e9szeti \u00e9s \u00c9lelmez\u00e9s-eg\u00e9szs\u00e9g\u00fcgyi Int\u00e9zet (OGY\u00c9I) \u00e1ltal elk\u00e9sz\u00edtett aj\u00e1nl\u00e1s a 60 \u00e9v fel\u00fclieknek, illetve id\u0151sekr\u0151l gondoskod\u00f3knak, \u0151ket&hellip;\n<\/div>\n<div class=\"link-more\"><a href=\"http:\/\/szakrendelo-sarkad.hu\/efi\/2021\/04\/19\/teriteken-az-egeszseg-magyar-dietetikusok-orszagos-szovetsege-5\/\" class=\"more-link\">Continue reading<span class=\"screen-reader-text\"> &ldquo;TER\u00cdT\u00c9KEN AZ EG\u00c9SZS\u00c9G! &#8211; Magyar Dietetikusok Orsz\u00e1gos Sz\u00f6vets\u00e9ge&rdquo;<\/span>&hellip;<\/a><\/div>\n<\/div>\n<div class=\"link-more\"><a href=\"http:\/\/szakrendelo-sarkad.hu\/efi\/2021\/04\/19\/teriteken-az-egeszseg-magyar-dietetikusok-orszagos-szovetsege-5\/\" class=\"more-link\">Continue reading<span class=\"screen-reader-text\"> &ldquo;TER\u00cdT\u00c9KEN AZ EG\u00c9SZS\u00c9G! &#8211; Magyar Dietetikusok Orsz\u00e1gos Sz\u00f6vets\u00e9ge&rdquo;<\/span>&hellip;<\/a><\/div>\n","protected":false},"author":1,"featured_media":7314,"comment_status":"closed","ping_status":"closed","sticky":false,"template":"","format":"standard","meta":{"ngg_post_thumbnail":0,"footnotes":""},"categories":[1],"tags":[],"class_list":["post-7312","post","type-post","status-publish","format-standard","has-post-thumbnail","hentry","category-egyeb","entry"],"_links":{"self":[{"href":"http:\/\/szakrendelo-sarkad.hu\/efi\/wp-json\/wp\/v2\/posts\/7312","targetHints":{"allow":["GET"]}}],"collection":[{"href":"http:\/\/szakrendelo-sarkad.hu\/efi\/wp-json\/wp\/v2\/posts"}],"about":[{"href":"http:\/\/szakrendelo-sarkad.hu\/efi\/wp-json\/wp\/v2\/types\/post"}],"author":[{"embeddable":true,"href":"http:\/\/szakrendelo-sarkad.hu\/efi\/wp-json\/wp\/v2\/users\/1"}],"replies":[{"embeddable":true,"href":"http:\/\/szakrendelo-sarkad.hu\/efi\/wp-json\/wp\/v2\/comments?post=7312"}],"version-history":[{"count":1,"href":"http:\/\/szakrendelo-sarkad.hu\/efi\/wp-json\/wp\/v2\/posts\/7312\/revisions"}],"predecessor-version":[{"id":7315,"href":"http:\/\/szakrendelo-sarkad.hu\/efi\/wp-json\/wp\/v2\/posts\/7312\/revisions\/7315"}],"wp:featuredmedia":[{"embeddable":true,"href":"http:\/\/szakrendelo-sarkad.hu\/efi\/wp-json\/wp\/v2\/media\/7314"}],"wp:attachment":[{"href":"http:\/\/szakrendelo-sarkad.hu\/efi\/wp-json\/wp\/v2\/media?parent=7312"}],"wp:term":[{"taxonomy":"category","embeddable":true,"href":"http:\/\/szakrendelo-sarkad.hu\/efi\/wp-json\/wp\/v2\/categories?post=7312"},{"taxonomy":"post_tag","embeddable":true,"href":"http:\/\/szakrendelo-sarkad.hu\/efi\/wp-json\/wp\/v2\/tags?post=7312"}],"curies":[{"name":"wp","href":"https:\/\/api.w.org\/{rel}","templated":true}]}}