{"id":7331,"date":"2021-04-21T12:06:06","date_gmt":"2021-04-21T12:06:06","guid":{"rendered":"http:\/\/szakrendelo-sarkad.hu\/efi\/?p=7331"},"modified":"2021-04-21T12:06:06","modified_gmt":"2021-04-21T12:06:06","slug":"fold-napja-2021-aprilis-22","status":"publish","type":"post","link":"http:\/\/szakrendelo-sarkad.hu\/efi\/2021\/04\/21\/fold-napja-2021-aprilis-22\/","title":{"rendered":"F\u00d6LD NAPJA 2021 &#8211; \u00c1PRILIS 22."},"content":{"rendered":"<p>Egy nap&nbsp;<a href=\"http:\/\/fna.hu\/hir\/50Foldnapja2020\">a holnap\u00e9rt, a kl\u00edm\u00e1\u00e9rt<\/a>! L\u00e9t\u00fcnk alapja az \u00e9l\u0151vil\u00e1g v\u00e1ltozatoss\u00e1g\u00e1nak meg\u0151rz\u00e9se \u2013 erre figyelmeztet a 31. magyar \u00e9s az 51. vil\u00e1gm\u00e9ret\u0171 F\u00f6ld napja, melynek kiemelt t\u00e9m\u00e1ja maradt a&nbsp;<a href=\"http:\/\/fna.hu\/hir\/kihalasgyorsul2018\">biol\u00f3giai sokf\u00e9les\u00e9g meg\u0151rz\u00e9se&nbsp;<\/a>is. Az emberis\u00e9g t\u00falterjeszked\u00e9se&nbsp;<a href=\"http:\/\/fna.hu\/hir\/fogyovadvilag\">agyonnyomja<\/a>&nbsp;a vadvil\u00e1got,&nbsp;<a href=\"http:\/\/fna.hu\/hir\/tulfogynap2018\">t\u00falfogyasztunk<\/a>&nbsp;\u00e9s&nbsp;<a href=\"http:\/\/fna.hu\/hir\/nyersanyagoktulsok19\">t\u00falterjeszked\u00fcnk<\/a>, ezt jelzi \u00e9vr\u0151l \u00e9vre a WWF \u00c9l\u0151 bolyg\u00f3 jelent\u00e9se. Az emberis\u00e9g beavatkoz\u00e1sa a term\u00e9szet \u00e9vezredes egyens\u00faly\u00e1ba vesz\u00e9lyezteti a&nbsp;<a href=\"http:\/\/fna.hu\/hir\/vadonelok2021\">vadon\u00e9l\u0151k<\/a>, k\u00f6zt\u00fck a beporz\u00f3 rovarok, n\u00f6v\u00e9nyek l\u00e9t\u00e9t.&nbsp;A biol\u00f3giai sokf\u00e9les\u00e9g cs\u00f6kken\u00e9s\u00e9nek&nbsp;<a href=\"http:\/\/fna.hu\/hir\/takarmanyrombol\">60%-\u00e1\u00e9rt \u00e9trend\u00fcnk<\/a>, pontosabban az \u00e1llatok takarm\u00e1nya felel. Sebezhet\u0151s\u00e9g\u00fcnkre figyelmeztetett a koronav\u00edrussal a term\u00e9szet &#8211; az idei lesz&nbsp;<strong>az<\/strong><u>&nbsp;<\/u><strong>els\u0151 digit\u00e1lis, \u00f6nszervez\u0151d\u0151, k\u00f6z\u00f6ss\u00e9g\u00e9p\u00edt\u0151 F\u00f6ld napja<\/strong>! Tegy\u00fcnk v\u00e9gre, kezdj\u00fck ma!<\/p>\n<p><a href=\"http:\/\/www.fna.hu\/mittehetsz\">Mit tehetsz<\/a>&nbsp;Te? Sokat. \u00c9p\u00edts&nbsp;<a href=\"http:\/\/fna.hu\/hir\/egyuttazifjusagert\">k\u00f6z\u00f6ss\u00e9get<\/a>, z\u00f6ld\u00edtsd k\u00f6rnyezetedet,&nbsp;<a href=\"http:\/\/fna.hu\/hir\/Foldnapja2016\">\u00fcltess f\u00e1t<\/a>,&nbsp;<a href=\"http:\/\/fna.hu\/hir\/vetemenyeskert\">termelj<\/a>&nbsp;haszonn\u00f6v\u00e9nyeket,&nbsp;<a href=\"http:\/\/husmenteshetfo.hu\/index.php\/hu\/mit-tehetsz\/komposztba\">komposzt\u00e1lj<\/a>,&nbsp;<a href=\"http:\/\/husmenteshetfo.hu\/index.php\/hu\/mit-tehetsz\/etelpazarlas\">\u00e9heztesd a kuk\u00e1t<\/a>, szigetelj, k\u00f6zlekedj k\u00f6z\u00f6sen, ne v\u00e1s\u00e1rolj csomagoltat,&nbsp;<a href=\"http:\/\/fna.hu\/hir\/eljmuanyagnelkul1\">\u00e9lj m\u0171anyagok n\u00e9lk\u00fcl<\/a>, v\u00e1lts k\u00f6rnyezetbar\u00e1t szerekre, f\u00e9lk\u00e9sz, k\u00e9sz helyett egy\u00e9l friss hazait,&nbsp;<a href=\"http:\/\/husmenteshetfo.hu\/index.php\/hu\/miert-husmentes\">egy\u00e9l kevesebb \u00e1llatit<\/a>&#8230; aj\u00e1nd\u00e9k a&nbsp;<a href=\"http:\/\/fna.hu\/vilagfigyelo\/eghajlatvaltozas\">k\u00f6rnyezetnek<\/a>, eg\u00e9szs\u00e9gednek.&nbsp;<a href=\"http:\/\/fna.hu\/mittehetsz\/hetikihivas\">Minden h\u00e9ten<\/a>.<\/p>\n<p>A F\u00f6ld napja m\u00e1ra a legnagyobb \u00f6nszervez\u0151d\u0151 k\u00f6rnyezeti megmozdul\u00e1ss\u00e1 v\u00e1lt Magyarorsz\u00e1gon.<br \/>\n<a href=\"http:\/\/fna.hu\/mittehetsz\/hetikihivas\">Cselekv\u0151 \u00fcnnep<\/a>, amely mindny\u00e1junk j\u00f6v\u0151j\u00e9r\u0151l sz\u00f3l. Kb.&nbsp;<a href=\"http:\/\/fna.hu\/hir\/12evmaradt\">9 \u00e9v\u00fcnk maradt<\/a>&nbsp;a cselekv\u00e9sre.<\/p>\n<p><strong>Cselekedj Te is! A szem\u00e9tszed\u00e9s, a szelekt\u00edv gy\u0171jt\u00e9s m\u00e1r nem el\u00e9g&#8230;<\/strong><\/p>\n<p><img loading=\"lazy\" decoding=\"async\" class=\"aligncenter size-full wp-image-7332\" src=\"http:\/\/szakrendelo-sarkad.hu\/efi\/wp-content\/uploads\/sites\/2\/2021\/04\/1-1.png\" alt=\"\" width=\"609\" height=\"258\" srcset=\"http:\/\/szakrendelo-sarkad.hu\/efi\/wp-content\/uploads\/sites\/2\/2021\/04\/1-1.png 609w, http:\/\/szakrendelo-sarkad.hu\/efi\/wp-content\/uploads\/sites\/2\/2021\/04\/1-1-300x127.png 300w\" sizes=\"auto, (max-width: 609px) 100vw, 609px\" \/><\/p>\n<p><strong>\u00d6tletb\u00f6rze<\/strong>&nbsp;&#8211;&nbsp;<a href=\"http:\/\/fna.hu\/afoldnapja\/rendezvenyek\"><strong>v\u00e1lassz kih\u00edv\u00e1st a 2019=2021. \u00e9vi F\u00f6ld napi teend\u0151k k\u00f6z\u00fcl, minden h\u00e9tre<\/strong><\/a><\/p>\n<p><img loading=\"lazy\" decoding=\"async\" class=\"aligncenter size-full wp-image-7333\" src=\"http:\/\/szakrendelo-sarkad.hu\/efi\/wp-content\/uploads\/sites\/2\/2021\/04\/2-2.png\" alt=\"\" width=\"573\" height=\"574\" srcset=\"http:\/\/szakrendelo-sarkad.hu\/efi\/wp-content\/uploads\/sites\/2\/2021\/04\/2-2.png 573w, http:\/\/szakrendelo-sarkad.hu\/efi\/wp-content\/uploads\/sites\/2\/2021\/04\/2-2-300x300.png 300w, http:\/\/szakrendelo-sarkad.hu\/efi\/wp-content\/uploads\/sites\/2\/2021\/04\/2-2-150x150.png 150w\" sizes=\"auto, (max-width: 573px) 100vw, 573px\" \/><\/p>\n<p><img loading=\"lazy\" decoding=\"async\" class=\"aligncenter size-full wp-image-7334\" src=\"http:\/\/szakrendelo-sarkad.hu\/efi\/wp-content\/uploads\/sites\/2\/2021\/04\/3.png\" alt=\"\" width=\"211\" height=\"214\"><\/p>\n","protected":false},"excerpt":{"rendered":"<div class=\"entry-summary\">\n<div class=\"entry-summary\">\nEgy nap&nbsp;a holnap\u00e9rt, a kl\u00edm\u00e1\u00e9rt! L\u00e9t\u00fcnk alapja az \u00e9l\u0151vil\u00e1g v\u00e1ltozatoss\u00e1g\u00e1nak meg\u0151rz\u00e9se \u2013 erre figyelmeztet a 31. magyar \u00e9s&hellip;\n<\/div>\n<div class=\"link-more\"><a href=\"http:\/\/szakrendelo-sarkad.hu\/efi\/2021\/04\/21\/fold-napja-2021-aprilis-22\/\" class=\"more-link\">Continue reading<span class=\"screen-reader-text\"> &ldquo;F\u00d6LD NAPJA 2021 &#8211; \u00c1PRILIS 22.&rdquo;<\/span>&hellip;<\/a><\/div>\n<\/div>\n<div class=\"link-more\"><a href=\"http:\/\/szakrendelo-sarkad.hu\/efi\/2021\/04\/21\/fold-napja-2021-aprilis-22\/\" class=\"more-link\">Continue reading<span class=\"screen-reader-text\"> &ldquo;F\u00d6LD NAPJA 2021 &#8211; \u00c1PRILIS 22.&rdquo;<\/span>&hellip;<\/a><\/div>\n","protected":false},"author":1,"featured_media":7332,"comment_status":"closed","ping_status":"closed","sticky":false,"template":"","format":"standard","meta":{"ngg_post_thumbnail":0,"footnotes":""},"categories":[1],"tags":[],"class_list":["post-7331","post","type-post","status-publish","format-standard","has-post-thumbnail","hentry","category-egyeb","entry"],"_links":{"self":[{"href":"http:\/\/szakrendelo-sarkad.hu\/efi\/wp-json\/wp\/v2\/posts\/7331","targetHints":{"allow":["GET"]}}],"collection":[{"href":"http:\/\/szakrendelo-sarkad.hu\/efi\/wp-json\/wp\/v2\/posts"}],"about":[{"href":"http:\/\/szakrendelo-sarkad.hu\/efi\/wp-json\/wp\/v2\/types\/post"}],"author":[{"embeddable":true,"href":"http:\/\/szakrendelo-sarkad.hu\/efi\/wp-json\/wp\/v2\/users\/1"}],"replies":[{"embeddable":true,"href":"http:\/\/szakrendelo-sarkad.hu\/efi\/wp-json\/wp\/v2\/comments?post=7331"}],"version-history":[{"count":2,"href":"http:\/\/szakrendelo-sarkad.hu\/efi\/wp-json\/wp\/v2\/posts\/7331\/revisions"}],"predecessor-version":[{"id":7336,"href":"http:\/\/szakrendelo-sarkad.hu\/efi\/wp-json\/wp\/v2\/posts\/7331\/revisions\/7336"}],"wp:featuredmedia":[{"embeddable":true,"href":"http:\/\/szakrendelo-sarkad.hu\/efi\/wp-json\/wp\/v2\/media\/7332"}],"wp:attachment":[{"href":"http:\/\/szakrendelo-sarkad.hu\/efi\/wp-json\/wp\/v2\/media?parent=7331"}],"wp:term":[{"taxonomy":"category","embeddable":true,"href":"http:\/\/szakrendelo-sarkad.hu\/efi\/wp-json\/wp\/v2\/categories?post=7331"},{"taxonomy":"post_tag","embeddable":true,"href":"http:\/\/szakrendelo-sarkad.hu\/efi\/wp-json\/wp\/v2\/tags?post=7331"}],"curies":[{"name":"wp","href":"https:\/\/api.w.org\/{rel}","templated":true}]}}