{"id":754,"date":"2015-06-18T16:54:22","date_gmt":"2015-06-18T16:54:22","guid":{"rendered":"http:\/\/efi.szakrendelo-sarkad.hu\/?p=754"},"modified":"2015-06-18T16:54:22","modified_gmt":"2015-06-18T16:54:22","slug":"orszagos-elismeresben-reszesult-bereczki-karolyne-efi-irodavezeto-munkatarsunk","status":"publish","type":"post","link":"http:\/\/szakrendelo-sarkad.hu\/efi\/2015\/06\/18\/orszagos-elismeresben-reszesult-bereczki-karolyne-efi-irodavezeto-munkatarsunk\/","title":{"rendered":"Orsz\u00e1gos elismer\u00e9sben r\u00e9szes\u00fclt Bereczki K\u00e1rolyn\u00e9 EFI Irodavezet\u0151 munkat\u00e1rsunk"},"content":{"rendered":"<p>Az Eg\u00e9szs\u00e9gfejleszt\u0151 Irod\u00e1nkban dolgoz\u00f3 Bereczki K\u00e1rolyn\u00e9 (els\u0151 sor, balr\u00f3l a harmadik munkat\u00e1rs) Helyi kommunik\u00e1tork\u00e9nt a D\u00e9l-Alf\u00f6ldi R\u00e9gi\u00f3b\u00f3l a \u201eN\u00c9PEG\u00c9SZS\u00c9G\u00dcGYI KOMMUNIK\u00c1CI\u00d3 FEJLESZT\u00c9SE\u201d kiemelt projektben (T\u00c1MOP-6.1.3.B-12\/1-2013-0001) v\u00e9gzett sikeres munk\u00e1j\u00e1\u00e9rt elismer\u0151 oklevelet vehetett \u00e1t Budapesten, 2015.06.11-\u00e9n Dr. T\u00f6r\u00f6k Krisztina Nemzeti Eg\u00e9szs\u00e9gfejleszt\u00e9si Int\u00e9zet f\u0151igazgat\u00f3j\u00e1t\u00f3l. A t\u00f6bb, mint 60 f\u0151s orsz\u00e1gos csapatb\u00f3l csak a legjobban teljes\u00edt\u0151 munkat\u00e1rsak vehett\u00e9k \u00e1t az elismer\u0151 okleveleket. Teljes\u00edtm\u00e9ny\u00e9vel tov\u00e1bb \u00f6regb\u00edtette a Sarkadi kist\u00e9rs\u00e9gben dolgoz\u00f3k j\u00f3 h\u00edrnev\u00e9t.<\/p>\n<p>Az el\u00e9rt sikerhez gratul\u00e1lunk \u00e9s munk\u00e1j\u00e1hoz tov\u00e1bbi j\u00f3 eg\u00e9szs\u00e9get k\u00edv\u00e1nunk!<\/p>\n<p><em>Az Eg\u00e9szs\u00e9gfejleszt\u00e9si Iroda munkat\u00e1rsai<\/em><\/p>\n<p><img loading=\"lazy\" decoding=\"async\" class=\"aligncenter size-full wp-image-755\" src=\"http:\/\/kjcuj.fazekas.wdsite.hu\/efi\/wp-content\/uploads\/sites\/2\/2015\/06\/kep.jpg\" alt=\"\" width=\"605\" height=\"454\" srcset=\"http:\/\/szakrendelo-sarkad.hu\/efi\/wp-content\/uploads\/sites\/2\/2015\/06\/kep.jpg 605w, http:\/\/szakrendelo-sarkad.hu\/efi\/wp-content\/uploads\/sites\/2\/2015\/06\/kep-300x225.jpg 300w\" sizes=\"auto, (max-width: 605px) 100vw, 605px\" \/><\/p>\n","protected":false},"excerpt":{"rendered":"<div class=\"entry-summary\">\n<div class=\"entry-summary\">\nAz Eg\u00e9szs\u00e9gfejleszt\u0151 Irod\u00e1nkban dolgoz\u00f3 Bereczki K\u00e1rolyn\u00e9 (els\u0151 sor, balr\u00f3l a harmadik munkat\u00e1rs) Helyi kommunik\u00e1tork\u00e9nt a D\u00e9l-Alf\u00f6ldi R\u00e9gi\u00f3b\u00f3l a&hellip;\n<\/div>\n<div class=\"link-more\"><a href=\"http:\/\/szakrendelo-sarkad.hu\/efi\/2015\/06\/18\/orszagos-elismeresben-reszesult-bereczki-karolyne-efi-irodavezeto-munkatarsunk\/\" class=\"more-link\">Continue reading<span class=\"screen-reader-text\"> &ldquo;Orsz\u00e1gos elismer\u00e9sben r\u00e9szes\u00fclt Bereczki K\u00e1rolyn\u00e9 EFI Irodavezet\u0151 munkat\u00e1rsunk&rdquo;<\/span>&hellip;<\/a><\/div>\n<\/div>\n<div class=\"link-more\"><a href=\"http:\/\/szakrendelo-sarkad.hu\/efi\/2015\/06\/18\/orszagos-elismeresben-reszesult-bereczki-karolyne-efi-irodavezeto-munkatarsunk\/\" class=\"more-link\">Continue reading<span class=\"screen-reader-text\"> &ldquo;Orsz\u00e1gos elismer\u00e9sben r\u00e9szes\u00fclt Bereczki K\u00e1rolyn\u00e9 EFI Irodavezet\u0151 munkat\u00e1rsunk&rdquo;<\/span>&hellip;<\/a><\/div>\n","protected":false},"author":1,"featured_media":0,"comment_status":"closed","ping_status":"closed","sticky":false,"template":"","format":"standard","meta":{"ngg_post_thumbnail":0,"footnotes":""},"categories":[1],"tags":[],"class_list":["post-754","post","type-post","status-publish","format-standard","hentry","category-egyeb","entry"],"_links":{"self":[{"href":"http:\/\/szakrendelo-sarkad.hu\/efi\/wp-json\/wp\/v2\/posts\/754","targetHints":{"allow":["GET"]}}],"collection":[{"href":"http:\/\/szakrendelo-sarkad.hu\/efi\/wp-json\/wp\/v2\/posts"}],"about":[{"href":"http:\/\/szakrendelo-sarkad.hu\/efi\/wp-json\/wp\/v2\/types\/post"}],"author":[{"embeddable":true,"href":"http:\/\/szakrendelo-sarkad.hu\/efi\/wp-json\/wp\/v2\/users\/1"}],"replies":[{"embeddable":true,"href":"http:\/\/szakrendelo-sarkad.hu\/efi\/wp-json\/wp\/v2\/comments?post=754"}],"version-history":[{"count":0,"href":"http:\/\/szakrendelo-sarkad.hu\/efi\/wp-json\/wp\/v2\/posts\/754\/revisions"}],"wp:attachment":[{"href":"http:\/\/szakrendelo-sarkad.hu\/efi\/wp-json\/wp\/v2\/media?parent=754"}],"wp:term":[{"taxonomy":"category","embeddable":true,"href":"http:\/\/szakrendelo-sarkad.hu\/efi\/wp-json\/wp\/v2\/categories?post=754"},{"taxonomy":"post_tag","embeddable":true,"href":"http:\/\/szakrendelo-sarkad.hu\/efi\/wp-json\/wp\/v2\/tags?post=754"}],"curies":[{"name":"wp","href":"https:\/\/api.w.org\/{rel}","templated":true}]}}