{"id":7618,"date":"2021-09-20T06:05:39","date_gmt":"2021-09-20T06:05:39","guid":{"rendered":"http:\/\/szakrendelo-sarkad.hu\/efi\/?p=7618"},"modified":"2021-09-20T06:05:39","modified_gmt":"2021-09-20T06:05:39","slug":"setaljon-velunk-2021-kotegyan","status":"publish","type":"post","link":"http:\/\/szakrendelo-sarkad.hu\/efi\/2021\/09\/20\/setaljon-velunk-2021-kotegyan\/","title":{"rendered":"S\u00c9T\u00c1LJON VEL\u00dcNK! &#8211; 2021. K\u00f6tegy\u00e1n"},"content":{"rendered":"<p style=\"text-align: center;\"><strong><img loading=\"lazy\" decoding=\"async\" class=\"size-full wp-image-7619 aligncenter\" src=\"http:\/\/szakrendelo-sarkad.hu\/efi\/wp-content\/uploads\/sites\/2\/2021\/09\/1.png\" alt=\"\" width=\"168\" height=\"175\">S\u00c9T\u00c1LJON VEL\u00dcNK!<\/strong><\/p>\n<p style=\"text-align: center;\"><strong>2021. K\u00f6tegy\u00e1n<\/strong><\/p>\n<p style=\"text-align: center;\"><strong>S\u00e9ta az Alzheimer Vil\u00e1gh\u00f3nap alkalm\u00e1b\u00f3l, mellyel kifejezz\u00fck a szolidarit\u00e1sunkat a demenci\u00e1val \u00e9l\u0151 id\u0151sek, csal\u00e1dtagjaik, gondoz\u00f3ik mellett<\/strong><\/p>\n<p style=\"text-align: center;\"><strong>Id\u0151pont<\/strong><\/p>\n<p style=\"text-align: center;\">2021. szeptember 23. cs\u00fct\u00f6rt\u00f6k 14.00 \u00f3ra<\/p>\n<p style=\"text-align: center;\"><strong>Gy\u00fclekez\u0151:<\/strong><\/p>\n<p style=\"text-align: center;\">2021. szeptember 23. 13.30 Ungv\u00e1ri Mih\u00e1ly M\u0171vel\u0151d\u00e9si H\u00e1z \u00e9s K\u00f6nyvt\u00e1r<\/p>\n<p style=\"text-align: center;\"><strong>Tervezett \u00fatvonal<\/strong><\/p>\n<p style=\"text-align: center;\">&nbsp;Kossuth utca &#8211; \u00d6KO PARK &#8211; Kossuth utca<\/p>\n<p style=\"text-align: center;\"><strong>Program<\/strong><\/p>\n<p style=\"text-align: center;\">14.30 K\u00f6sz\u00f6nt\u0151<\/p>\n<p style=\"text-align: center;\">14.35 T\u00e1ncolni j\u00f3! K\u00f6z\u00f6s t\u00e1nc a programon r\u00e9sztvev\u0151k k\u00f6zrem\u0171k\u00f6d\u00e9s\u00e9vel<\/p>\n<p><img loading=\"lazy\" decoding=\"async\" class=\"aligncenter size-full wp-image-7620\" src=\"http:\/\/szakrendelo-sarkad.hu\/efi\/wp-content\/uploads\/sites\/2\/2021\/09\/2.png\" alt=\"\" width=\"456\" height=\"225\" srcset=\"http:\/\/szakrendelo-sarkad.hu\/efi\/wp-content\/uploads\/sites\/2\/2021\/09\/2.png 456w, http:\/\/szakrendelo-sarkad.hu\/efi\/wp-content\/uploads\/sites\/2\/2021\/09\/2-300x148.png 300w\" sizes=\"auto, (max-width: 456px) 100vw, 456px\" \/><\/p>\n","protected":false},"excerpt":{"rendered":"<div class=\"entry-summary\">\n<div class=\"entry-summary\">\nS\u00c9T\u00c1LJON VEL\u00dcNK! 2021. K\u00f6tegy\u00e1n S\u00e9ta az Alzheimer Vil\u00e1gh\u00f3nap alkalm\u00e1b\u00f3l, mellyel kifejezz\u00fck a szolidarit\u00e1sunkat a demenci\u00e1val \u00e9l\u0151 id\u0151sek, csal\u00e1dtagjaik,&hellip;\n<\/div>\n<div class=\"link-more\"><a href=\"http:\/\/szakrendelo-sarkad.hu\/efi\/2021\/09\/20\/setaljon-velunk-2021-kotegyan\/\" class=\"more-link\">Continue reading<span class=\"screen-reader-text\"> &ldquo;S\u00c9T\u00c1LJON VEL\u00dcNK! &#8211; 2021. K\u00f6tegy\u00e1n&rdquo;<\/span>&hellip;<\/a><\/div>\n<\/div>\n<div class=\"link-more\"><a href=\"http:\/\/szakrendelo-sarkad.hu\/efi\/2021\/09\/20\/setaljon-velunk-2021-kotegyan\/\" class=\"more-link\">Continue reading<span class=\"screen-reader-text\"> &ldquo;S\u00c9T\u00c1LJON VEL\u00dcNK! &#8211; 2021. K\u00f6tegy\u00e1n&rdquo;<\/span>&hellip;<\/a><\/div>\n","protected":false},"author":1,"featured_media":7620,"comment_status":"closed","ping_status":"closed","sticky":false,"template":"","format":"standard","meta":{"ngg_post_thumbnail":0,"footnotes":""},"categories":[1],"tags":[],"class_list":["post-7618","post","type-post","status-publish","format-standard","has-post-thumbnail","hentry","category-egyeb","entry"],"_links":{"self":[{"href":"http:\/\/szakrendelo-sarkad.hu\/efi\/wp-json\/wp\/v2\/posts\/7618","targetHints":{"allow":["GET"]}}],"collection":[{"href":"http:\/\/szakrendelo-sarkad.hu\/efi\/wp-json\/wp\/v2\/posts"}],"about":[{"href":"http:\/\/szakrendelo-sarkad.hu\/efi\/wp-json\/wp\/v2\/types\/post"}],"author":[{"embeddable":true,"href":"http:\/\/szakrendelo-sarkad.hu\/efi\/wp-json\/wp\/v2\/users\/1"}],"replies":[{"embeddable":true,"href":"http:\/\/szakrendelo-sarkad.hu\/efi\/wp-json\/wp\/v2\/comments?post=7618"}],"version-history":[{"count":1,"href":"http:\/\/szakrendelo-sarkad.hu\/efi\/wp-json\/wp\/v2\/posts\/7618\/revisions"}],"predecessor-version":[{"id":7621,"href":"http:\/\/szakrendelo-sarkad.hu\/efi\/wp-json\/wp\/v2\/posts\/7618\/revisions\/7621"}],"wp:featuredmedia":[{"embeddable":true,"href":"http:\/\/szakrendelo-sarkad.hu\/efi\/wp-json\/wp\/v2\/media\/7620"}],"wp:attachment":[{"href":"http:\/\/szakrendelo-sarkad.hu\/efi\/wp-json\/wp\/v2\/media?parent=7618"}],"wp:term":[{"taxonomy":"category","embeddable":true,"href":"http:\/\/szakrendelo-sarkad.hu\/efi\/wp-json\/wp\/v2\/categories?post=7618"},{"taxonomy":"post_tag","embeddable":true,"href":"http:\/\/szakrendelo-sarkad.hu\/efi\/wp-json\/wp\/v2\/tags?post=7618"}],"curies":[{"name":"wp","href":"https:\/\/api.w.org\/{rel}","templated":true}]}}