{"id":7622,"date":"2021-09-20T06:07:21","date_gmt":"2021-09-20T06:07:21","guid":{"rendered":"http:\/\/szakrendelo-sarkad.hu\/efi\/?p=7622"},"modified":"2021-09-20T06:07:21","modified_gmt":"2021-09-20T06:07:21","slug":"europai-diaksport-napja-2021-szeptember-24","status":"publish","type":"post","link":"http:\/\/szakrendelo-sarkad.hu\/efi\/2021\/09\/20\/europai-diaksport-napja-2021-szeptember-24\/","title":{"rendered":"Eur\u00f3pai Di\u00e1ksport Napja &#8211; 2021. szeptember 24."},"content":{"rendered":"<p>A 2021\/2022. tan\u00e9vben az EMMI hivatalosan is t\u00e9manapk\u00e9nt jelentette be a Magyar Di\u00e1ksport Napj\u00e1t.<\/p>\n<p><strong><img loading=\"lazy\" decoding=\"async\" class=\"aligncenter size-full wp-image-7623\" src=\"http:\/\/szakrendelo-sarkad.hu\/efi\/wp-content\/uploads\/sites\/2\/2021\/09\/3.png\" alt=\"\" width=\"400\" height=\"227\" srcset=\"http:\/\/szakrendelo-sarkad.hu\/efi\/wp-content\/uploads\/sites\/2\/2021\/09\/3.png 400w, http:\/\/szakrendelo-sarkad.hu\/efi\/wp-content\/uploads\/sites\/2\/2021\/09\/3-300x170.png 300w\" sizes=\"auto, (max-width: 400px) 100vw, 400px\" \/>A Magyar Di\u00e1ksport Sz\u00f6vets\u00e9g a hossz\u00fa COVID-id\u0151szak ut\u00e1n mozg\u00e1sra h\u00edvja az iskol\u00e1kat az Eur\u00f3pai Di\u00e1ksport Napj\u00e1n, szeptember 24-\u00e9n. Id\u00e9n az esem\u00e9ny f\u0151 c\u00e9lja az, hogy az \u00e9lm\u00e9nysport programokkal a gyerekek \u00e9let\u00e9be \u00fajra visszat\u00e9rjen a rendszeres testmozg\u00e1s, \u00e9s ennek \u00e9rdek\u00e9ben kreat\u00edv mozg\u00e1sterek kialak\u00edt\u00e1s\u00e1ra \u00f6szt\u00f6n\u00f6zze az int\u00e9zm\u00e9nyeket.<\/strong><\/p>\n<p>Ism\u00e9t nagyszab\u00e1s\u00fa \u00e9lm\u00e9nysport programlehet\u0151s\u00e9get aj\u00e1nl a Magyar Di\u00e1ksport Sz\u00f6vets\u00e9g (MDSZ) az \u00e1ltal\u00e1nos \u00e9s k\u00f6z\u00e9piskol\u00e1knak az \u00faj tan\u00e9v kezdet\u00e9n, hogy a m\u00e1sf\u00e9l \u00e9vig tart\u00f3, sajnos rendk\u00edv\u00fcl mozg\u00e1sszeg\u00e9ny id\u0151szakot k\u00f6vet\u0151en min\u00e9l t\u00f6bb gyermek \u00fajra megtapasztalhassa a k\u00f6z\u00f6ss\u00e9gi sportol\u00e1s \u00f6r\u00f6m\u00e9t \u2013 t\u00e1j\u00e9koztat k\u00f6zlem\u00e9ny\u00e9ben az MDSZ. A szeptember 24-\u00e9n megrendez\u00e9sre ker\u00fcl\u0151 Eur\u00f3pai Di\u00e1ksport Napj\u00e1n a szervezet ez\u00fattal is arra \u00f6szt\u00f6nzi az iskol\u00e1kat, hogy haszn\u00e1lj\u00e1k ki a tan\u00e9v rendj\u00e9ben foglalt lehet\u0151s\u00e9get, \u00e9s a tan\u00edt\u00e1si \u00f3r\u00e1kat, valamint egy\u00e9b foglalkoz\u00e1sokat a Magyar Di\u00e1ksport Napja &#8211; mint t\u00e9manap &#8211; keret\u00e9ben szervezz\u00e9k meg.<\/p>\n<p><em>B\u0151vebb inform\u00e1ci\u00f3:<\/em><a href=\"https:\/\/behir.hu\/www.mdsz.hu\"><em>&nbsp;www.mdsz.hu<\/em><\/a><em> weboldal\u00e1n.<\/em><\/p>\n","protected":false},"excerpt":{"rendered":"<div class=\"entry-summary\">\n<div class=\"entry-summary\">\nA 2021\/2022. tan\u00e9vben az EMMI hivatalosan is t\u00e9manapk\u00e9nt jelentette be a Magyar Di\u00e1ksport Napj\u00e1t. A Magyar Di\u00e1ksport Sz\u00f6vets\u00e9g&hellip;\n<\/div>\n<div class=\"link-more\"><a href=\"http:\/\/szakrendelo-sarkad.hu\/efi\/2021\/09\/20\/europai-diaksport-napja-2021-szeptember-24\/\" class=\"more-link\">Continue reading<span class=\"screen-reader-text\"> &ldquo;Eur\u00f3pai Di\u00e1ksport Napja &#8211; 2021. szeptember 24.&rdquo;<\/span>&hellip;<\/a><\/div>\n<\/div>\n<div class=\"link-more\"><a href=\"http:\/\/szakrendelo-sarkad.hu\/efi\/2021\/09\/20\/europai-diaksport-napja-2021-szeptember-24\/\" class=\"more-link\">Continue reading<span class=\"screen-reader-text\"> &ldquo;Eur\u00f3pai Di\u00e1ksport Napja &#8211; 2021. szeptember 24.&rdquo;<\/span>&hellip;<\/a><\/div>\n","protected":false},"author":1,"featured_media":7623,"comment_status":"closed","ping_status":"closed","sticky":false,"template":"","format":"standard","meta":{"ngg_post_thumbnail":0,"footnotes":""},"categories":[1],"tags":[],"class_list":["post-7622","post","type-post","status-publish","format-standard","has-post-thumbnail","hentry","category-egyeb","entry"],"_links":{"self":[{"href":"http:\/\/szakrendelo-sarkad.hu\/efi\/wp-json\/wp\/v2\/posts\/7622","targetHints":{"allow":["GET"]}}],"collection":[{"href":"http:\/\/szakrendelo-sarkad.hu\/efi\/wp-json\/wp\/v2\/posts"}],"about":[{"href":"http:\/\/szakrendelo-sarkad.hu\/efi\/wp-json\/wp\/v2\/types\/post"}],"author":[{"embeddable":true,"href":"http:\/\/szakrendelo-sarkad.hu\/efi\/wp-json\/wp\/v2\/users\/1"}],"replies":[{"embeddable":true,"href":"http:\/\/szakrendelo-sarkad.hu\/efi\/wp-json\/wp\/v2\/comments?post=7622"}],"version-history":[{"count":1,"href":"http:\/\/szakrendelo-sarkad.hu\/efi\/wp-json\/wp\/v2\/posts\/7622\/revisions"}],"predecessor-version":[{"id":7624,"href":"http:\/\/szakrendelo-sarkad.hu\/efi\/wp-json\/wp\/v2\/posts\/7622\/revisions\/7624"}],"wp:featuredmedia":[{"embeddable":true,"href":"http:\/\/szakrendelo-sarkad.hu\/efi\/wp-json\/wp\/v2\/media\/7623"}],"wp:attachment":[{"href":"http:\/\/szakrendelo-sarkad.hu\/efi\/wp-json\/wp\/v2\/media?parent=7622"}],"wp:term":[{"taxonomy":"category","embeddable":true,"href":"http:\/\/szakrendelo-sarkad.hu\/efi\/wp-json\/wp\/v2\/categories?post=7622"},{"taxonomy":"post_tag","embeddable":true,"href":"http:\/\/szakrendelo-sarkad.hu\/efi\/wp-json\/wp\/v2\/tags?post=7622"}],"curies":[{"name":"wp","href":"https:\/\/api.w.org\/{rel}","templated":true}]}}