{"id":7791,"date":"2022-01-06T13:49:23","date_gmt":"2022-01-06T13:49:23","guid":{"rendered":"http:\/\/szakrendelo-sarkad.hu\/efi\/?p=7791"},"modified":"2022-01-10T13:51:17","modified_gmt":"2022-01-10T13:51:17","slug":"nnk-megkezdodott-a-pollenszezon","status":"publish","type":"post","link":"http:\/\/szakrendelo-sarkad.hu\/efi\/2022\/01\/06\/nnk-megkezdodott-a-pollenszezon\/","title":{"rendered":"NNK: megkezd\u0151d\u00f6tt a pollenszezon"},"content":{"rendered":"<p>A h\u00e9tv\u00e9ge fel\u00e9 v\u00e1rhat\u00f3 leh\u0171l\u00e9s hat\u00e1s\u00e1ra \u00e1tmenetileg m\u00e9rs\u00e9kl\u0151dhet a pollenterhel\u00e9s<\/p>\n<p><strong>Az \u00e9vszakhoz k\u00e9pest szokatlan meleg id\u0151j\u00e1r\u00e1s hat\u00e1s\u00e1ra az \u00e9v els\u0151 napjaiban orsz\u00e1gszerte t\u00f6bb helyen megjelent a leveg\u0151ben a mogyor\u00f3, az \u00e9ger, illetve a ciprus- \u00e9s tiszafaf\u00e9l\u00e9k pollenje \u2013 k\u00f6z\u00f6lte a Nemzeti N\u00e9peg\u00e9szs\u00e9g\u00fcgyi K\u00f6zpont (NNK) szerd\u00e1n az MTI-vel.<\/strong><\/p>\n<p>A k\u00f6zlem\u00e9ny szerint \u201ekoncentr\u00e1ci\u00f3juk jellemz\u0151en alacsony, azonban a mogyor\u00f3 pollenterhel\u00e9se helyenk\u00e9nt m\u00e1r az allergi\u00e1s t\u00fcneteket kiv\u00e1lt\u00f3 k\u00f6zepes szintet is el\u00e9rheti\u201d.<\/p>\n<p>A meteorol\u00f3giai el\u0151rejelz\u00e9s alapj\u00e1n az elk\u00f6vetkez\u0151 napokban m\u00e9g marad az enyhe id\u0151j\u00e1r\u00e1s, \u00edgy a pollenterhel\u00e9s t\u00f6bbfel\u00e9 el\u00e9rheti a k\u00f6zepes szintet \u2013 h\u00edvt\u00e1k fel a figyelmet.<\/p>\n<p>Hozz\u00e1tett\u00e9k: a h\u00e9tv\u00e9ge fel\u00e9 v\u00e1rhat\u00f3 leh\u0171l\u00e9s hat\u00e1s\u00e1ra \u00e1tmenetileg m\u00e9rs\u00e9kl\u0151dhet a pollenterhel\u00e9s, \u00e9s alacsony tartom\u00e1nyban maradhat, azonban az \u00fajabb felmeleged\u00e9s hat\u00e1s\u00e1ra a kora tavasszal vir\u00e1gz\u00f3 f\u00e1k pollensz\u00f3r\u00e1sa ism\u00e9t er\u0151s\u00f6dhet.<\/p>\n<p>Kiemelten fontos, hogy a pollenre \u00e9rz\u00e9kenyek figyeljenek a megel\u0151z\u00e9sre \u00e9s a t\u00fcnetek enyh\u00edt\u00e9s\u00e9re, amiben seg\u00edtheti \u0151ket az NNK naponta friss\u00fcl\u0151 polleninform\u00e1ci\u00f3s szolg\u00e1ltat\u00e1sa \u2013 k\u00f6z\u00f6lt\u00e9k.<\/p>\n","protected":false},"excerpt":{"rendered":"<div class=\"entry-summary\">\n<div class=\"entry-summary\">\nA h\u00e9tv\u00e9ge fel\u00e9 v\u00e1rhat\u00f3 leh\u0171l\u00e9s hat\u00e1s\u00e1ra \u00e1tmenetileg m\u00e9rs\u00e9kl\u0151dhet a pollenterhel\u00e9s Az \u00e9vszakhoz k\u00e9pest szokatlan meleg id\u0151j\u00e1r\u00e1s hat\u00e1s\u00e1ra az&hellip;\n<\/div>\n<div class=\"link-more\"><a href=\"http:\/\/szakrendelo-sarkad.hu\/efi\/2022\/01\/06\/nnk-megkezdodott-a-pollenszezon\/\" class=\"more-link\">Continue reading<span class=\"screen-reader-text\"> &ldquo;NNK: megkezd\u0151d\u00f6tt a pollenszezon&rdquo;<\/span>&hellip;<\/a><\/div>\n<\/div>\n<div class=\"link-more\"><a href=\"http:\/\/szakrendelo-sarkad.hu\/efi\/2022\/01\/06\/nnk-megkezdodott-a-pollenszezon\/\" class=\"more-link\">Continue reading<span class=\"screen-reader-text\"> &ldquo;NNK: megkezd\u0151d\u00f6tt a pollenszezon&rdquo;<\/span>&hellip;<\/a><\/div>\n","protected":false},"author":1,"featured_media":7792,"comment_status":"closed","ping_status":"closed","sticky":false,"template":"","format":"standard","meta":{"ngg_post_thumbnail":0,"footnotes":""},"categories":[1],"tags":[],"class_list":["post-7791","post","type-post","status-publish","format-standard","has-post-thumbnail","hentry","category-egyeb","entry"],"_links":{"self":[{"href":"http:\/\/szakrendelo-sarkad.hu\/efi\/wp-json\/wp\/v2\/posts\/7791","targetHints":{"allow":["GET"]}}],"collection":[{"href":"http:\/\/szakrendelo-sarkad.hu\/efi\/wp-json\/wp\/v2\/posts"}],"about":[{"href":"http:\/\/szakrendelo-sarkad.hu\/efi\/wp-json\/wp\/v2\/types\/post"}],"author":[{"embeddable":true,"href":"http:\/\/szakrendelo-sarkad.hu\/efi\/wp-json\/wp\/v2\/users\/1"}],"replies":[{"embeddable":true,"href":"http:\/\/szakrendelo-sarkad.hu\/efi\/wp-json\/wp\/v2\/comments?post=7791"}],"version-history":[{"count":1,"href":"http:\/\/szakrendelo-sarkad.hu\/efi\/wp-json\/wp\/v2\/posts\/7791\/revisions"}],"predecessor-version":[{"id":7793,"href":"http:\/\/szakrendelo-sarkad.hu\/efi\/wp-json\/wp\/v2\/posts\/7791\/revisions\/7793"}],"wp:featuredmedia":[{"embeddable":true,"href":"http:\/\/szakrendelo-sarkad.hu\/efi\/wp-json\/wp\/v2\/media\/7792"}],"wp:attachment":[{"href":"http:\/\/szakrendelo-sarkad.hu\/efi\/wp-json\/wp\/v2\/media?parent=7791"}],"wp:term":[{"taxonomy":"category","embeddable":true,"href":"http:\/\/szakrendelo-sarkad.hu\/efi\/wp-json\/wp\/v2\/categories?post=7791"},{"taxonomy":"post_tag","embeddable":true,"href":"http:\/\/szakrendelo-sarkad.hu\/efi\/wp-json\/wp\/v2\/tags?post=7791"}],"curies":[{"name":"wp","href":"https:\/\/api.w.org\/{rel}","templated":true}]}}