{"id":7795,"date":"2022-01-19T07:06:07","date_gmt":"2022-01-19T07:06:07","guid":{"rendered":"http:\/\/szakrendelo-sarkad.hu\/efi\/?p=7795"},"modified":"2022-01-19T07:06:07","modified_gmt":"2022-01-19T07:06:07","slug":"xvi-europai-mehnyakrak-megelozesi-het","status":"publish","type":"post","link":"http:\/\/szakrendelo-sarkad.hu\/efi\/2022\/01\/19\/xvi-europai-mehnyakrak-megelozesi-het\/","title":{"rendered":"XVI. EUR\u00d3PAI M\u00c9HNYAKR\u00c1K MEGEL\u0150Z\u00c9SI H\u00c9T"},"content":{"rendered":"<p>Id\u00e9n janu\u00e1r 17. \u00e9s 23. k\u00f6z\u00f6tt ker\u00fcl megrendez\u00e9sre az Eur\u00f3pai M\u00e9hnyakr\u00e1k Megel\u0151z\u00e9si H\u00e9t, amelynek keret\u00e9ben Magyarorsz\u00e1gon az az imm\u00e1ron nem csak hazai, hanem 2017 \u00f3ta nemzetk\u00f6zi keretek k\u00f6z\u00f6tt m\u0171k\u00f6d\u0151 M\u00e1lyvavir\u00e1g Alap\u00edtv\u00e1ny orsz\u00e1gos kamp\u00e1nyt hirdet a m\u00e9hnyakr\u00e1k-prevenci\u00f3 fontoss\u00e1g\u00e1nak hangs\u00falyoz\u00e1s\u00e1ra.<\/p>\n<p>Ezen id\u0151szakban az int\u00e9zm\u00e9nybe m\u00e9hnyak sz\u0171r\u00e9sre jelentkez\u0151 h\u00f6lgyek m\u00e1lyvasz\u00edn\u0171 kark\u00f6t\u0151t \u00e9s t\u00e1j\u00e9koztat\u00f3 sz\u00f3r\u00f3anyagot kapnak aj\u00e1nd\u00e9kba a n\u0151gy\u00f3gy\u00e1szati szakrendel\u00e9s szakasszisztenseit\u0151l.<\/p>\n<p>A kamp\u00e1ny c\u00e9lja ez\u00fattal is az, hogy n\u0151k \u00e9s f\u00e9rfiak egyar\u00e1nt min\u00e9l sz\u00e9lesebb k\u00f6rben jussanak a lehet\u0151 legt\u00f6bb inform\u00e1ci\u00f3hoz a HPV-vel, m\u00e9hnyakr\u00e1kkal, a megel\u0151z\u00e9si-, valamint a kezel\u00e9si, illetve ut\u00f3kezel\u00e9si lehet\u0151s\u00e9gekkel kapcsolatban, ak\u00e1r \u0151k maguk, ak\u00e1r egy csal\u00e1dtagjuk vagy bar\u00e1tjuk az \u00e9rintett.<\/p>\n<p>A Megel\u0151z\u00e9si H\u00e9t k\u00f6z\u00e9ppontj\u00e1ban mindenkor a gy\u00f6ngy \u00e1ll. A gy\u00f6ngy, amely a HPV elleni v\u00e9delmet szimboliz\u00e1lja, amely \u00f6sszek\u00f6ti az egy\u00e9sz orsz\u00e1got, hiszen ilyenkor kb. 200 telep\u00fcl\u00e9sen gy\u00f6ngy\u00f6kb\u0151l kark\u00f6t\u0151t f\u0171znek, \u00e9s ezeket eljuttatj\u00e1k a k\u00f3rh\u00e1zakban fekv\u0151, n\u0151gy\u00f3gy\u00e1szati daganattal \u00e9rintett n\u0151kh\u00f6z, azzal az \u00fczenettel, hogy nincsenek egyed\u00fcl.<\/p>\n<p style=\"text-align: center;\"><strong><em>2022-es kamp\u00e1nyunk c\u00edme: \u00c9LETEM GY\u00d6NGYE<\/em><\/strong><\/p>\n<p>A M\u00e1lyvavir\u00e1g Alap\u00edtv\u00e1ny r\u00e9gi \u00e1lma val\u00f3sul meg azzal, hogy a kamp\u00e1ny f\u00f3kuszak\u00e9nt egy szobrot \u00e1ll\u00edtanak\/avatnak. A n\u0151i szobor egyik keze a magasba tartva, tenyer\u00e9ben egy M\u00e1lyvavir\u00e1ggal, hirdeti a m\u00e9hnyakr\u00e1k megel\u0151z\u00e9s \u00fczenet\u00e9t. A m\u00e1sik tenyer\u00e9ben egy M\u00e1lyvavir\u00e1ggal, hirdeti a m\u00e9hnyakr\u00e1k megel\u0151z\u00e9s \u00fczenet\u00e9t. A m\u00e1sik tenyere pedig szirom n\u00e9lk\u00fcli vir\u00e1ggal a m\u00e9h\u00e9n pihen, melyb\u0151l a szirmok a l\u00e1b\u00e1hoz hullva, egy-egy m\u00e9csestart\u00f3k\u00e9nt szolg\u00e1lnak a megeml\u00e9kez\u00e9sre, azok\u00e9rt a n\u0151k\u00e9rt, akiket elvesz\u00edtett\u00fcnk- a s\u00e9r\u00fclt szirmok\u00e9rt.<\/p>\n<p><img loading=\"lazy\" decoding=\"async\" class=\"aligncenter size-full wp-image-7796\" src=\"http:\/\/szakrendelo-sarkad.hu\/efi\/wp-content\/uploads\/sites\/2\/2022\/01\/1.jpg\" alt=\"\" width=\"579\" height=\"304\" srcset=\"http:\/\/szakrendelo-sarkad.hu\/efi\/wp-content\/uploads\/sites\/2\/2022\/01\/1.jpg 579w, http:\/\/szakrendelo-sarkad.hu\/efi\/wp-content\/uploads\/sites\/2\/2022\/01\/1-300x158.jpg 300w\" sizes=\"auto, (max-width: 579px) 100vw, 579px\" \/><\/p>\n<p>A szobrot Cikka dr\u00f3tszobr\u00e1sz k\u00e9sz\u00edtette.<\/p>\n<p><strong>Ne feledje!<\/strong><\/p>\n<p><strong>EZ A DAGANAT\/ELV\u00c1LTOZ\u00c1S NEMCSAK KOR\u00c1N FELISMERHET\u0150, HANEM MEG IS EL\u0150ZHET\u0150K!<\/strong><\/p>\n<p><strong>K\u00e9rj\u00fck gondolja \u00e1t, figyeljen oda eg\u00e9szs\u00e9g\u00e9re! <\/strong><\/p>\n<p><strong>Legyen tudat\u00e1ban azzal, hogy ez a betegs\u00e9g l\u00e9tezik, mit jelent val\u00f3j\u00e1ban, hogy meg lehet el\u0151zni!<\/strong><\/p>\n<p>&nbsp;<\/p>\n<p>Sarkadi Kist\u00e9rs\u00e9gi J\u00e1r\u00f3beteg-Szakell\u00e1t\u00f3 K\u00f6zpont<\/p>\n<p>Sarkadi Eg\u00e9szs\u00e9gfejleszt\u00e9si Iroda<\/p>\n","protected":false},"excerpt":{"rendered":"<div class=\"entry-summary\">\n<div class=\"entry-summary\">\nId\u00e9n janu\u00e1r 17. \u00e9s 23. k\u00f6z\u00f6tt ker\u00fcl megrendez\u00e9sre az Eur\u00f3pai M\u00e9hnyakr\u00e1k Megel\u0151z\u00e9si H\u00e9t, amelynek keret\u00e9ben Magyarorsz\u00e1gon az az&hellip;\n<\/div>\n<div class=\"link-more\"><a href=\"http:\/\/szakrendelo-sarkad.hu\/efi\/2022\/01\/19\/xvi-europai-mehnyakrak-megelozesi-het\/\" class=\"more-link\">Continue reading<span class=\"screen-reader-text\"> &ldquo;XVI. EUR\u00d3PAI M\u00c9HNYAKR\u00c1K MEGEL\u0150Z\u00c9SI H\u00c9T&rdquo;<\/span>&hellip;<\/a><\/div>\n<\/div>\n<div class=\"link-more\"><a href=\"http:\/\/szakrendelo-sarkad.hu\/efi\/2022\/01\/19\/xvi-europai-mehnyakrak-megelozesi-het\/\" class=\"more-link\">Continue reading<span class=\"screen-reader-text\"> &ldquo;XVI. EUR\u00d3PAI M\u00c9HNYAKR\u00c1K MEGEL\u0150Z\u00c9SI H\u00c9T&rdquo;<\/span>&hellip;<\/a><\/div>\n","protected":false},"author":1,"featured_media":7797,"comment_status":"closed","ping_status":"closed","sticky":false,"template":"","format":"standard","meta":{"ngg_post_thumbnail":0,"footnotes":""},"categories":[1],"tags":[],"class_list":["post-7795","post","type-post","status-publish","format-standard","has-post-thumbnail","hentry","category-egyeb","entry"],"_links":{"self":[{"href":"http:\/\/szakrendelo-sarkad.hu\/efi\/wp-json\/wp\/v2\/posts\/7795","targetHints":{"allow":["GET"]}}],"collection":[{"href":"http:\/\/szakrendelo-sarkad.hu\/efi\/wp-json\/wp\/v2\/posts"}],"about":[{"href":"http:\/\/szakrendelo-sarkad.hu\/efi\/wp-json\/wp\/v2\/types\/post"}],"author":[{"embeddable":true,"href":"http:\/\/szakrendelo-sarkad.hu\/efi\/wp-json\/wp\/v2\/users\/1"}],"replies":[{"embeddable":true,"href":"http:\/\/szakrendelo-sarkad.hu\/efi\/wp-json\/wp\/v2\/comments?post=7795"}],"version-history":[{"count":1,"href":"http:\/\/szakrendelo-sarkad.hu\/efi\/wp-json\/wp\/v2\/posts\/7795\/revisions"}],"predecessor-version":[{"id":7798,"href":"http:\/\/szakrendelo-sarkad.hu\/efi\/wp-json\/wp\/v2\/posts\/7795\/revisions\/7798"}],"wp:featuredmedia":[{"embeddable":true,"href":"http:\/\/szakrendelo-sarkad.hu\/efi\/wp-json\/wp\/v2\/media\/7797"}],"wp:attachment":[{"href":"http:\/\/szakrendelo-sarkad.hu\/efi\/wp-json\/wp\/v2\/media?parent=7795"}],"wp:term":[{"taxonomy":"category","embeddable":true,"href":"http:\/\/szakrendelo-sarkad.hu\/efi\/wp-json\/wp\/v2\/categories?post=7795"},{"taxonomy":"post_tag","embeddable":true,"href":"http:\/\/szakrendelo-sarkad.hu\/efi\/wp-json\/wp\/v2\/tags?post=7795"}],"curies":[{"name":"wp","href":"https:\/\/api.w.org\/{rel}","templated":true}]}}