{"id":7820,"date":"2022-02-16T14:42:26","date_gmt":"2022-02-16T14:42:26","guid":{"rendered":"http:\/\/szakrendelo-sarkad.hu\/efi\/?p=7820"},"modified":"2022-02-16T14:46:44","modified_gmt":"2022-02-16T14:46:44","slug":"fizioterapias-vonatkozasok-long-covid-tunetek-eseten","status":"publish","type":"post","link":"http:\/\/szakrendelo-sarkad.hu\/efi\/2022\/02\/16\/fizioterapias-vonatkozasok-long-covid-tunetek-eseten\/","title":{"rendered":"Fizioter\u00e1pi\u00e1s vonatkoz\u00e1sok long-covid t\u00fcnetek eset\u00e9n"},"content":{"rendered":"<p>I. Sz. B\u00f3kay Gyermekklinika aj\u00e1nl\u00e1s\u00e1val<\/p>\n<ol start=\"17\">\n<li>k\u00e9p: A k\u00e9pen tal\u00e1lhat\u00f3 linkek:<\/li>\n<\/ol>\n<p><a href=\"https:\/\/www.youtube.com\/watch?v=d55z6dbNGMU\">https:\/\/www.youtube.com\/watch?v=d55z6dbNGMU<\/a><\/p>\n<p><a href=\"https:\/\/www.youtube.com\/watch?v=VQIh55cQdkY\">https:\/\/www.youtube.com\/watch?v=VQIh55cQdkY<\/a><\/p>\n<p>&nbsp;<\/p>\n<ol start=\"19\">\n<li>k\u00e9p: A k\u00e9pen tal\u00e1lhat\u00f3 linkek:<\/li>\n<\/ol>\n<p><a href=\"https:\/\/l.facebook.com\/l.php?u=https%3A%2F%2Fwww.youtube.com%2Fwatch%3Fv%3DqTN_MtV5TFw&amp;h=AT0xwJOH7ShcK7uhwdT5nJ5rCDs9qmpQWr8pDgI8VmF9CPk2w9Ibx_UxBzYBJ-iLJOn-Ee1PwsxjhigZqBqPuGv4Mxqj8FZU2JMzKTLLv3bngE-St5cNd3qi5rkw-IMoMZtm0a4G16sB5LPN1y30&amp;__tn__=-UK*F\">https:\/\/www.youtube.com\/watch?v=qTN_MtV5TFw<\/a><\/p>\n<p><a href=\"https:\/\/www.youtube.com\/watch?v=IB1JNAcc2mc\">https:\/\/www.youtube.com\/watch?v=IB1JNAcc2mc<\/a><\/p>\n\t<div class='ngg-imagebrowser' id='ngg-imagebrowser-2cc518a56419efa1bc01e3e793daca21-7820' data-nextgen-gallery-id=\"2cc518a56419efa1bc01e3e793daca21\">\n\n    <h3>12.<\/h3>\n\n\t\t<div id=\"ngg-image-0\" class=\"pic\" >\n        <a href='http:\/\/szakrendelo-sarkad.hu\/efi\/wp-content\/uploads\/sites\/2\/nggallery\/fizioterapias\/12..png'\n           title=' '\n           data-src=\"http:\/\/szakrendelo-sarkad.hu\/efi\/wp-content\/uploads\/sites\/2\/nggallery\/fizioterapias\/12..png\"\n           data-thumbnail=\"http:\/\/szakrendelo-sarkad.hu\/efi\/wp-content\/uploads\/sites\/2\/nggallery\/fizioterapias\/thumbs\/thumbs_12..png\"\n           data-image-id=\"1856\"\n           data-title=\"12.\"\n           data-description=\" \"\n           class=\"ngg-fancybox\" rel=\"2cc518a56419efa1bc01e3e793daca21\">\n            <img title='12.'\n                 alt='12.'\n                 src='http:\/\/szakrendelo-sarkad.hu\/efi\/wp-content\/uploads\/sites\/2\/nggallery\/fizioterapias\/12..png'\/>\n        <\/a>\n\t  <\/div> \n\n    <div class='ngg-imagebrowser-nav'>\n\n        <div class='back'>\n            <a class='ngg-browser-prev'\n               id='ngg-prev-1846'\n               href='http:\/\/szakrendelo-sarkad.hu\/efi\/2022\/02\/16\/fizioterapias-vonatkozasok-long-covid-tunetek-eseten\/nggallery\/image\/2-6\/'>\n                &#9668; El\u0151z\u0151            <\/a>\n        <\/div>\n\n        <div class='next'>\n            <a class='ngg-browser-next'\n               id='ngg-next-1866'\n               href='http:\/\/szakrendelo-sarkad.hu\/efi\/2022\/02\/16\/fizioterapias-vonatkozasok-long-covid-tunetek-eseten\/nggallery\/image\/22\/'>\n                K\u00f6vetkez\u0151                &#9658;\n            <\/a>\n        <\/div>\n\n        <div class='counter'>\n            K\u00e9p 1  \/ 22        <\/div>\n\n        <div class='ngg-imagebrowser-desc'>\n            <p>\n                             <\/p>\n        <\/div>\n\n    <\/div>\n\n<\/div>\n<script type='text\/javascript'>\n\tjQuery(function($) {\n\t\tnew NggPaginatedGallery('2cc518a56419efa1bc01e3e793daca21', '.ngg-imagebrowser');\n\t});\n<\/script>\n","protected":false},"excerpt":{"rendered":"<div class=\"entry-summary\">\n<div class=\"entry-summary\">\nI. Sz. B\u00f3kay Gyermekklinika aj\u00e1nl\u00e1s\u00e1val k\u00e9p: A k\u00e9pen tal\u00e1lhat\u00f3 linkek: https:\/\/www.youtube.com\/watch?v=d55z6dbNGMU https:\/\/www.youtube.com\/watch?v=VQIh55cQdkY &nbsp; k\u00e9p: A k\u00e9pen tal\u00e1lhat\u00f3 linkek:&hellip;\n<\/div>\n<div class=\"link-more\"><a href=\"http:\/\/szakrendelo-sarkad.hu\/efi\/2022\/02\/16\/fizioterapias-vonatkozasok-long-covid-tunetek-eseten\/\" class=\"more-link\">Continue reading<span class=\"screen-reader-text\"> &ldquo;Fizioter\u00e1pi\u00e1s vonatkoz\u00e1sok long-covid t\u00fcnetek eset\u00e9n&rdquo;<\/span>&hellip;<\/a><\/div>\n<\/div>\n<div class=\"link-more\"><a href=\"http:\/\/szakrendelo-sarkad.hu\/efi\/2022\/02\/16\/fizioterapias-vonatkozasok-long-covid-tunetek-eseten\/\" class=\"more-link\">Continue reading<span class=\"screen-reader-text\"> &ldquo;Fizioter\u00e1pi\u00e1s vonatkoz\u00e1sok long-covid t\u00fcnetek eset\u00e9n&rdquo;<\/span>&hellip;<\/a><\/div>\n","protected":false},"author":1,"featured_media":7840,"comment_status":"closed","ping_status":"closed","sticky":false,"template":"","format":"standard","meta":{"ngg_post_thumbnail":0,"footnotes":""},"categories":[1],"tags":[],"class_list":["post-7820","post","type-post","status-publish","format-standard","has-post-thumbnail","hentry","category-egyeb","entry"],"_links":{"self":[{"href":"http:\/\/szakrendelo-sarkad.hu\/efi\/wp-json\/wp\/v2\/posts\/7820","targetHints":{"allow":["GET"]}}],"collection":[{"href":"http:\/\/szakrendelo-sarkad.hu\/efi\/wp-json\/wp\/v2\/posts"}],"about":[{"href":"http:\/\/szakrendelo-sarkad.hu\/efi\/wp-json\/wp\/v2\/types\/post"}],"author":[{"embeddable":true,"href":"http:\/\/szakrendelo-sarkad.hu\/efi\/wp-json\/wp\/v2\/users\/1"}],"replies":[{"embeddable":true,"href":"http:\/\/szakrendelo-sarkad.hu\/efi\/wp-json\/wp\/v2\/comments?post=7820"}],"version-history":[{"count":5,"href":"http:\/\/szakrendelo-sarkad.hu\/efi\/wp-json\/wp\/v2\/posts\/7820\/revisions"}],"predecessor-version":[{"id":7845,"href":"http:\/\/szakrendelo-sarkad.hu\/efi\/wp-json\/wp\/v2\/posts\/7820\/revisions\/7845"}],"wp:featuredmedia":[{"embeddable":true,"href":"http:\/\/szakrendelo-sarkad.hu\/efi\/wp-json\/wp\/v2\/media\/7840"}],"wp:attachment":[{"href":"http:\/\/szakrendelo-sarkad.hu\/efi\/wp-json\/wp\/v2\/media?parent=7820"}],"wp:term":[{"taxonomy":"category","embeddable":true,"href":"http:\/\/szakrendelo-sarkad.hu\/efi\/wp-json\/wp\/v2\/categories?post=7820"},{"taxonomy":"post_tag","embeddable":true,"href":"http:\/\/szakrendelo-sarkad.hu\/efi\/wp-json\/wp\/v2\/tags?post=7820"}],"curies":[{"name":"wp","href":"https:\/\/api.w.org\/{rel}","templated":true}]}}