{"id":7860,"date":"2022-03-22T13:50:36","date_gmt":"2022-03-22T13:50:36","guid":{"rendered":"http:\/\/szakrendelo-sarkad.hu\/efi\/?p=7860"},"modified":"2022-03-22T13:50:36","modified_gmt":"2022-03-22T13:50:36","slug":"marcius-21-down-szindroma-vilagnapja","status":"publish","type":"post","link":"http:\/\/szakrendelo-sarkad.hu\/efi\/2022\/03\/22\/marcius-21-down-szindroma-vilagnapja\/","title":{"rendered":"M\u00e1rcius 21.  Down szindr\u00f3ma Vil\u00e1gnapja"},"content":{"rendered":"<p>Azon kev\u00e9s emberek k\u00f6z\u00e9 tartoznak, akiknek az \u00f6r\u00fclni tud\u00e1suk sosem cs\u00f6kken, sosem sz\u0171k\u00fcl be. Akiknek mindig minden megnyilv\u00e1nul\u00e1sa olyan tiszteletrem\u00e9lt\u00f3an igaz \u00e9s val\u00f3di marad, ak\u00e1rh\u00e1ny \u00e9vesek is. Akikb\u0151l ezt a gyereklelket soha senki \u00e9s semmi nem tudja be\u00e1rny\u00e9kolni, ki\u00f6lni. Az \u0151 tisztas\u00e1gukat soha senki nem tudja bepiszk\u00edtani. Az \u0151 eredetis\u00e9g\u00fcket soha senki nem tudja belepassz\u00edrozni egy feln\u0151ttvil\u00e1g \u00e1ltal elv\u00e1rt norm\u00e1ba.\u2019\u2019<\/p>\n<p><a href=\"https:\/\/www.facebook.com\/hashtag\/worlddownsyndromeday?__eep__=6&amp;__cft__%5b0%5d=AZUSNgF4K8icqgZhUKKUisD9UmR1xQeBnx9e8KDTDAEYsd7-lkq7uCAUMP4CpnuUmIz6iJFYq-5ps_gLFIb5Athip_z57lEcgR-PfZTyszrbcwX8AbtNsKQ-IgYIeniTyfo92avMKdGh9lKPSb7r12GTcsmtAr0kIrRwogX9wte9URqCN2vXv6zKRxlgYzlmRZZC1JeJ_xZPYSJtbrUEj4ZbZfbjK4rGwIWs8WSRpvvEJw&amp;__tn__=*NK-R\">#WorldDownSyndromeDay<\/a> <a href=\"https:\/\/www.facebook.com\/hashtag\/mindengyermekegyenl%C5%91?__eep__=6&amp;__cft__%5b0%5d=AZUSNgF4K8icqgZhUKKUisD9UmR1xQeBnx9e8KDTDAEYsd7-lkq7uCAUMP4CpnuUmIz6iJFYq-5ps_gLFIb5Athip_z57lEcgR-PfZTyszrbcwX8AbtNsKQ-IgYIeniTyfo92avMKdGh9lKPSb7r12GTcsmtAr0kIrRwogX9wte9URqCN2vXv6zKRxlgYzlmRZZC1JeJ_xZPYSJtbrUEj4ZbZfbjK4rGwIWs8WSRpvvEJw&amp;__tn__=*NK-R\">#mindengyermekegyenl\u0151<\/a><\/p>\n<p><img loading=\"lazy\" decoding=\"async\" class=\"aligncenter size-full wp-image-7861\" src=\"http:\/\/szakrendelo-sarkad.hu\/efi\/wp-content\/uploads\/sites\/2\/2022\/03\/1-1.jpg\" alt=\"\" width=\"526\" height=\"526\" srcset=\"http:\/\/szakrendelo-sarkad.hu\/efi\/wp-content\/uploads\/sites\/2\/2022\/03\/1-1.jpg 526w, http:\/\/szakrendelo-sarkad.hu\/efi\/wp-content\/uploads\/sites\/2\/2022\/03\/1-1-300x300.jpg 300w, http:\/\/szakrendelo-sarkad.hu\/efi\/wp-content\/uploads\/sites\/2\/2022\/03\/1-1-150x150.jpg 150w\" sizes=\"auto, (max-width: 526px) 100vw, 526px\" \/><\/p>\n<p><em>Forr\u00e1s: K\u00e9k Vonal Gyerekkr\u00edzis Alap\u00edtv\u00e1ny<\/em><\/p>\n","protected":false},"excerpt":{"rendered":"<div class=\"entry-summary\">\n<div class=\"entry-summary\">\nAzon kev\u00e9s emberek k\u00f6z\u00e9 tartoznak, akiknek az \u00f6r\u00fclni tud\u00e1suk sosem cs\u00f6kken, sosem sz\u0171k\u00fcl be. Akiknek mindig minden megnyilv\u00e1nul\u00e1sa&hellip;\n<\/div>\n<div class=\"link-more\"><a href=\"http:\/\/szakrendelo-sarkad.hu\/efi\/2022\/03\/22\/marcius-21-down-szindroma-vilagnapja\/\" class=\"more-link\">Continue reading<span class=\"screen-reader-text\"> &ldquo;M\u00e1rcius 21.  Down szindr\u00f3ma Vil\u00e1gnapja&rdquo;<\/span>&hellip;<\/a><\/div>\n<\/div>\n<div class=\"link-more\"><a href=\"http:\/\/szakrendelo-sarkad.hu\/efi\/2022\/03\/22\/marcius-21-down-szindroma-vilagnapja\/\" class=\"more-link\">Continue reading<span class=\"screen-reader-text\"> &ldquo;M\u00e1rcius 21.  Down szindr\u00f3ma Vil\u00e1gnapja&rdquo;<\/span>&hellip;<\/a><\/div>\n","protected":false},"author":1,"featured_media":7862,"comment_status":"closed","ping_status":"closed","sticky":false,"template":"","format":"standard","meta":{"ngg_post_thumbnail":0,"footnotes":""},"categories":[1],"tags":[],"class_list":["post-7860","post","type-post","status-publish","format-standard","has-post-thumbnail","hentry","category-egyeb","entry"],"_links":{"self":[{"href":"http:\/\/szakrendelo-sarkad.hu\/efi\/wp-json\/wp\/v2\/posts\/7860","targetHints":{"allow":["GET"]}}],"collection":[{"href":"http:\/\/szakrendelo-sarkad.hu\/efi\/wp-json\/wp\/v2\/posts"}],"about":[{"href":"http:\/\/szakrendelo-sarkad.hu\/efi\/wp-json\/wp\/v2\/types\/post"}],"author":[{"embeddable":true,"href":"http:\/\/szakrendelo-sarkad.hu\/efi\/wp-json\/wp\/v2\/users\/1"}],"replies":[{"embeddable":true,"href":"http:\/\/szakrendelo-sarkad.hu\/efi\/wp-json\/wp\/v2\/comments?post=7860"}],"version-history":[{"count":1,"href":"http:\/\/szakrendelo-sarkad.hu\/efi\/wp-json\/wp\/v2\/posts\/7860\/revisions"}],"predecessor-version":[{"id":7863,"href":"http:\/\/szakrendelo-sarkad.hu\/efi\/wp-json\/wp\/v2\/posts\/7860\/revisions\/7863"}],"wp:featuredmedia":[{"embeddable":true,"href":"http:\/\/szakrendelo-sarkad.hu\/efi\/wp-json\/wp\/v2\/media\/7862"}],"wp:attachment":[{"href":"http:\/\/szakrendelo-sarkad.hu\/efi\/wp-json\/wp\/v2\/media?parent=7860"}],"wp:term":[{"taxonomy":"category","embeddable":true,"href":"http:\/\/szakrendelo-sarkad.hu\/efi\/wp-json\/wp\/v2\/categories?post=7860"},{"taxonomy":"post_tag","embeddable":true,"href":"http:\/\/szakrendelo-sarkad.hu\/efi\/wp-json\/wp\/v2\/tags?post=7860"}],"curies":[{"name":"wp","href":"https:\/\/api.w.org\/{rel}","templated":true}]}}