{"id":7869,"date":"2022-03-22T14:02:48","date_gmt":"2022-03-22T14:02:48","guid":{"rendered":"http:\/\/szakrendelo-sarkad.hu\/efi\/?p=7869"},"modified":"2022-03-22T14:03:31","modified_gmt":"2022-03-22T14:03:31","slug":"teriteken-az-egeszseg-magyar-dietetikusok-orszagos-szovetsege-ajanlasaval-4","status":"publish","type":"post","link":"http:\/\/szakrendelo-sarkad.hu\/efi\/2022\/03\/22\/teriteken-az-egeszseg-magyar-dietetikusok-orszagos-szovetsege-ajanlasaval-4\/","title":{"rendered":"Ter\u00edt\u00e9ken az eg\u00e9szs\u00e9g! Magyar Dietetikusok Orsz\u00e1gos Sz\u00f6vets\u00e9ge aj\u00e1nl\u00e1s\u00e1val"},"content":{"rendered":"<p>Az egym\u00e1snak ellentmond\u00f3 divatdi\u00e9t\u00e1k kor\u00e1ban az eg\u00e9szs\u00e9ges t\u00e1pl\u00e1lkoz\u00e1s megval\u00f3s\u00edt\u00e1sa bonyolultnak t\u0171nhet, de nem az!<br \/>\nAz \u00e9lelmiszercsoportok napi helyes fogyaszt\u00e1si ar\u00e1ny\u00e1nak bemutat\u00e1s\u00e1ra van egy nagyon egyszer\u0171, szemmel j\u00f3l k\u00f6vethet\u0151 \u00e1bra, a t\u00e1ny\u00e9rmodell. Ami azt szeml\u00e9lteti, hogy \u00e9tkez\u00e9s\u00fcnk fel\u00e9t z\u00f6lds\u00e9gek \u00e9s gy\u00fcm\u00f6lcs\u00f6k fedezz\u00e9k, m\u00edg m\u00e1sik fele kisebb ar\u00e1nyban feh\u00e9rjeforr\u00e1sokb\u00f3l (pl. h\u00fas, hal, toj\u00e1s, tejterm\u00e9k, sz\u00e1razh\u00fcvelyesek), nagyobb ar\u00e1nyban pedig gabonaf\u00e9l\u00e9kb\u0151l \u00e1lljon.<br \/>\nEnnek a kivitelez\u00e9s\u00e9hez, az aj\u00e1nlott mennyis\u00e9gekhez plusz inform\u00e1ci\u00f3t az okost\u00e1ny\u00e9r.hu-n tal\u00e1lsz.<\/p>\n<p><img loading=\"lazy\" decoding=\"async\" class=\"aligncenter size-full wp-image-7870\" src=\"http:\/\/szakrendelo-sarkad.hu\/efi\/wp-content\/uploads\/sites\/2\/2022\/03\/3.jpg\" alt=\"\" width=\"605\" height=\"507\" srcset=\"http:\/\/szakrendelo-sarkad.hu\/efi\/wp-content\/uploads\/sites\/2\/2022\/03\/3.jpg 605w, http:\/\/szakrendelo-sarkad.hu\/efi\/wp-content\/uploads\/sites\/2\/2022\/03\/3-300x251.jpg 300w\" sizes=\"auto, (max-width: 605px) 100vw, 605px\" \/><\/p>\n","protected":false},"excerpt":{"rendered":"<div class=\"entry-summary\">\n<div class=\"entry-summary\">\nAz egym\u00e1snak ellentmond\u00f3 divatdi\u00e9t\u00e1k kor\u00e1ban az eg\u00e9szs\u00e9ges t\u00e1pl\u00e1lkoz\u00e1s megval\u00f3s\u00edt\u00e1sa bonyolultnak t\u0171nhet, de nem az! Az \u00e9lelmiszercsoportok napi helyes&hellip;\n<\/div>\n<div class=\"link-more\"><a href=\"http:\/\/szakrendelo-sarkad.hu\/efi\/2022\/03\/22\/teriteken-az-egeszseg-magyar-dietetikusok-orszagos-szovetsege-ajanlasaval-4\/\" class=\"more-link\">Continue reading<span class=\"screen-reader-text\"> &ldquo;Ter\u00edt\u00e9ken az eg\u00e9szs\u00e9g! Magyar Dietetikusok Orsz\u00e1gos Sz\u00f6vets\u00e9ge aj\u00e1nl\u00e1s\u00e1val&rdquo;<\/span>&hellip;<\/a><\/div>\n<\/div>\n<div class=\"link-more\"><a href=\"http:\/\/szakrendelo-sarkad.hu\/efi\/2022\/03\/22\/teriteken-az-egeszseg-magyar-dietetikusok-orszagos-szovetsege-ajanlasaval-4\/\" class=\"more-link\">Continue reading<span class=\"screen-reader-text\"> &ldquo;Ter\u00edt\u00e9ken az eg\u00e9szs\u00e9g! Magyar Dietetikusok Orsz\u00e1gos Sz\u00f6vets\u00e9ge aj\u00e1nl\u00e1s\u00e1val&rdquo;<\/span>&hellip;<\/a><\/div>\n","protected":false},"author":1,"featured_media":7870,"comment_status":"closed","ping_status":"closed","sticky":false,"template":"","format":"standard","meta":{"ngg_post_thumbnail":0,"footnotes":""},"categories":[1],"tags":[],"class_list":["post-7869","post","type-post","status-publish","format-standard","has-post-thumbnail","hentry","category-egyeb","entry"],"_links":{"self":[{"href":"http:\/\/szakrendelo-sarkad.hu\/efi\/wp-json\/wp\/v2\/posts\/7869","targetHints":{"allow":["GET"]}}],"collection":[{"href":"http:\/\/szakrendelo-sarkad.hu\/efi\/wp-json\/wp\/v2\/posts"}],"about":[{"href":"http:\/\/szakrendelo-sarkad.hu\/efi\/wp-json\/wp\/v2\/types\/post"}],"author":[{"embeddable":true,"href":"http:\/\/szakrendelo-sarkad.hu\/efi\/wp-json\/wp\/v2\/users\/1"}],"replies":[{"embeddable":true,"href":"http:\/\/szakrendelo-sarkad.hu\/efi\/wp-json\/wp\/v2\/comments?post=7869"}],"version-history":[{"count":2,"href":"http:\/\/szakrendelo-sarkad.hu\/efi\/wp-json\/wp\/v2\/posts\/7869\/revisions"}],"predecessor-version":[{"id":7872,"href":"http:\/\/szakrendelo-sarkad.hu\/efi\/wp-json\/wp\/v2\/posts\/7869\/revisions\/7872"}],"wp:featuredmedia":[{"embeddable":true,"href":"http:\/\/szakrendelo-sarkad.hu\/efi\/wp-json\/wp\/v2\/media\/7870"}],"wp:attachment":[{"href":"http:\/\/szakrendelo-sarkad.hu\/efi\/wp-json\/wp\/v2\/media?parent=7869"}],"wp:term":[{"taxonomy":"category","embeddable":true,"href":"http:\/\/szakrendelo-sarkad.hu\/efi\/wp-json\/wp\/v2\/categories?post=7869"},{"taxonomy":"post_tag","embeddable":true,"href":"http:\/\/szakrendelo-sarkad.hu\/efi\/wp-json\/wp\/v2\/tags?post=7869"}],"curies":[{"name":"wp","href":"https:\/\/api.w.org\/{rel}","templated":true}]}}