{"id":7907,"date":"2022-03-31T16:23:21","date_gmt":"2022-03-31T16:23:21","guid":{"rendered":"http:\/\/szakrendelo-sarkad.hu\/efi\/?p=7907"},"modified":"2022-04-07T05:24:35","modified_gmt":"2022-04-07T05:24:35","slug":"autizmus-vilagnapja-aprilis-2","status":"publish","type":"post","link":"http:\/\/szakrendelo-sarkad.hu\/efi\/2022\/03\/31\/autizmus-vilagnapja-aprilis-2\/","title":{"rendered":"Autizmus vil\u00e1gnapja | \u00c1prilis 2."},"content":{"rendered":"<p><strong><img loading=\"lazy\" decoding=\"async\" class=\"aligncenter size-full wp-image-7908\" src=\"http:\/\/szakrendelo-sarkad.hu\/efi\/wp-content\/uploads\/sites\/2\/2022\/04\/1.jpg\" alt=\"\" width=\"605\" height=\"358\" srcset=\"http:\/\/szakrendelo-sarkad.hu\/efi\/wp-content\/uploads\/sites\/2\/2022\/04\/1.jpg 605w, http:\/\/szakrendelo-sarkad.hu\/efi\/wp-content\/uploads\/sites\/2\/2022\/04\/1-300x178.jpg 300w\" sizes=\"auto, (max-width: 605px) 100vw, 605px\" \/>\u00c1prilis 2-\u00e1n vil\u00e1gszerte az autizmus spektrumzavarra h\u00edvj\u00e1k fel a figyelmet, amely t\u00edzmilli\u00f3kat \u00e9rint a f\u00f6ld\u00f6n. Ezen a napon k\u00e9k \u00f6lt\u00f6z\u00e9kkel, illetve k\u00f6z\u00e9p\u00fcletek k\u00e9k kivil\u00e1g\u00edt\u00e1s\u00e1val is eml\u00e9keztetnek arra, hogy t\u00f6r\u0151dj\u00fcnk autista embert\u00e1rsainkkal.<\/strong><\/p>\n<p>Az autizmus egy idegi-fejl\u0151d\u00e9si rendelleness\u00e9g, ami cs\u00f6kkent m\u00e9rt\u00e9k\u0171 t\u00e1rsadalmi kapcsolatokban, kommunik\u00e1ci\u00f3s k\u00e9pess\u00e9gekben, abnorm\u00e1lis viselked\u00e9si \u00e9s \u00e9rdekl\u0151d\u00e9si mint\u00e1zatokban nyilv\u00e1nul meg.<\/p>\n<p>A f\u0151bb t\u00fcnetek a k\u00f6vetkez\u0151k:<\/p>\n<ul>\n<li>autisztikus mag\u00e1ny: ez egyfajta szellemi egyed\u00fcll\u00e9t<\/li>\n<li>felt\u0171n\u0151en egy t\u00e9m\u00e1ra korl\u00e1tozott tev\u00e9kenys\u00e9g \u00e9s \u00e9rdekl\u0151d\u00e9s<\/li>\n<li>a kommunik\u00e1ci\u00f3 speci\u00e1lis k\u00e1rosod\u00e1sa, \u00e1ltal\u00e1ban a szoci\u00e1lis interakci\u00f3ban, a k\u00e9pzel\u0151er\u0151t ig\u00e9nyl\u0151 tev\u00e9kenys\u00e9gekben<\/li>\n<\/ul>\n<p>Az autizmus s\u00falyos form\u00e1ja zavart okoz az \u00e9szlel\u00e9sben \u00e9s a kommunik\u00e1ci\u00f3ban. Az autisztikus mag\u00e1ny megnehez\u00edti a szoci\u00e1lis kapcsolatok l\u00e9trej\u00f6tt\u00e9t \u00e9s a beilleszked\u00e9st a csal\u00e1dba \u00e9s az iskol\u00e1ba. A szoci\u00e1lis szab\u00e1lyok megfelel\u0151 alkalmaz\u00e1s\u00e1ra val\u00f3 k\u00e9ptelens\u00e9ge sok stresszt okoz. Az autista gyerek nevel\u00e9se neh\u00e9z, \u00e9s a gyerek sokszor feln\u0151ttk\u00e9nt is k\u00e9ptelen lesz az \u00f6n\u00e1ll\u00f3 \u00e9letre.<\/p>\n<p>Magyarorsz\u00e1gon is robban\u00e1sszer\u0171en emelkedik a regisztr\u00e1lt autista gyerekek sz\u00e1ma.<\/p>\n<p>A legut\u00f3bbi kutat\u00e1si eredm\u00e9nyek szerint az autizmus az immunrendszer hib\u00e1ja, csak\u00fagy mint a t\u00f6bbi allergi\u00e1s megbeteged\u00e9s, egy t\u0151r\u0151l fakadnak. A betegs\u00e9g okak\u00e9nt, a jelenlegi \u00e9lelmiszerek k\u00e1ros, a szervezetben felhalmoz\u00f3d\u00f3 anyagait jel\u00f6lik meg. A v\u00e1rand\u00f3s n\u0151 t\u00e1pl\u00e1lkoz\u00e1sa nagym\u00e9rt\u00e9kben meghat\u00e1rozza a gyermek es\u00e9lyeit, hogy ezt a betegs\u00e9get elker\u00fcli, vagy sem.<\/p>\n<p>Olyan m\u00e9rgek halmoz\u00f3dhatnak fel az anya, s ezzel egyidej\u0171leg a magzat szervezet\u00e9ben, amelyek k\u00e9s\u0151bb a csecsem\u0151n\u00e9l em\u00e9szt\u00e9si-, anyagcsere-, idegrendszeri probl\u00e9m\u00e1kat okoznak.<\/p>\n<p>Akadnak olyan autist\u00e1k, akiknek csod\u00e1ljuk k\u00e9pess\u00e9geit, hiszen kiv\u00e9teles emberek, akik m\u00e9g nagyobb csod\u00e1kra lenn\u00e9nek k\u00e9pesek, ha ez a lass\u00fa vil\u00e1g megteremten\u00e9 sz\u00e1mukra a felt\u00e9teleket. \u00c9s csod\u00e1ljuk, tisztelj\u00fck mindazokat a sz\u00fcl\u0151ket, akik mindennapjaikat fel\u00e1ldozva autista gyermeket nevelnek!<\/p>\n","protected":false},"excerpt":{"rendered":"<div class=\"entry-summary\">\n<div class=\"entry-summary\">\n\u00c1prilis 2-\u00e1n vil\u00e1gszerte az autizmus spektrumzavarra h\u00edvj\u00e1k fel a figyelmet, amely t\u00edzmilli\u00f3kat \u00e9rint a f\u00f6ld\u00f6n. Ezen a napon&hellip;\n<\/div>\n<div class=\"link-more\"><a href=\"http:\/\/szakrendelo-sarkad.hu\/efi\/2022\/03\/31\/autizmus-vilagnapja-aprilis-2\/\" class=\"more-link\">Continue reading<span class=\"screen-reader-text\"> &ldquo;Autizmus vil\u00e1gnapja | \u00c1prilis 2.&rdquo;<\/span>&hellip;<\/a><\/div>\n<\/div>\n<div class=\"link-more\"><a href=\"http:\/\/szakrendelo-sarkad.hu\/efi\/2022\/03\/31\/autizmus-vilagnapja-aprilis-2\/\" class=\"more-link\">Continue reading<span class=\"screen-reader-text\"> &ldquo;Autizmus vil\u00e1gnapja | \u00c1prilis 2.&rdquo;<\/span>&hellip;<\/a><\/div>\n","protected":false},"author":1,"featured_media":7909,"comment_status":"closed","ping_status":"closed","sticky":false,"template":"","format":"standard","meta":{"ngg_post_thumbnail":0,"footnotes":""},"categories":[1],"tags":[],"class_list":["post-7907","post","type-post","status-publish","format-standard","has-post-thumbnail","hentry","category-egyeb","entry"],"_links":{"self":[{"href":"http:\/\/szakrendelo-sarkad.hu\/efi\/wp-json\/wp\/v2\/posts\/7907","targetHints":{"allow":["GET"]}}],"collection":[{"href":"http:\/\/szakrendelo-sarkad.hu\/efi\/wp-json\/wp\/v2\/posts"}],"about":[{"href":"http:\/\/szakrendelo-sarkad.hu\/efi\/wp-json\/wp\/v2\/types\/post"}],"author":[{"embeddable":true,"href":"http:\/\/szakrendelo-sarkad.hu\/efi\/wp-json\/wp\/v2\/users\/1"}],"replies":[{"embeddable":true,"href":"http:\/\/szakrendelo-sarkad.hu\/efi\/wp-json\/wp\/v2\/comments?post=7907"}],"version-history":[{"count":1,"href":"http:\/\/szakrendelo-sarkad.hu\/efi\/wp-json\/wp\/v2\/posts\/7907\/revisions"}],"predecessor-version":[{"id":7910,"href":"http:\/\/szakrendelo-sarkad.hu\/efi\/wp-json\/wp\/v2\/posts\/7907\/revisions\/7910"}],"wp:featuredmedia":[{"embeddable":true,"href":"http:\/\/szakrendelo-sarkad.hu\/efi\/wp-json\/wp\/v2\/media\/7909"}],"wp:attachment":[{"href":"http:\/\/szakrendelo-sarkad.hu\/efi\/wp-json\/wp\/v2\/media?parent=7907"}],"wp:term":[{"taxonomy":"category","embeddable":true,"href":"http:\/\/szakrendelo-sarkad.hu\/efi\/wp-json\/wp\/v2\/categories?post=7907"},{"taxonomy":"post_tag","embeddable":true,"href":"http:\/\/szakrendelo-sarkad.hu\/efi\/wp-json\/wp\/v2\/tags?post=7907"}],"curies":[{"name":"wp","href":"https:\/\/api.w.org\/{rel}","templated":true}]}}