{"id":7948,"date":"2022-04-22T15:27:21","date_gmt":"2022-04-22T15:27:21","guid":{"rendered":"http:\/\/szakrendelo-sarkad.hu\/efi\/?p=7948"},"modified":"2022-04-26T06:01:04","modified_gmt":"2022-04-26T06:01:04","slug":"fold-napja-earth-day-2022","status":"publish","type":"post","link":"http:\/\/szakrendelo-sarkad.hu\/efi\/2022\/04\/22\/fold-napja-earth-day-2022\/","title":{"rendered":"F\u00f6ld Napja \u2013 Earth Day \u2013 2022"},"content":{"rendered":"<p><strong>A F\u00f6ld Napja 2022 t\u00e9m\u00e1ja a Befektet\u00e9s a bolyg\u00f3nkba.<\/strong><\/p>\n<p><strong>Itt a pillanat, hogy mindent megv\u00e1ltoztassunk \u2013 az \u00fczleti kl\u00edm\u00e1t, a politikai kl\u00edm\u00e1t, \u00e9s azt, hogy mik\u00e9nt cseleksz\u00fcnk az \u00e9ghajlatv\u00e1ltoz\u00e1ssal kapcsolatban. Itt az ideje, hogy meg\u00e1ll\u00edthatatlan b\u00e1tors\u00e1ggal meg\u0151rizz\u00fck \u00e9s megv\u00e9dj\u00fck eg\u00e9szs\u00e9g\u00fcnket, csal\u00e1djainkat, meg\u00e9lhet\u00e9s\u00fcnket\u2026 egy\u00fctt, egy\u00fctt kell befektetn\u00fcnk a bolyg\u00f3nkba.<\/strong><\/p>\n<p><img loading=\"lazy\" decoding=\"async\" class=\"aligncenter size-full wp-image-7949\" src=\"http:\/\/szakrendelo-sarkad.hu\/efi\/wp-content\/uploads\/sites\/2\/2022\/04\/earth_day-800x500-1.jpg\" alt=\"\" width=\"800\" height=\"500\" srcset=\"http:\/\/szakrendelo-sarkad.hu\/efi\/wp-content\/uploads\/sites\/2\/2022\/04\/earth_day-800x500-1.jpg 800w, http:\/\/szakrendelo-sarkad.hu\/efi\/wp-content\/uploads\/sites\/2\/2022\/04\/earth_day-800x500-1-300x188.jpg 300w, http:\/\/szakrendelo-sarkad.hu\/efi\/wp-content\/uploads\/sites\/2\/2022\/04\/earth_day-800x500-1-768x480.jpg 768w\" sizes=\"auto, (max-width: 800px) 100vw, 800px\" \/><\/p>\n<p>Mert a z\u00f6ld j\u00f6v\u0151 egyben vir\u00e1gz\u00f3 j\u00f6v\u0151 is. 2022. \u00e1prilis 22-\u00e9n \u2013 a F\u00f6ld Napj\u00e1n cselekedj\u00fcnk egy\u00fctt!<\/p>\n<p>Cselekedn\u00fcnk kell (b\u00e1tran), \u00faj dolgokat kital\u00e1lnunk, innov\u00e1lnunk (sz\u00e9les k\u00f6rben) \u00e9s megval\u00f3s\u00edtanunk (m\u00e9lt\u00e1nyosan). Ehhez mindannyiunkra sz\u00fcks\u00e9g lesz. Mindannyiunkra. V\u00e1llalkoz\u00e1sok, korm\u00e1nyok \u00e9s polg\u00e1rok \u2013 mindenki sz\u00e1monk\u00e9rhet\u0151 \u00e9s mindenki elsz\u00e1moltathat\u00f3. Partners\u00e9g a bolyg\u00f3\u00e9rt.<\/p>\n<p>\u00c9s b\u00e1r m\u00e9g mindig van id\u0151nk megoldani az \u00e9ghajlati v\u00e1ls\u00e1got, van id\u0151nk a vir\u00e1gz\u00f3 \u00e9s fenntarthat\u00f3 j\u00f6v\u0151t v\u00e1lasztani, \u00e9s van id\u0151nk helyre\u00e1ll\u00edtani a term\u00e9szetet \u00e9s eg\u00e9szs\u00e9ges bolyg\u00f3t \u00e9p\u00edteni gyermekeink \u00e9s gyermekeik sz\u00e1m\u00e1ra, ez az id\u0151 r\u00f6vid.<\/p>\n","protected":false},"excerpt":{"rendered":"<div class=\"entry-summary\">\n<div class=\"entry-summary\">\nA F\u00f6ld Napja 2022 t\u00e9m\u00e1ja a Befektet\u00e9s a bolyg\u00f3nkba. Itt a pillanat, hogy mindent megv\u00e1ltoztassunk \u2013 az \u00fczleti&hellip;\n<\/div>\n<div class=\"link-more\"><a href=\"http:\/\/szakrendelo-sarkad.hu\/efi\/2022\/04\/22\/fold-napja-earth-day-2022\/\" class=\"more-link\">Continue reading<span class=\"screen-reader-text\"> &ldquo;F\u00f6ld Napja \u2013 Earth Day \u2013 2022&rdquo;<\/span>&hellip;<\/a><\/div>\n<\/div>\n<div class=\"link-more\"><a href=\"http:\/\/szakrendelo-sarkad.hu\/efi\/2022\/04\/22\/fold-napja-earth-day-2022\/\" class=\"more-link\">Continue reading<span class=\"screen-reader-text\"> &ldquo;F\u00f6ld Napja \u2013 Earth Day \u2013 2022&rdquo;<\/span>&hellip;<\/a><\/div>\n","protected":false},"author":1,"featured_media":7950,"comment_status":"closed","ping_status":"closed","sticky":false,"template":"","format":"standard","meta":{"ngg_post_thumbnail":0,"footnotes":""},"categories":[1],"tags":[],"class_list":["post-7948","post","type-post","status-publish","format-standard","has-post-thumbnail","hentry","category-egyeb","entry"],"_links":{"self":[{"href":"http:\/\/szakrendelo-sarkad.hu\/efi\/wp-json\/wp\/v2\/posts\/7948","targetHints":{"allow":["GET"]}}],"collection":[{"href":"http:\/\/szakrendelo-sarkad.hu\/efi\/wp-json\/wp\/v2\/posts"}],"about":[{"href":"http:\/\/szakrendelo-sarkad.hu\/efi\/wp-json\/wp\/v2\/types\/post"}],"author":[{"embeddable":true,"href":"http:\/\/szakrendelo-sarkad.hu\/efi\/wp-json\/wp\/v2\/users\/1"}],"replies":[{"embeddable":true,"href":"http:\/\/szakrendelo-sarkad.hu\/efi\/wp-json\/wp\/v2\/comments?post=7948"}],"version-history":[{"count":1,"href":"http:\/\/szakrendelo-sarkad.hu\/efi\/wp-json\/wp\/v2\/posts\/7948\/revisions"}],"predecessor-version":[{"id":7951,"href":"http:\/\/szakrendelo-sarkad.hu\/efi\/wp-json\/wp\/v2\/posts\/7948\/revisions\/7951"}],"wp:featuredmedia":[{"embeddable":true,"href":"http:\/\/szakrendelo-sarkad.hu\/efi\/wp-json\/wp\/v2\/media\/7950"}],"wp:attachment":[{"href":"http:\/\/szakrendelo-sarkad.hu\/efi\/wp-json\/wp\/v2\/media?parent=7948"}],"wp:term":[{"taxonomy":"category","embeddable":true,"href":"http:\/\/szakrendelo-sarkad.hu\/efi\/wp-json\/wp\/v2\/categories?post=7948"},{"taxonomy":"post_tag","embeddable":true,"href":"http:\/\/szakrendelo-sarkad.hu\/efi\/wp-json\/wp\/v2\/tags?post=7948"}],"curies":[{"name":"wp","href":"https:\/\/api.w.org\/{rel}","templated":true}]}}