{"id":8041,"date":"2022-05-20T05:51:48","date_gmt":"2022-05-20T05:51:48","guid":{"rendered":"http:\/\/szakrendelo-sarkad.hu\/efi\/?p=8041"},"modified":"2022-05-20T05:51:48","modified_gmt":"2022-05-20T05:51:48","slug":"kullancsfertozes-versenyfutas-az-idovel","status":"publish","type":"post","link":"http:\/\/szakrendelo-sarkad.hu\/efi\/2022\/05\/20\/kullancsfertozes-versenyfutas-az-idovel\/","title":{"rendered":"KULLANCSFERT\u0150Z\u00c9S- VERSENYFUT\u00c1S AZ ID\u0150VEL"},"content":{"rendered":"<p><strong>A k\u00f6vetkez\u0151 h\u00f3napokban t\u00f6bb id\u0151t t\u00f6lt\u00fcnk a szabadban, \u00edgy fontos felk\u00e9sz\u00fclni a r\u00e1nk leselked\u0151 vesz\u00e9lyekre is.<\/strong><\/p>\n<p><strong>Kullancsokkal ma m\u00e1r nem csak az erdei s\u00e9t\u00e1k alkalm\u00e1val, de egyre gyakrabban a j\u00e1tsz\u00f3tereken, udvarokon is tal\u00e1lkozunk.<\/strong><\/p>\n<p><strong>Mit tegy\u00fcnk, ha kullancsot tal\u00e1lunk?<\/strong><\/p>\n<ul>\n<li>Ha kullancsvesz\u00e9lyes helyen tart\u00f3zkodunk, a l\u00e1that\u00f3 b\u0151rfel\u00fcleteket \u00e9rdemes rendszeresen ellen\u0151rizni, a testfel\u00fcletet alaposan \u00e1tvizsg\u00e1lni.<\/li>\n<li>Ne feledkezz\u00fcnk meg a hajlatokr\u00f3l, a l\u00e1bujjak k\u00f6z\u00f6tti r\u00e9szekr\u0151l \u00e9s a hajas fejb\u0151r \u00e1ttekint\u00e9s\u00e9r\u0151l sem!<\/li>\n<li>Ha valahol a b\u0151r\u00fcnk\u00f6n felfedezz\u00fck a v\u00e9rsz\u00edv\u00f3t, azonnal t\u00e1vol\u00edtsuk el.<\/li>\n<li>Ha beszakad a b\u0151rbe a sz\u00e1jszerve, ne pr\u00f3b\u00e1ljuk meg kivenni, mert az csak gyullad\u00e1st okozhatunk. Rendszerint n\u00e9h\u00e1ny nap m\u00falva mag\u00e1t\u00f3l kiesik.<\/li>\n<li>Orvoshoz akkor \u00e9rdemes fordulni, ha nem tudjuk megfogni \u00e9s kih\u00fazni az \u00e9l\u0151sk\u00f6d\u0151t.<\/li>\n<\/ul>\n<p><strong>Milyen t\u00fcnetekr\u0151l ismerhet\u0151 fel a Lyme-k\u00f3r?<\/strong><\/p>\n<p>A Lyme-k\u00f3rt az egyes kullancsokban megtal\u00e1lhat\u00f3 bakt\u00e9rium, a Borrelia burgdorferi okozza.<\/p>\n<p>A Lyme-k\u00f3r \u00e1ltal\u00e1nos t\u00fcnetei egy-n\u00e9gy h\u00e9ttel a fert\u0151z\u00f6tt \u00e1llat cs\u00edp\u00e9s\u00e9t k\u00f6vet\u0151en jelentkeznek. El\u0151sz\u00f6r a j\u00f3l ismert k\u00f6r alak\u00fa folt form\u00e1j\u00e1ban, de a b\u0151rt\u00fcnettel egy id\u0151ben sokan sz\u00e1molnak be influenzaszer\u0171 panaszokr\u00f3l ( l\u00e1z, fejf\u00e1j\u00e1s, nyirokcsom\u00f3 duzzanat) is.<\/p>\n<p>A gy\u00f3gyul\u00e1s es\u00e9lyei akkor a legjobbak, ha korai st\u00e1diumban felfedezz\u00fck a fert\u0151z\u00e9st.<\/p>\n<p><strong><em>Ez\u00e9rt nagyon fontos a legkisebb gyan\u00fas t\u00fcnettel min\u00e9l hamarabb felkeresni az orvost!<\/em><\/strong><\/p>\n<p><img loading=\"lazy\" decoding=\"async\" class=\"aligncenter size-full wp-image-8042\" src=\"http:\/\/szakrendelo-sarkad.hu\/efi\/wp-content\/uploads\/sites\/2\/2022\/05\/1.jpg\" alt=\"\" width=\"725\" height=\"1024\" srcset=\"http:\/\/szakrendelo-sarkad.hu\/efi\/wp-content\/uploads\/sites\/2\/2022\/05\/1.jpg 725w, http:\/\/szakrendelo-sarkad.hu\/efi\/wp-content\/uploads\/sites\/2\/2022\/05\/1-212x300.jpg 212w\" sizes=\"auto, (max-width: 725px) 100vw, 725px\" \/><\/p>\n<p><img loading=\"lazy\" decoding=\"async\" class=\"aligncenter size-full wp-image-8043\" src=\"http:\/\/szakrendelo-sarkad.hu\/efi\/wp-content\/uploads\/sites\/2\/2022\/05\/2.jpg\" alt=\"\" width=\"725\" height=\"1024\" srcset=\"http:\/\/szakrendelo-sarkad.hu\/efi\/wp-content\/uploads\/sites\/2\/2022\/05\/2.jpg 725w, http:\/\/szakrendelo-sarkad.hu\/efi\/wp-content\/uploads\/sites\/2\/2022\/05\/2-212x300.jpg 212w\" sizes=\"auto, (max-width: 725px) 100vw, 725px\" \/><\/p>\n","protected":false},"excerpt":{"rendered":"<div class=\"entry-summary\">\n<div class=\"entry-summary\">\nA k\u00f6vetkez\u0151 h\u00f3napokban t\u00f6bb id\u0151t t\u00f6lt\u00fcnk a szabadban, \u00edgy fontos felk\u00e9sz\u00fclni a r\u00e1nk leselked\u0151 vesz\u00e9lyekre is. Kullancsokkal ma&hellip;\n<\/div>\n<div class=\"link-more\"><a href=\"http:\/\/szakrendelo-sarkad.hu\/efi\/2022\/05\/20\/kullancsfertozes-versenyfutas-az-idovel\/\" class=\"more-link\">Continue reading<span class=\"screen-reader-text\"> &ldquo;KULLANCSFERT\u0150Z\u00c9S- VERSENYFUT\u00c1S AZ ID\u0150VEL&rdquo;<\/span>&hellip;<\/a><\/div>\n<\/div>\n<div class=\"link-more\"><a href=\"http:\/\/szakrendelo-sarkad.hu\/efi\/2022\/05\/20\/kullancsfertozes-versenyfutas-az-idovel\/\" class=\"more-link\">Continue reading<span class=\"screen-reader-text\"> &ldquo;KULLANCSFERT\u0150Z\u00c9S- VERSENYFUT\u00c1S AZ ID\u0150VEL&rdquo;<\/span>&hellip;<\/a><\/div>\n","protected":false},"author":1,"featured_media":8044,"comment_status":"closed","ping_status":"closed","sticky":false,"template":"","format":"standard","meta":{"ngg_post_thumbnail":0,"footnotes":""},"categories":[1],"tags":[],"class_list":["post-8041","post","type-post","status-publish","format-standard","has-post-thumbnail","hentry","category-egyeb","entry"],"_links":{"self":[{"href":"http:\/\/szakrendelo-sarkad.hu\/efi\/wp-json\/wp\/v2\/posts\/8041","targetHints":{"allow":["GET"]}}],"collection":[{"href":"http:\/\/szakrendelo-sarkad.hu\/efi\/wp-json\/wp\/v2\/posts"}],"about":[{"href":"http:\/\/szakrendelo-sarkad.hu\/efi\/wp-json\/wp\/v2\/types\/post"}],"author":[{"embeddable":true,"href":"http:\/\/szakrendelo-sarkad.hu\/efi\/wp-json\/wp\/v2\/users\/1"}],"replies":[{"embeddable":true,"href":"http:\/\/szakrendelo-sarkad.hu\/efi\/wp-json\/wp\/v2\/comments?post=8041"}],"version-history":[{"count":1,"href":"http:\/\/szakrendelo-sarkad.hu\/efi\/wp-json\/wp\/v2\/posts\/8041\/revisions"}],"predecessor-version":[{"id":8045,"href":"http:\/\/szakrendelo-sarkad.hu\/efi\/wp-json\/wp\/v2\/posts\/8041\/revisions\/8045"}],"wp:featuredmedia":[{"embeddable":true,"href":"http:\/\/szakrendelo-sarkad.hu\/efi\/wp-json\/wp\/v2\/media\/8044"}],"wp:attachment":[{"href":"http:\/\/szakrendelo-sarkad.hu\/efi\/wp-json\/wp\/v2\/media?parent=8041"}],"wp:term":[{"taxonomy":"category","embeddable":true,"href":"http:\/\/szakrendelo-sarkad.hu\/efi\/wp-json\/wp\/v2\/categories?post=8041"},{"taxonomy":"post_tag","embeddable":true,"href":"http:\/\/szakrendelo-sarkad.hu\/efi\/wp-json\/wp\/v2\/tags?post=8041"}],"curies":[{"name":"wp","href":"https:\/\/api.w.org\/{rel}","templated":true}]}}