{"id":823,"date":"2015-06-30T07:53:35","date_gmt":"2015-06-30T07:53:35","guid":{"rendered":"http:\/\/efi.szakrendelo-sarkad.hu\/?p=823"},"modified":"2015-06-30T07:53:35","modified_gmt":"2015-06-30T07:53:35","slug":"sarkad-mehkerek-kotegyan-ujszalonta-sportnap-2015-majus-20","status":"publish","type":"post","link":"http:\/\/szakrendelo-sarkad.hu\/efi\/2015\/06\/30\/sarkad-mehkerek-kotegyan-ujszalonta-sportnap-2015-majus-20\/","title":{"rendered":"Sarkad-M\u00e9hker\u00e9k-K\u00f6tegy\u00e1n-\u00dajszalonta | Sportnap | 2015. M\u00e1jus 20."},"content":{"rendered":"<p>A\u00a0<strong>T\u00c1MOP-6.1.2\/LHH-11-B\/2012-0006<\/strong>\u00a0k\u00f3dsz\u00e1m\u00fa p\u00e1ly\u00e1zat kapcs\u00e1n l\u00e9trej\u00f6tt\u00a0<strong>Sarkadi Eg\u00e9szs\u00e9gfejleszt\u00e9si Iroda <\/strong>szervez\u00e9s\u00e9nek keret\u00e9ben\u00a0<strong>2015. m\u00e1jus 20-\u00e1n<\/strong>\u00a0(szerda) a Kih\u00edv\u00e1s Napj\u00e1n ker\u00fclt megrendez\u00e9sre a\u00a0<strong>Sarkad-M\u00e9hker\u00e9k-K\u00f6tegy\u00e1n-\u00dajszalonta<\/strong> telep\u00fcl\u00e9sek k\u00f6z\u00f6tti sportnapra.<\/p>\n<p><strong>A programok h\u00e1rom helysz\u00ednen, nyolc sport\u00e1gban ker\u00fcltek megrendez\u00e9sre. <\/strong>A Bart\u00f3k B\u00e9la M\u0171vel\u0151d\u00e9si K\u00f6zpontn\u00e1l d\u00e9lel\u0151tt gy\u00f3gytorn\u00e1t tartott\u00a0<strong>Bonyh\u00e1di Olga gy\u00f3gytorn\u00e1sz<\/strong>, majd az\u00a0<strong>Eg\u00e9szs\u00e9g\u00fcnk\u00e9rt Sport- \u00e9s Kultur\u00e1lis Egyes\u00fclet<\/strong>\u00a0<strong>Kelemen M\u00e1ria <\/strong>k\u00e9pviselet\u00e9ben zumba edz\u00e9ssel v\u00e1rta a mozogni v\u00e1gy\u00f3kat. Ezt k\u00f6vet\u0151en asztalitenisz m\u00e9rk\u0151z\u00e9sre ny\u00edlt lehet\u0151s\u00e9g egy\u00e9ni \u00e9s p\u00e1ros kateg\u00f3ri\u00e1kban egyar\u00e1nt.<\/p>\n<p>Az\u00a0<strong>Ady Endre \u2013 Bay Zolt\u00e1n K\u00f6z\u00e9piskola Tornacsarnok\u00e1ban \u00e9s Sportp\u00e1ly\u00e1j\u00e1n<\/strong>\u00a0r\u00f6plabda, tenisz, \u00e9s futball m\u00e9rk\u0151z\u00e9sre volt lehet\u0151s\u00e9g.<\/p>\n<p>Az \u00c9den-tavakon a\u00a0<strong>Sarkadi B\u00e1rk\u00e1s Horg\u00e1sz Egyes\u00fclet<\/strong>\u00a0egy\u00fcttm\u0171k\u00f6d\u00e9s\u00e9vel rendezett sporthorg\u00e1sz versenyt.<\/p>\n<p>D\u00e9lut\u00e1n a\u00a0<strong>Sarkad \u00e9s T\u00e9rs\u00e9ge Ker\u00e9kp\u00e1ros, Eg\u00e9szs\u00e9gmeg\u0151rz\u0151 Ifj\u00fas\u00e1gi K\u00f6zhaszn\u00fa Egyes\u00fclet\u00a0<\/strong>tagjai \u00e9s a ker\u00e9kp\u00e1roz\u00e1s kedvel\u0151i M\u00e9hker\u00e9k bek\u00f6t\u0151\u00fatj\u00e1ig, majd onnan vissza Sarkadra tekertek.<\/p>\n<p>A nap gy\u0151ztesei r\u00e9sz\u00e9re a d\u00edjak \u00e1tad\u00e1s\u00e1ra az Ady Endre- Bay Zolt\u00e1n K\u00f6z\u00e9piskol\u00e1ban megrendezett z\u00e1r\u00f3 rendezv\u00e9ny keret\u00e9ben ker\u00fclt sor. A rendezv\u00e9nyt <strong>Debreczeni Lajos a Sarkadi Kist\u00e9rs\u00e9gi J\u00e1r\u00f3beteg-Szakell\u00e1t\u00f3 K\u00f6zpont \u00fcgyvezet\u0151\/projektmendzsere <\/strong>z\u00e1rta \u00e9s mondott k\u00f6sz\u00f6netet a r\u00e9sztvev\u0151knek. A d\u00edjakat<strong> Mester Judit Ibolya Sarkad V\u00e1ros Alpolg\u00e1rmester Asszonya <\/strong>adta \u00e1t a rendezv\u00e9nyen sikeresen teljes\u00edt\u0151k sz\u00e1m\u00e1ra.<\/p>\n<p>A rendezv\u00e9ny ideje alatt a Sarkadi Eg\u00e9szs\u00e9gfejleszt\u00e9si Iroda munkat\u00e1rsai eg\u00e9szs\u00e9g\u00fcgyi sz\u0171r\u0151vizsg\u00e1latot (v\u00e9rnyom\u00e1sm\u00e9r\u00e9s, pulzussz\u00e1mol\u00e1s, testt\u00f6meg m\u00e9r\u00e9s, testt\u00f6meg index sz\u00e1m\u00edt\u00e1s\u00e1t (BMI), testzs\u00edr m\u00e9r\u00e9st, v\u00e9rcukor m\u00e9r\u00e9st, pulzoximeter m\u00e9r\u00e9st) biztos\u00edtottak.<\/p>\n<p>A Sarkadi Kist\u00e9rs\u00e9gi Eg\u00e9szs\u00e9g\u00fcgyi Fejleszt\u0151 Nonprofit Kft. nev\u00e9ben ez\u00faton k\u00f6sz\u00f6nj\u00fck az e napon t\u00f6rt\u00e9n\u0151 egy\u00fcttm\u0171k\u00f6d\u00e9st \u00e9s akt\u00edv r\u00e9szv\u00e9telt a kist\u00e9rs\u00e9g \u00e9rintett \u00f6nkorm\u00e1nyzatainak, \u00e9s az \u00f6sszes k\u00f6zrem\u0171k\u00f6d\u0151 civil szervezetnek, de legf\u0151k\u00e9ppen a megjelent lakosoknak.<\/p>\n<p>Tov\u00e1bbi j\u00f3 eg\u00e9szs\u00e9get k\u00edv\u00e1nunk minden kedves Sarkadi Kist\u00e9rs\u00e9gi Lakosnak!<\/p>\n<!-- index.php -->\n<div\n\tclass=\"ngg-galleryoverview ngg-ajax-pagination-none\"\n\tid=\"ngg-gallery-ac990e2fb86d3e5a69235d97651440ac-1\">\n\n    \t<div class=\"slideshowlink\">\n        <a href='http:\/\/szakrendelo-sarkad.hu\/efi\/2015\/06\/30\/sarkad-mehkerek-kotegyan-ujszalonta-sportnap-2015-majus-20\/nggallery\/slideshow'>[Diavet\u00edt\u00e9s ind\u00edt\u00e1sa]<\/a>\n\t\t\n\t<\/div>\n\t\t\t<!-- Thumbnails -->\n\t\t\t\t<div id=\"ngg-image-0\" class=\"ngg-gallery-thumbnail-box\" >\n\t\t\t\t        <div class=\"ngg-gallery-thumbnail\">\n            <a href=\"http:\/\/szakrendelo-sarkad.hu\/efi\/wp-content\/gallery\/efiold\/cikk2_sportnap\/1.JPG\"\n               title=\"\"\n               data-src=\"http:\/\/szakrendelo-sarkad.hu\/efi\/wp-content\/gallery\/efiold\/cikk2_sportnap\/1.JPG\"\n               data-thumbnail=\"http:\/\/szakrendelo-sarkad.hu\/efi\/wp-content\/gallery\/efiold\/cikk2_sportnap\/thumbs\/thumbs_1.JPG\"\n               data-image-id=\"505\"\n               data-title=\"1.JPG\"\n               data-description=\"\"\n               data-image-slug=\"1-jpg-2\"\n               class=\"ngg-fancybox\" rel=\"ac990e2fb86d3e5a69235d97651440ac\">\n                <img\n                    title=\"1.JPG\"\n                    alt=\"1.JPG\"\n                    src=\"http:\/\/szakrendelo-sarkad.hu\/efi\/wp-content\/gallery\/efiold\/cikk2_sportnap\/thumbs\/thumbs_1.JPG\"\n                    width=\"100\"\n                    height=\"75\"\n                    style=\"max-width:100%;\"\n                \/>\n            <\/a>\n        <\/div>\n\t\t\t\t\t\t\t<\/div> \n\t\t\t\n        \n\t\t\t\t<div id=\"ngg-image-1\" class=\"ngg-gallery-thumbnail-box\" >\n\t\t\t\t        <div class=\"ngg-gallery-thumbnail\">\n            <a href=\"http:\/\/szakrendelo-sarkad.hu\/efi\/wp-content\/gallery\/efiold\/cikk2_sportnap\/2.JPG\"\n               title=\"\"\n               data-src=\"http:\/\/szakrendelo-sarkad.hu\/efi\/wp-content\/gallery\/efiold\/cikk2_sportnap\/2.JPG\"\n               data-thumbnail=\"http:\/\/szakrendelo-sarkad.hu\/efi\/wp-content\/gallery\/efiold\/cikk2_sportnap\/thumbs\/thumbs_2.JPG\"\n               data-image-id=\"506\"\n               data-title=\"2.JPG\"\n               data-description=\"\"\n               data-image-slug=\"2-jpg-2\"\n               class=\"ngg-fancybox\" rel=\"ac990e2fb86d3e5a69235d97651440ac\">\n                <img\n                    title=\"2.JPG\"\n                    alt=\"2.JPG\"\n                    src=\"http:\/\/szakrendelo-sarkad.hu\/efi\/wp-content\/gallery\/efiold\/cikk2_sportnap\/thumbs\/thumbs_2.JPG\"\n                    width=\"100\"\n                    height=\"75\"\n                    style=\"max-width:100%;\"\n                \/>\n            <\/a>\n        <\/div>\n\t\t\t\t\t\t\t<\/div> \n\t\t\t\n        \n\t\t\t\t<div id=\"ngg-image-2\" class=\"ngg-gallery-thumbnail-box\" >\n\t\t\t\t        <div class=\"ngg-gallery-thumbnail\">\n            <a href=\"http:\/\/szakrendelo-sarkad.hu\/efi\/wp-content\/gallery\/efiold\/cikk2_sportnap\/3.JPG\"\n               title=\"\"\n               data-src=\"http:\/\/szakrendelo-sarkad.hu\/efi\/wp-content\/gallery\/efiold\/cikk2_sportnap\/3.JPG\"\n               data-thumbnail=\"http:\/\/szakrendelo-sarkad.hu\/efi\/wp-content\/gallery\/efiold\/cikk2_sportnap\/thumbs\/thumbs_3.JPG\"\n               data-image-id=\"507\"\n               data-title=\"3.JPG\"\n               data-description=\"\"\n               data-image-slug=\"3-jpg-2\"\n               class=\"ngg-fancybox\" rel=\"ac990e2fb86d3e5a69235d97651440ac\">\n                <img\n                    title=\"3.JPG\"\n                    alt=\"3.JPG\"\n                    src=\"http:\/\/szakrendelo-sarkad.hu\/efi\/wp-content\/gallery\/efiold\/cikk2_sportnap\/thumbs\/thumbs_3.JPG\"\n                    width=\"100\"\n                    height=\"75\"\n                    style=\"max-width:100%;\"\n                \/>\n            <\/a>\n        <\/div>\n\t\t\t\t\t\t\t<\/div> \n\t\t\t\n        \n\t\t\t\t<div id=\"ngg-image-3\" class=\"ngg-gallery-thumbnail-box\" >\n\t\t\t\t        <div class=\"ngg-gallery-thumbnail\">\n            <a href=\"http:\/\/szakrendelo-sarkad.hu\/efi\/wp-content\/gallery\/efiold\/cikk2_sportnap\/4.JPG\"\n               title=\"\"\n               data-src=\"http:\/\/szakrendelo-sarkad.hu\/efi\/wp-content\/gallery\/efiold\/cikk2_sportnap\/4.JPG\"\n               data-thumbnail=\"http:\/\/szakrendelo-sarkad.hu\/efi\/wp-content\/gallery\/efiold\/cikk2_sportnap\/thumbs\/thumbs_4.JPG\"\n               data-image-id=\"508\"\n               data-title=\"4.JPG\"\n               data-description=\"\"\n               data-image-slug=\"4-jpg-2\"\n               class=\"ngg-fancybox\" rel=\"ac990e2fb86d3e5a69235d97651440ac\">\n                <img\n                    title=\"4.JPG\"\n                    alt=\"4.JPG\"\n                    src=\"http:\/\/szakrendelo-sarkad.hu\/efi\/wp-content\/gallery\/efiold\/cikk2_sportnap\/thumbs\/thumbs_4.JPG\"\n                    width=\"100\"\n                    height=\"75\"\n                    style=\"max-width:100%;\"\n                \/>\n            <\/a>\n        <\/div>\n\t\t\t\t\t\t\t<\/div> \n\t\t\t\n        \n\t\t\t\t<div id=\"ngg-image-4\" class=\"ngg-gallery-thumbnail-box\" >\n\t\t\t\t        <div class=\"ngg-gallery-thumbnail\">\n            <a href=\"http:\/\/szakrendelo-sarkad.hu\/efi\/wp-content\/gallery\/efiold\/cikk2_sportnap\/5.JPG\"\n               title=\"\"\n               data-src=\"http:\/\/szakrendelo-sarkad.hu\/efi\/wp-content\/gallery\/efiold\/cikk2_sportnap\/5.JPG\"\n               data-thumbnail=\"http:\/\/szakrendelo-sarkad.hu\/efi\/wp-content\/gallery\/efiold\/cikk2_sportnap\/thumbs\/thumbs_5.JPG\"\n               data-image-id=\"509\"\n               data-title=\"5.JPG\"\n               data-description=\"\"\n               data-image-slug=\"5-jpg-2\"\n               class=\"ngg-fancybox\" rel=\"ac990e2fb86d3e5a69235d97651440ac\">\n                <img\n                    title=\"5.JPG\"\n                    alt=\"5.JPG\"\n                    src=\"http:\/\/szakrendelo-sarkad.hu\/efi\/wp-content\/gallery\/efiold\/cikk2_sportnap\/thumbs\/thumbs_5.JPG\"\n                    width=\"100\"\n                    height=\"75\"\n                    style=\"max-width:100%;\"\n                \/>\n            <\/a>\n        <\/div>\n\t\t\t\t\t\t\t<\/div> \n\t\t\t\n        \n\t\t\t\t<div id=\"ngg-image-5\" class=\"ngg-gallery-thumbnail-box\" >\n\t\t\t\t        <div class=\"ngg-gallery-thumbnail\">\n            <a href=\"http:\/\/szakrendelo-sarkad.hu\/efi\/wp-content\/gallery\/efiold\/cikk2_sportnap\/6.JPG\"\n               title=\"\"\n               data-src=\"http:\/\/szakrendelo-sarkad.hu\/efi\/wp-content\/gallery\/efiold\/cikk2_sportnap\/6.JPG\"\n               data-thumbnail=\"http:\/\/szakrendelo-sarkad.hu\/efi\/wp-content\/gallery\/efiold\/cikk2_sportnap\/thumbs\/thumbs_6.JPG\"\n               data-image-id=\"510\"\n               data-title=\"6.JPG\"\n               data-description=\"\"\n               data-image-slug=\"6-jpg-1\"\n               class=\"ngg-fancybox\" rel=\"ac990e2fb86d3e5a69235d97651440ac\">\n                <img\n                    title=\"6.JPG\"\n                    alt=\"6.JPG\"\n                    src=\"http:\/\/szakrendelo-sarkad.hu\/efi\/wp-content\/gallery\/efiold\/cikk2_sportnap\/thumbs\/thumbs_6.JPG\"\n                    width=\"100\"\n                    height=\"75\"\n                    style=\"max-width:100%;\"\n                \/>\n            <\/a>\n        <\/div>\n\t\t\t\t\t\t\t<\/div> \n\t\t\t\n        \n\t\t\t\t<div id=\"ngg-image-6\" class=\"ngg-gallery-thumbnail-box\" >\n\t\t\t\t        <div class=\"ngg-gallery-thumbnail\">\n            <a href=\"http:\/\/szakrendelo-sarkad.hu\/efi\/wp-content\/gallery\/efiold\/cikk2_sportnap\/7.JPG\"\n               title=\"\"\n               data-src=\"http:\/\/szakrendelo-sarkad.hu\/efi\/wp-content\/gallery\/efiold\/cikk2_sportnap\/7.JPG\"\n               data-thumbnail=\"http:\/\/szakrendelo-sarkad.hu\/efi\/wp-content\/gallery\/efiold\/cikk2_sportnap\/thumbs\/thumbs_7.JPG\"\n               data-image-id=\"511\"\n               data-title=\"7.JPG\"\n               data-description=\"\"\n               data-image-slug=\"7-jpg-1\"\n               class=\"ngg-fancybox\" rel=\"ac990e2fb86d3e5a69235d97651440ac\">\n                <img\n                    title=\"7.JPG\"\n                    alt=\"7.JPG\"\n                    src=\"http:\/\/szakrendelo-sarkad.hu\/efi\/wp-content\/gallery\/efiold\/cikk2_sportnap\/thumbs\/thumbs_7.JPG\"\n                    width=\"100\"\n                    height=\"75\"\n                    style=\"max-width:100%;\"\n                \/>\n            <\/a>\n        <\/div>\n\t\t\t\t\t\t\t<\/div> \n\t\t\t\n        \n\t\t\t\t<div id=\"ngg-image-7\" class=\"ngg-gallery-thumbnail-box\" >\n\t\t\t\t        <div class=\"ngg-gallery-thumbnail\">\n            <a href=\"http:\/\/szakrendelo-sarkad.hu\/efi\/wp-content\/gallery\/efiold\/cikk2_sportnap\/8.JPG\"\n               title=\"\"\n               data-src=\"http:\/\/szakrendelo-sarkad.hu\/efi\/wp-content\/gallery\/efiold\/cikk2_sportnap\/8.JPG\"\n               data-thumbnail=\"http:\/\/szakrendelo-sarkad.hu\/efi\/wp-content\/gallery\/efiold\/cikk2_sportnap\/thumbs\/thumbs_8.JPG\"\n               data-image-id=\"512\"\n               data-title=\"8.JPG\"\n               data-description=\"\"\n               data-image-slug=\"8-jpg-1\"\n               class=\"ngg-fancybox\" rel=\"ac990e2fb86d3e5a69235d97651440ac\">\n                <img\n                    title=\"8.JPG\"\n                    alt=\"8.JPG\"\n                    src=\"http:\/\/szakrendelo-sarkad.hu\/efi\/wp-content\/gallery\/efiold\/cikk2_sportnap\/thumbs\/thumbs_8.JPG\"\n                    width=\"100\"\n                    height=\"75\"\n                    style=\"max-width:100%;\"\n                \/>\n            <\/a>\n        <\/div>\n\t\t\t\t\t\t\t<\/div> \n\t\t\t\n        \n\t\t\t\t<div id=\"ngg-image-8\" class=\"ngg-gallery-thumbnail-box\" >\n\t\t\t\t        <div class=\"ngg-gallery-thumbnail\">\n            <a href=\"http:\/\/szakrendelo-sarkad.hu\/efi\/wp-content\/gallery\/efiold\/cikk2_sportnap\/9.JPG\"\n               title=\"\"\n               data-src=\"http:\/\/szakrendelo-sarkad.hu\/efi\/wp-content\/gallery\/efiold\/cikk2_sportnap\/9.JPG\"\n               data-thumbnail=\"http:\/\/szakrendelo-sarkad.hu\/efi\/wp-content\/gallery\/efiold\/cikk2_sportnap\/thumbs\/thumbs_9.JPG\"\n               data-image-id=\"513\"\n               data-title=\"9.JPG\"\n               data-description=\"\"\n               data-image-slug=\"9-jpg-1\"\n               class=\"ngg-fancybox\" rel=\"ac990e2fb86d3e5a69235d97651440ac\">\n                <img\n                    title=\"9.JPG\"\n                    alt=\"9.JPG\"\n                    src=\"http:\/\/szakrendelo-sarkad.hu\/efi\/wp-content\/gallery\/efiold\/cikk2_sportnap\/thumbs\/thumbs_9.JPG\"\n                    width=\"100\"\n                    height=\"75\"\n                    style=\"max-width:100%;\"\n                \/>\n            <\/a>\n        <\/div>\n\t\t\t\t\t\t\t<\/div> \n\t\t\t\n        \n\t\t\n\t\t<!-- Pagination -->\n\t<div class='ngg-clear'><\/div>\t<\/div>\n\n","protected":false},"excerpt":{"rendered":"<div class=\"entry-summary\">\n<div class=\"entry-summary\">\nA\u00a0T\u00c1MOP-6.1.2\/LHH-11-B\/2012-0006\u00a0k\u00f3dsz\u00e1m\u00fa p\u00e1ly\u00e1zat kapcs\u00e1n l\u00e9trej\u00f6tt\u00a0Sarkadi Eg\u00e9szs\u00e9gfejleszt\u00e9si Iroda szervez\u00e9s\u00e9nek keret\u00e9ben\u00a02015. m\u00e1jus 20-\u00e1n\u00a0(szerda) a Kih\u00edv\u00e1s Napj\u00e1n ker\u00fclt megrendez\u00e9sre a\u00a0Sarkad-M\u00e9hker\u00e9k-K\u00f6tegy\u00e1n-\u00dajszalonta telep\u00fcl\u00e9sek k\u00f6z\u00f6tti&hellip;\n<\/div>\n<div class=\"link-more\"><a href=\"http:\/\/szakrendelo-sarkad.hu\/efi\/2015\/06\/30\/sarkad-mehkerek-kotegyan-ujszalonta-sportnap-2015-majus-20\/\" class=\"more-link\">Continue reading<span class=\"screen-reader-text\"> &ldquo;Sarkad-M\u00e9hker\u00e9k-K\u00f6tegy\u00e1n-\u00dajszalonta | Sportnap | 2015. M\u00e1jus 20.&rdquo;<\/span>&hellip;<\/a><\/div>\n<\/div>\n<div class=\"link-more\"><a href=\"http:\/\/szakrendelo-sarkad.hu\/efi\/2015\/06\/30\/sarkad-mehkerek-kotegyan-ujszalonta-sportnap-2015-majus-20\/\" class=\"more-link\">Continue reading<span class=\"screen-reader-text\"> &ldquo;Sarkad-M\u00e9hker\u00e9k-K\u00f6tegy\u00e1n-\u00dajszalonta | Sportnap | 2015. M\u00e1jus 20.&rdquo;<\/span>&hellip;<\/a><\/div>\n","protected":false},"author":1,"featured_media":0,"comment_status":"closed","ping_status":"closed","sticky":false,"template":"","format":"standard","meta":{"ngg_post_thumbnail":0,"footnotes":""},"categories":[1],"tags":[],"class_list":["post-823","post","type-post","status-publish","format-standard","hentry","category-egyeb","entry"],"_links":{"self":[{"href":"http:\/\/szakrendelo-sarkad.hu\/efi\/wp-json\/wp\/v2\/posts\/823","targetHints":{"allow":["GET"]}}],"collection":[{"href":"http:\/\/szakrendelo-sarkad.hu\/efi\/wp-json\/wp\/v2\/posts"}],"about":[{"href":"http:\/\/szakrendelo-sarkad.hu\/efi\/wp-json\/wp\/v2\/types\/post"}],"author":[{"embeddable":true,"href":"http:\/\/szakrendelo-sarkad.hu\/efi\/wp-json\/wp\/v2\/users\/1"}],"replies":[{"embeddable":true,"href":"http:\/\/szakrendelo-sarkad.hu\/efi\/wp-json\/wp\/v2\/comments?post=823"}],"version-history":[{"count":0,"href":"http:\/\/szakrendelo-sarkad.hu\/efi\/wp-json\/wp\/v2\/posts\/823\/revisions"}],"wp:attachment":[{"href":"http:\/\/szakrendelo-sarkad.hu\/efi\/wp-json\/wp\/v2\/media?parent=823"}],"wp:term":[{"taxonomy":"category","embeddable":true,"href":"http:\/\/szakrendelo-sarkad.hu\/efi\/wp-json\/wp\/v2\/categories?post=823"},{"taxonomy":"post_tag","embeddable":true,"href":"http:\/\/szakrendelo-sarkad.hu\/efi\/wp-json\/wp\/v2\/tags?post=823"}],"curies":[{"name":"wp","href":"https:\/\/api.w.org\/{rel}","templated":true}]}}