{"id":836,"date":"2015-07-16T16:07:53","date_gmt":"2015-07-16T16:07:53","guid":{"rendered":"http:\/\/efi.szakrendelo-sarkad.hu\/?p=836"},"modified":"2015-07-16T16:07:53","modified_gmt":"2015-07-16T16:07:53","slug":"sarkadkeresztur-falunap-2015-julius-4","status":"publish","type":"post","link":"http:\/\/szakrendelo-sarkad.hu\/efi\/2015\/07\/16\/sarkadkeresztur-falunap-2015-julius-4\/","title":{"rendered":"Sarkadkereszt\u00far Falunap | 2015. J\u00falius 4."},"content":{"rendered":"<p>Sarkadkereszt\u00far \u00d6nkorm\u00e1nyzat\u00e1nak szervez\u00e9s\u00e9ben a 2015. j\u00falius 04-\u00e9n megrendez\u00e9sre ker\u00fclt a m\u00e1r hagyom\u00e1nyos Sarkadkereszt\u00fari Falunap, melyre a Sarkadi Eg\u00e9szs\u00e9gfejleszt\u00e9si Iroda is megh\u00edv\u00e1st kapott.<\/p>\n<p>A rendezv\u00e9nyre kil\u00e1togat\u00f3k sz\u00e1m\u00e1ra eg\u00e9szs\u00e9gi sz\u0171r\u00e9seket biztos\u00edtottak az iroda eg\u00e9szs\u00e9gfejleszt\u0151 munkat\u00e1rsai.<\/p>\n<p>Sarkadi Eg\u00e9szs\u00e9gfejleszt\u00e9si Iroda a k\u00f6vetkez\u0151 eg\u00e9szs\u00e9gi sz\u0171r\u00e9sek lehet\u0151s\u00e9g\u00e9vel k\u00e9sz\u00fclt az \u00e9rdekl\u0151d\u0151k sz\u00e1m\u00e1ra:<\/p>\n<ul>\n<li>V\u00e9rnyom\u00e1s m\u00e9r\u00e9s<\/li>\n<li>Tests\u00faly, testmagas\u00e1g m\u00e9r\u00e9s<\/li>\n<li>V\u00e9rcukor m\u00e9r\u00e9s<\/li>\n<li>Testt\u00f6meg index sz\u00e1m\u00edt\u00e1s<\/li>\n<li>Testzs\u00edrm\u00e9r\u00e9s<\/li>\n<li>Pulzoxim\u00e9r\u00e9s<\/li>\n<li>Sz\u00f3r\u00f3 anyagok biztos\u00edt\u00e1sa<\/li>\n<li>Eg\u00e9szs\u00e9g\u00fcgyi tan\u00e1csad\u00e1s<\/li>\n<\/ul>\n<p>A fesztiv\u00e1lon sz\u00ednes programokon vehettek r\u00e9szt az \u00e9rdekl\u0151d\u0151k. B\u0151 v\u00e1laszt\u00e9ka volt a k\u00fcl\u00f6nb\u00f6z\u0151 \u00e9rdekl\u0151d\u00e9si k\u00f6rrel rendelkez\u0151k sz\u00e1m\u00e1ra a sz\u00e1mos kultur\u00e1lis programelemeknek.<\/p>\n<p>Eg\u00e9szs\u00e9g\u00fcgyi sz\u0171r\u00e9s\u00fcnk\u00f6n sokan vettek r\u00e9szt, egyre jobban felismerve, hogy felel\u0151sek vagyunk \u00f6nmagunk eg\u00e9szs\u00e9g\u00e9\u00e9rt.\u00a0 Ez\u00faton k\u00f6sz\u00f6nj\u00fck a Sarkadkereszt\u00fari \u00d6nkorm\u00e1nyzat \u00e1ltal felaj\u00e1nlott eg\u00e9szs\u00e9g\u00fcgyi sz\u0171r\u00e9s lehet\u0151s\u00e9g\u00e9t, hiszen az eg\u00e9szs\u00e9g meg\u0151rz\u00e9se az egyik legnagyobb k\u00f6z\u00f6s c\u00e9lunk.<\/p>\n<p>Tov\u00e1bbi j\u00f3 eg\u00e9szs\u00e9get k\u00edv\u00e1nunk minden kedves Sarkadi Kist\u00e9rs\u00e9gi Lakosnak!<\/p>\n<p>&nbsp;<\/p>\n<p>&nbsp;<\/p>\n","protected":false},"excerpt":{"rendered":"<div class=\"entry-summary\">\n<div class=\"entry-summary\">\nSarkadkereszt\u00far \u00d6nkorm\u00e1nyzat\u00e1nak szervez\u00e9s\u00e9ben a 2015. j\u00falius 04-\u00e9n megrendez\u00e9sre ker\u00fclt a m\u00e1r hagyom\u00e1nyos Sarkadkereszt\u00fari Falunap, melyre a Sarkadi Eg\u00e9szs\u00e9gfejleszt\u00e9si&hellip;\n<\/div>\n<div class=\"link-more\"><a href=\"http:\/\/szakrendelo-sarkad.hu\/efi\/2015\/07\/16\/sarkadkeresztur-falunap-2015-julius-4\/\" class=\"more-link\">Continue reading<span class=\"screen-reader-text\"> &ldquo;Sarkadkereszt\u00far Falunap | 2015. J\u00falius 4.&rdquo;<\/span>&hellip;<\/a><\/div>\n<\/div>\n<div class=\"link-more\"><a href=\"http:\/\/szakrendelo-sarkad.hu\/efi\/2015\/07\/16\/sarkadkeresztur-falunap-2015-julius-4\/\" class=\"more-link\">Continue reading<span class=\"screen-reader-text\"> &ldquo;Sarkadkereszt\u00far Falunap | 2015. J\u00falius 4.&rdquo;<\/span>&hellip;<\/a><\/div>\n","protected":false},"author":1,"featured_media":0,"comment_status":"closed","ping_status":"closed","sticky":false,"template":"","format":"standard","meta":{"ngg_post_thumbnail":0,"footnotes":""},"categories":[1],"tags":[],"class_list":["post-836","post","type-post","status-publish","format-standard","hentry","category-egyeb","entry"],"_links":{"self":[{"href":"http:\/\/szakrendelo-sarkad.hu\/efi\/wp-json\/wp\/v2\/posts\/836","targetHints":{"allow":["GET"]}}],"collection":[{"href":"http:\/\/szakrendelo-sarkad.hu\/efi\/wp-json\/wp\/v2\/posts"}],"about":[{"href":"http:\/\/szakrendelo-sarkad.hu\/efi\/wp-json\/wp\/v2\/types\/post"}],"author":[{"embeddable":true,"href":"http:\/\/szakrendelo-sarkad.hu\/efi\/wp-json\/wp\/v2\/users\/1"}],"replies":[{"embeddable":true,"href":"http:\/\/szakrendelo-sarkad.hu\/efi\/wp-json\/wp\/v2\/comments?post=836"}],"version-history":[{"count":0,"href":"http:\/\/szakrendelo-sarkad.hu\/efi\/wp-json\/wp\/v2\/posts\/836\/revisions"}],"wp:attachment":[{"href":"http:\/\/szakrendelo-sarkad.hu\/efi\/wp-json\/wp\/v2\/media?parent=836"}],"wp:term":[{"taxonomy":"category","embeddable":true,"href":"http:\/\/szakrendelo-sarkad.hu\/efi\/wp-json\/wp\/v2\/categories?post=836"},{"taxonomy":"post_tag","embeddable":true,"href":"http:\/\/szakrendelo-sarkad.hu\/efi\/wp-json\/wp\/v2\/tags?post=836"}],"curies":[{"name":"wp","href":"https:\/\/api.w.org\/{rel}","templated":true}]}}