{"id":846,"date":"2015-07-16T16:31:32","date_gmt":"2015-07-16T16:31:32","guid":{"rendered":"http:\/\/efi.szakrendelo-sarkad.hu\/?p=846"},"modified":"2015-07-16T16:31:32","modified_gmt":"2015-07-16T16:31:32","slug":"afesz-nyugdijas-sportnap-2015-julius-4","status":"publish","type":"post","link":"http:\/\/szakrendelo-sarkad.hu\/efi\/2015\/07\/16\/afesz-nyugdijas-sportnap-2015-julius-4\/","title":{"rendered":"\u00c1F\u00c9SZ Nyugd\u00edjas Sportnap | 2015. J\u00falius 4."},"content":{"rendered":"<p>A Sarkad \u00e9s Vid\u00e9ke \u00c1F\u00c9SZ Nyugd\u00edjas Egyes\u00fclet szervez\u00e9s\u00e9ben a 2015. j\u00falius 04-\u00e9n megrendez\u00e9sre ker\u00fclt a IV. Eg\u00e9szs\u00e9g\u00fcgyi \u00e9s Sportnapra, melyre a Sarkadi Eg\u00e9szs\u00e9gfejleszt\u00e9si Iroda is megh\u00edv\u00e1st kapott.<\/p>\n<p>A program szervez\u0151i a rendezv\u00e9ny mott\u00f3j\u00e1ul: \u201eEgy kis mozg\u00e1s mindenkinek kell!\u201d jelmondatot adt\u00e1k.<\/p>\n<p>A rendezv\u00e9nyre kil\u00e1togat\u00f3 Nyugd\u00edjasok sz\u00e1m\u00e1ra eg\u00e9szs\u00e9gi sz\u0171r\u00e9seket biztos\u00edtottak az iroda eg\u00e9szs\u00e9gfejleszt\u0151 munkat\u00e1rsai.<\/p>\n<p>Sarkadi Eg\u00e9szs\u00e9gfejleszt\u00e9si Iroda a k\u00f6vetkez\u0151 eg\u00e9szs\u00e9gi sz\u0171r\u00e9sek lehet\u0151s\u00e9g\u00e9vel k\u00e9sz\u00fclt az \u00e9rdekl\u0151d\u0151k sz\u00e1m\u00e1ra:<\/p>\n<ul>\n<li>V\u00e9rnyom\u00e1s m\u00e9r\u00e9s<\/li>\n<li>Tests\u00faly, testmagas\u00e1g m\u00e9r\u00e9s<\/li>\n<li>V\u00e9rcukor m\u00e9r\u00e9s<\/li>\n<li>Testt\u00f6meg index sz\u00e1m\u00edt\u00e1s<\/li>\n<li>Testzs\u00edrm\u00e9r\u00e9s<\/li>\n<li>Pulzoxim\u00e9r\u00e9s<\/li>\n<li>Sz\u00f3r\u00f3 anyagok biztos\u00edt\u00e1sa<\/li>\n<li>Eg\u00e9szs\u00e9g\u00fcgyi tan\u00e1csad\u00e1s<\/li>\n<\/ul>\n<p>A nap sor\u00e1n sz\u00ednes programokon vehettek r\u00e9szt az \u00e9rdekl\u0151d\u0151k. B\u0151 v\u00e1laszt\u00e9ka volt a k\u00fcl\u00f6nb\u00f6z\u0151 \u00e9rdekl\u0151d\u00e9si k\u00f6rrel rendelkez\u0151k sz\u00e1m\u00e1ra a sz\u00e1mos kultur\u00e1lis \u00e9s szabadid\u0151s programelemeknek. A nyugd\u00edjasok egy\u00fctt sportolhattak, vet\u00e9lkedhettek unok\u00e1ikkal.<\/p>\n<p>Eg\u00e9szs\u00e9g\u00fcgyi sz\u0171r\u00e9s\u00fcnk\u00f6n sokan vettek r\u00e9szt, egyre jobban felismerve, hogy felel\u0151sek vagyunk \u00f6nmagunk eg\u00e9szs\u00e9g\u00e9\u00e9rt.\u00a0 Ez\u00faton k\u00f6sz\u00f6nj\u00fck az \u00c1F\u00c9SZ Nyugd\u00edjas Egyes\u00fclet \u00e1ltal felaj\u00e1nlott eg\u00e9szs\u00e9g\u00fcgyi sz\u0171r\u00e9s lehet\u0151s\u00e9g\u00e9t, hiszen az eg\u00e9szs\u00e9g meg\u0151rz\u00e9se az egyik legnagyobb k\u00f6z\u00f6s c\u00e9lunk.<\/p>\n<p><strong>Tov\u00e1bbi j\u00f3 eg\u00e9szs\u00e9get k\u00edv\u00e1nunk minden kedves Nyugd\u00edjasnak!<\/strong><\/p>\n<!-- index.php -->\n<div\n\tclass=\"ngg-galleryoverview ngg-ajax-pagination-none\"\n\tid=\"ngg-gallery-6b8932a9d6bed0e99d7c1a983884ddc4-1\">\n\n    \t<div class=\"slideshowlink\">\n        <a href='http:\/\/szakrendelo-sarkad.hu\/efi\/2015\/07\/16\/afesz-nyugdijas-sportnap-2015-julius-4\/nggallery\/slideshow'>[Diavet\u00edt\u00e9s ind\u00edt\u00e1sa]<\/a>\n\t\t\n\t<\/div>\n\t\t\t<!-- Thumbnails -->\n\t\t\t\t<div id=\"ngg-image-0\" class=\"ngg-gallery-thumbnail-box\" >\n\t\t\t\t        <div class=\"ngg-gallery-thumbnail\">\n            <a href=\"http:\/\/szakrendelo-sarkad.hu\/efi\/wp-content\/gallery\/efiold\/nyugdijas_sportnap\/14.JPG\"\n               title=\"\"\n               data-src=\"http:\/\/szakrendelo-sarkad.hu\/efi\/wp-content\/gallery\/efiold\/nyugdijas_sportnap\/14.JPG\"\n               data-thumbnail=\"http:\/\/szakrendelo-sarkad.hu\/efi\/wp-content\/gallery\/efiold\/nyugdijas_sportnap\/thumbs\/thumbs_14.JPG\"\n               data-image-id=\"514\"\n               data-title=\"14).JPG\"\n               data-description=\"\"\n               data-image-slug=\"14-jpg-1\"\n               class=\"ngg-fancybox\" rel=\"6b8932a9d6bed0e99d7c1a983884ddc4\">\n                <img\n                    title=\"14).JPG\"\n                    alt=\"14).JPG\"\n                    src=\"http:\/\/szakrendelo-sarkad.hu\/efi\/wp-content\/gallery\/efiold\/nyugdijas_sportnap\/thumbs\/thumbs_14.JPG\"\n                    width=\"100\"\n                    height=\"75\"\n                    style=\"max-width:100%;\"\n                \/>\n            <\/a>\n        <\/div>\n\t\t\t\t\t\t\t<\/div> \n\t\t\t\n        \n\t\t\t\t<div id=\"ngg-image-1\" class=\"ngg-gallery-thumbnail-box\" >\n\t\t\t\t        <div class=\"ngg-gallery-thumbnail\">\n            <a href=\"http:\/\/szakrendelo-sarkad.hu\/efi\/wp-content\/gallery\/efiold\/nyugdijas_sportnap\/DSCN2980.JPG\"\n               title=\"\"\n               data-src=\"http:\/\/szakrendelo-sarkad.hu\/efi\/wp-content\/gallery\/efiold\/nyugdijas_sportnap\/DSCN2980.JPG\"\n               data-thumbnail=\"http:\/\/szakrendelo-sarkad.hu\/efi\/wp-content\/gallery\/efiold\/nyugdijas_sportnap\/thumbs\/thumbs_DSCN2980.JPG\"\n               data-image-id=\"515\"\n               data-title=\"DSCN2980.JPG\"\n               data-description=\"\"\n               data-image-slug=\"dscn2980-jpg\"\n               class=\"ngg-fancybox\" rel=\"6b8932a9d6bed0e99d7c1a983884ddc4\">\n                <img\n                    title=\"DSCN2980.JPG\"\n                    alt=\"DSCN2980.JPG\"\n                    src=\"http:\/\/szakrendelo-sarkad.hu\/efi\/wp-content\/gallery\/efiold\/nyugdijas_sportnap\/thumbs\/thumbs_DSCN2980.JPG\"\n                    width=\"100\"\n                    height=\"75\"\n                    style=\"max-width:100%;\"\n                \/>\n            <\/a>\n        <\/div>\n\t\t\t\t\t\t\t<\/div> \n\t\t\t\n        \n\t\t\t\t<div id=\"ngg-image-2\" class=\"ngg-gallery-thumbnail-box\" >\n\t\t\t\t        <div class=\"ngg-gallery-thumbnail\">\n            <a href=\"http:\/\/szakrendelo-sarkad.hu\/efi\/wp-content\/gallery\/efiold\/nyugdijas_sportnap\/DSCN3019.JPG\"\n               title=\"\"\n               data-src=\"http:\/\/szakrendelo-sarkad.hu\/efi\/wp-content\/gallery\/efiold\/nyugdijas_sportnap\/DSCN3019.JPG\"\n               data-thumbnail=\"http:\/\/szakrendelo-sarkad.hu\/efi\/wp-content\/gallery\/efiold\/nyugdijas_sportnap\/thumbs\/thumbs_DSCN3019.JPG\"\n               data-image-id=\"516\"\n               data-title=\"DSCN3019.JPG\"\n               data-description=\"\"\n               data-image-slug=\"dscn3019-jpg\"\n               class=\"ngg-fancybox\" rel=\"6b8932a9d6bed0e99d7c1a983884ddc4\">\n                <img\n                    title=\"DSCN3019.JPG\"\n                    alt=\"DSCN3019.JPG\"\n                    src=\"http:\/\/szakrendelo-sarkad.hu\/efi\/wp-content\/gallery\/efiold\/nyugdijas_sportnap\/thumbs\/thumbs_DSCN3019.JPG\"\n                    width=\"100\"\n                    height=\"75\"\n                    style=\"max-width:100%;\"\n                \/>\n            <\/a>\n        <\/div>\n\t\t\t\t\t\t\t<\/div> \n\t\t\t\n        \n\t\t\n\t\t<!-- Pagination -->\n\t<div class='ngg-clear'><\/div>\t<\/div>\n\n","protected":false},"excerpt":{"rendered":"<div class=\"entry-summary\">\n<div class=\"entry-summary\">\nA Sarkad \u00e9s Vid\u00e9ke \u00c1F\u00c9SZ Nyugd\u00edjas Egyes\u00fclet szervez\u00e9s\u00e9ben a 2015. j\u00falius 04-\u00e9n megrendez\u00e9sre ker\u00fclt a IV. Eg\u00e9szs\u00e9g\u00fcgyi \u00e9s&hellip;\n<\/div>\n<div class=\"link-more\"><a href=\"http:\/\/szakrendelo-sarkad.hu\/efi\/2015\/07\/16\/afesz-nyugdijas-sportnap-2015-julius-4\/\" class=\"more-link\">Continue reading<span class=\"screen-reader-text\"> &ldquo;\u00c1F\u00c9SZ Nyugd\u00edjas Sportnap | 2015. J\u00falius 4.&rdquo;<\/span>&hellip;<\/a><\/div>\n<\/div>\n<div class=\"link-more\"><a href=\"http:\/\/szakrendelo-sarkad.hu\/efi\/2015\/07\/16\/afesz-nyugdijas-sportnap-2015-julius-4\/\" class=\"more-link\">Continue reading<span class=\"screen-reader-text\"> &ldquo;\u00c1F\u00c9SZ Nyugd\u00edjas Sportnap | 2015. J\u00falius 4.&rdquo;<\/span>&hellip;<\/a><\/div>\n","protected":false},"author":1,"featured_media":0,"comment_status":"closed","ping_status":"closed","sticky":false,"template":"","format":"standard","meta":{"ngg_post_thumbnail":0,"footnotes":""},"categories":[1],"tags":[],"class_list":["post-846","post","type-post","status-publish","format-standard","hentry","category-egyeb","entry"],"_links":{"self":[{"href":"http:\/\/szakrendelo-sarkad.hu\/efi\/wp-json\/wp\/v2\/posts\/846","targetHints":{"allow":["GET"]}}],"collection":[{"href":"http:\/\/szakrendelo-sarkad.hu\/efi\/wp-json\/wp\/v2\/posts"}],"about":[{"href":"http:\/\/szakrendelo-sarkad.hu\/efi\/wp-json\/wp\/v2\/types\/post"}],"author":[{"embeddable":true,"href":"http:\/\/szakrendelo-sarkad.hu\/efi\/wp-json\/wp\/v2\/users\/1"}],"replies":[{"embeddable":true,"href":"http:\/\/szakrendelo-sarkad.hu\/efi\/wp-json\/wp\/v2\/comments?post=846"}],"version-history":[{"count":0,"href":"http:\/\/szakrendelo-sarkad.hu\/efi\/wp-json\/wp\/v2\/posts\/846\/revisions"}],"wp:attachment":[{"href":"http:\/\/szakrendelo-sarkad.hu\/efi\/wp-json\/wp\/v2\/media?parent=846"}],"wp:term":[{"taxonomy":"category","embeddable":true,"href":"http:\/\/szakrendelo-sarkad.hu\/efi\/wp-json\/wp\/v2\/categories?post=846"},{"taxonomy":"post_tag","embeddable":true,"href":"http:\/\/szakrendelo-sarkad.hu\/efi\/wp-json\/wp\/v2\/tags?post=846"}],"curies":[{"name":"wp","href":"https:\/\/api.w.org\/{rel}","templated":true}]}}