{"id":8580,"date":"2023-07-01T10:51:56","date_gmt":"2023-07-01T10:51:56","guid":{"rendered":"http:\/\/szakrendelo-sarkad.hu\/efi\/?p=8580"},"modified":"2023-07-06T10:52:10","modified_gmt":"2023-07-06T10:52:10","slug":"semmelweis-nap-a-magyar-egeszsegugy-napja","status":"publish","type":"post","link":"http:\/\/szakrendelo-sarkad.hu\/efi\/2023\/07\/01\/semmelweis-nap-a-magyar-egeszsegugy-napja\/","title":{"rendered":"Semmelweis- nap, a magyar eg\u00e9szs\u00e9g\u00fcgy napja"},"content":{"rendered":"<p><img loading=\"lazy\" decoding=\"async\" class=\"alignleft size-full wp-image-8581\" src=\"http:\/\/szakrendelo-sarkad.hu\/efi\/wp-content\/uploads\/sites\/2\/2023\/07\/2.jpg\" alt=\"\" width=\"205\" height=\"246\">J\u00falius elseje minden \u00e9vben a <strong>magyar eg\u00e9szs\u00e9g\u00fcgy \u00fcnnepe<\/strong>. Ezen a napon sz\u00fcletett Semmelweis Ign\u00e1c, akit az any\u00e1k megment\u0151jek\u00e9nt ismernek.<\/p>\n<p><strong>Ki volt Semmelweis Ign\u00e1c?<\/strong><\/p>\n<p>Semmelweis Ign\u00e1c, a gyerek\u00e1gyi l\u00e1z ok\u00e1nak felfedez\u0151je 1818-ban sz\u00fcletett. Els\u0151k\u00e9nt tekintett a gyerek\u00e1gyi l\u00e1z, mint ami egy fert\u0151z\u00e9s k\u00f6vetkezm\u00e9nye \u00e9s nem \u00f6n\u00e1ll\u00f3 betegs\u00e9g. R\u00e1j\u00f6tt, hogy a k\u00f3rt maguk az orvosok terjesztik: boncol\u00e1sokat is v\u00e9gz\u0151 n\u0151gy\u00f3gy\u00e1szok adj\u00e1k \u00e1t a sz\u00fcl\u0151 n\u0151knek a fert\u0151z\u00e9st. A megold\u00e1st a kl\u00f3rm\u00e9sz- oldatos k\u00e9zfert\u0151tlen\u00edt\u00e9s bevezet\u00e9se jelentette, de a felfedez\u00e9st az akkori orvost\u00e1rsadalom nem t\u00e1mogatta. M\u00e1s oszt\u00e1lyokon kezdetben nem is vezett\u00e9k be a vizsg\u00e1latok k\u00f6z\u00f6tti \u00e9s az oszt\u00e1lyra val\u00f3 bel\u00e9p\u00e9skor k\u00f6telez\u0151 kl\u00f3rvizes k\u00e9zmos\u00e1st, a k\u00f3rtermek rendszeres takar\u00edt\u00e1s\u00e1t \u00e9s szell\u0151ztet\u00e9s\u00e9t, hi\u00e1ba pr\u00f3b\u00e1lta statisztik\u00e1kkal is al\u00e1t\u00e1masztani felfedez\u00e9s\u00e9t.<\/p>\n<p>&nbsp;<\/p>\n<p><strong>A magyar eg\u00e9szs\u00e9g\u00fcgy napja<\/strong><\/p>\n<p>2010 november\u00e9ben ny\u00fajtott\u00e1k be azt a t\u00f6rv\u00e9nyjavaslatot, amelyben a Semmelweis- nap munkasz\u00fcneti napp\u00e1 nyilv\u00e1n\u00edt\u00e1s\u00e1t javasolt\u00e1k, hogy az eg\u00e9szs\u00e9g\u00fcgyi dolgoz\u00f3k \u00e1ltal v\u00e9gzett munka elismer\u00e9s\u00e9t kifejezz\u00e9k. A javaslat 2011-ben l\u00e9pett hat\u00e1lyba, az\u00f3ta a Semmelweis- nap, az eg\u00e9szs\u00e9g\u00fcgyi szolg\u00e1ltat\u00f3kn\u00e1l foglalkoztat\u00e1si jogviszonyban \u00e1ll\u00f3 eg\u00e9szs\u00e9g\u00fcgyi \u00e9s az eg\u00e9szs\u00e9g\u00fcgyben dolgoz\u00f3k sz\u00e1m\u00e1ra munkasz\u00fcneti nap.<\/p>\n<p><img loading=\"lazy\" decoding=\"async\" class=\"size-full wp-image-8582 aligncenter\" src=\"http:\/\/szakrendelo-sarkad.hu\/efi\/wp-content\/uploads\/sites\/2\/2023\/07\/1.jpg\" alt=\"\" width=\"633\" height=\"356\" srcset=\"http:\/\/szakrendelo-sarkad.hu\/efi\/wp-content\/uploads\/sites\/2\/2023\/07\/1.jpg 633w, http:\/\/szakrendelo-sarkad.hu\/efi\/wp-content\/uploads\/sites\/2\/2023\/07\/1-300x169.jpg 300w\" sizes=\"auto, (max-width: 633px) 100vw, 633px\" \/><\/p>\n","protected":false},"excerpt":{"rendered":"<div class=\"entry-summary\">\n<div class=\"entry-summary\">\nJ\u00falius elseje minden \u00e9vben a magyar eg\u00e9szs\u00e9g\u00fcgy \u00fcnnepe. Ezen a napon sz\u00fcletett Semmelweis Ign\u00e1c, akit az any\u00e1k megment\u0151jek\u00e9nt&hellip;\n<\/div>\n<div class=\"link-more\"><a href=\"http:\/\/szakrendelo-sarkad.hu\/efi\/2023\/07\/01\/semmelweis-nap-a-magyar-egeszsegugy-napja\/\" class=\"more-link\">Continue reading<span class=\"screen-reader-text\"> &ldquo;Semmelweis- nap, a magyar eg\u00e9szs\u00e9g\u00fcgy napja&rdquo;<\/span>&hellip;<\/a><\/div>\n<\/div>\n<div class=\"link-more\"><a href=\"http:\/\/szakrendelo-sarkad.hu\/efi\/2023\/07\/01\/semmelweis-nap-a-magyar-egeszsegugy-napja\/\" class=\"more-link\">Continue reading<span class=\"screen-reader-text\"> &ldquo;Semmelweis- nap, a magyar eg\u00e9szs\u00e9g\u00fcgy napja&rdquo;<\/span>&hellip;<\/a><\/div>\n","protected":false},"author":1,"featured_media":8583,"comment_status":"closed","ping_status":"closed","sticky":false,"template":"","format":"standard","meta":{"ngg_post_thumbnail":0,"footnotes":""},"categories":[1],"tags":[],"class_list":["post-8580","post","type-post","status-publish","format-standard","has-post-thumbnail","hentry","category-egyeb","entry"],"_links":{"self":[{"href":"http:\/\/szakrendelo-sarkad.hu\/efi\/wp-json\/wp\/v2\/posts\/8580","targetHints":{"allow":["GET"]}}],"collection":[{"href":"http:\/\/szakrendelo-sarkad.hu\/efi\/wp-json\/wp\/v2\/posts"}],"about":[{"href":"http:\/\/szakrendelo-sarkad.hu\/efi\/wp-json\/wp\/v2\/types\/post"}],"author":[{"embeddable":true,"href":"http:\/\/szakrendelo-sarkad.hu\/efi\/wp-json\/wp\/v2\/users\/1"}],"replies":[{"embeddable":true,"href":"http:\/\/szakrendelo-sarkad.hu\/efi\/wp-json\/wp\/v2\/comments?post=8580"}],"version-history":[{"count":1,"href":"http:\/\/szakrendelo-sarkad.hu\/efi\/wp-json\/wp\/v2\/posts\/8580\/revisions"}],"predecessor-version":[{"id":8584,"href":"http:\/\/szakrendelo-sarkad.hu\/efi\/wp-json\/wp\/v2\/posts\/8580\/revisions\/8584"}],"wp:featuredmedia":[{"embeddable":true,"href":"http:\/\/szakrendelo-sarkad.hu\/efi\/wp-json\/wp\/v2\/media\/8583"}],"wp:attachment":[{"href":"http:\/\/szakrendelo-sarkad.hu\/efi\/wp-json\/wp\/v2\/media?parent=8580"}],"wp:term":[{"taxonomy":"category","embeddable":true,"href":"http:\/\/szakrendelo-sarkad.hu\/efi\/wp-json\/wp\/v2\/categories?post=8580"},{"taxonomy":"post_tag","embeddable":true,"href":"http:\/\/szakrendelo-sarkad.hu\/efi\/wp-json\/wp\/v2\/tags?post=8580"}],"curies":[{"name":"wp","href":"https:\/\/api.w.org\/{rel}","templated":true}]}}