{"id":8590,"date":"2023-07-31T05:42:58","date_gmt":"2023-07-31T05:42:58","guid":{"rendered":"http:\/\/szakrendelo-sarkad.hu\/efi\/?p=8590"},"modified":"2023-07-31T05:43:09","modified_gmt":"2023-07-31T05:43:09","slug":"anyatejes-taplalas-vilagnapja-2023-augusztus-1","status":"publish","type":"post","link":"http:\/\/szakrendelo-sarkad.hu\/efi\/2023\/07\/31\/anyatejes-taplalas-vilagnapja-2023-augusztus-1\/","title":{"rendered":"ANYATEJES T\u00c1PL\u00c1L\u00c1S VIL\u00c1GNAPJA | 2023. AUGUSZTUS 1."},"content":{"rendered":"<p style=\"text-align: center;\"><strong>TEGY\u00dcK LEHET\u0150V\u00c9 A SZOPTAT\u00c1ST!<\/strong><\/p>\n<p style=\"text-align: center;\"><img loading=\"lazy\" decoding=\"async\" class=\"alignnone wp-image-8591 size-full\" src=\"http:\/\/szakrendelo-sarkad.hu\/efi\/wp-content\/uploads\/sites\/2\/2023\/07\/1-2.jpg\" alt=\"\" width=\"587\" height=\"293\" srcset=\"http:\/\/szakrendelo-sarkad.hu\/efi\/wp-content\/uploads\/sites\/2\/2023\/07\/1-2.jpg 587w, http:\/\/szakrendelo-sarkad.hu\/efi\/wp-content\/uploads\/sites\/2\/2023\/07\/1-2-300x150.jpg 300w\" sizes=\"auto, (max-width: 587px) 100vw, 587px\" \/><\/p>\n<p style=\"text-align: center;\">Az anyatejes t\u00e1pl\u00e1l\u00e1s jelent\u0151s\u00e9ge<\/p>\n<p style=\"text-align: center;\">A szoptat\u00e1s term\u00e9szetes m\u00f3dja annak, hogy az \u00e9desanya a csecsem\u0151t az els\u0151 id\u0151szakban minden sz\u00fcks\u00e9ges t\u00e1panyaggal \u00e9s t\u00e1pl\u00e1l\u00e9kkal ell\u00e1ssa. Az Eg\u00e9szs\u00e9g\u00fcgyi Vil\u00e1gszervezet (WHO) a kiz\u00e1r\u00f3lagos szoptat\u00e1st aj\u00e1nlja a sz\u00fclet\u00e9st k\u00f6vet\u0151 els\u0151 hat h\u00f3napban, majd javasolja, hogy 2 \u00e9ves korig vagy ak\u00e1r tov\u00e1bb is maradjon fenn az anyatejes t\u00e1pl\u00e1l\u00e1s kieg\u00e9sz\u00edt\u00e9sk\u00e9nt a hozz\u00e1t\u00e1pl\u00e1l\u00e1s mellett.<\/p>\n<p style=\"text-align: center;\">A szoptat\u00e1s el\u0151nyei a baba sz\u00e1m\u00e1ra:<\/p>\n<ul style=\"text-align: center;\">\n<li>Az anyatejes csecsem\u0151k kevesebb gyermekkori fert\u0151z\u00e9sen esnek \u00e1t, legyen sz\u00f3 ak\u00e1r l\u00e9g\u00fati, ak\u00e1r b\u00e9lrendszeri, vagy ak\u00e1r megf\u00e1z\u00e1sos megbeteged\u00e9sekr\u0151l.<\/li>\n<li>Az anyatej antitesteket tartalmaz, ezek a feh\u00e9rj\u00e9k pedig seg\u00edtenek meger\u0151s\u00edteni a csecsem\u0151 immunrendszer\u00e9t a v\u00edrusok \u00e9s a bakt\u00e9riumok elleni harcban.<\/li>\n<li>Az anyatejes bab\u00e1kn\u00e1l alacsonyabb lehet a gyermekkori elh\u00edz\u00e1s rizik\u00f3ja.<\/li>\n<li>A szoptat\u00e1s cs\u00f6kkenti az 1-es t\u00edpus\u00fa \u00e9s a 2-es t\u00edpus\u00fa cukorbetegs\u00e9g kock\u00e1zat\u00e1t.<\/li>\n<\/ul>\n<p style=\"text-align: center;\">Az anyatejes t\u00e1pl\u00e1l\u00e1s el\u0151nyei az \u00e9desanya sz\u00e1m\u00e1ra<\/p>\n<p style=\"text-align: center;\">Nemcsak a bab\u00e1k, hanem az anyuk\u00e1k sz\u00e1m\u00e1ra is el\u0151ny\u00f6s lehet a szoptat\u00e1s:<\/p>\n<ul style=\"text-align: center;\">\n<li>Az anyatejes t\u00e1pl\u00e1l\u00e1s oxitocint szabad\u00edt fel, ami seg\u00edt, hogy a m\u00e9h visszah\u00faz\u00f3djon a terhess\u00e9g el\u0151tti m\u00e9ret\u00e9re.<\/li>\n<li>Azok, akik szoptatnak, \u00e1ltal\u00e1ban gyorsabban leadj\u00e1k a terhess\u00e9g sor\u00e1n felszedett t\u00fals\u00falyt, r\u00e1ad\u00e1sul az anyatejes t\u00e1pl\u00e1l\u00e1s cs\u00f6kkenti a sz\u00fcl\u00e9s ut\u00e1ni depresszi\u00f3 kialakul\u00e1s\u00e1nak kock\u00e1zat\u00e1t is.<\/li>\n<li>A szoptat\u00e1s (k\u00fcl\u00f6n\u00f6sen ha 1 \u00e9vn\u00e9l tov\u00e1bb tart), cs\u00f6kkenti a mell- \u00e9s petef\u00e9szekr\u00e1k kock\u00e1zat\u00e1t.<\/li>\n<li>Kutat\u00e1sok szerint azok, akik \u00e9let\u00fck sor\u00e1n egy-k\u00e9t \u00e9vig szoptatnak, 10-50 sz\u00e1zal\u00e9kkal kisebb es\u00e9llyel szenvednek a k\u00e9s\u0151bbiekben 2-es t\u00edpus\u00fa cukorbetegs\u00e9gt\u0151l, sz\u00edvbetegs\u00e9gekt\u0151l, magas koleszterinszintt\u0151l, \u00edz\u00fcleti gyullad\u00e1st\u00f3l \u00e9s magas v\u00e9rnyom\u00e1st\u00f3l.<\/li>\n<\/ul>\n<p style=\"text-align: center;\">(www.brendon.hu)<\/p>\n<p style=\"text-align: center;\"><strong><em>TIPP:<\/em><\/strong><strong><em>&nbsp;Szeretn\u00e9l t\u00f6bbet tudni a szoptat\u00e1sr\u00f3l? Olvasd el&nbsp;<\/em><\/strong><a href=\"https:\/\/www.brendon.hu\/a-sikeres-szoptatas-titka-blog-x-51\"><strong><em>A sikeres szoptat\u00e1s titka<\/em><\/strong><\/a><strong><em> c\u00edm\u0171 blogposztot is a brendon.hu weboldalon!<\/em><\/strong><\/p>\n","protected":false},"excerpt":{"rendered":"<div class=\"entry-summary\">\n<div class=\"entry-summary\">\nTEGY\u00dcK LEHET\u0150V\u00c9 A SZOPTAT\u00c1ST! Az anyatejes t\u00e1pl\u00e1l\u00e1s jelent\u0151s\u00e9ge A szoptat\u00e1s term\u00e9szetes m\u00f3dja annak, hogy az \u00e9desanya a csecsem\u0151t&hellip;\n<\/div>\n<div class=\"link-more\"><a href=\"http:\/\/szakrendelo-sarkad.hu\/efi\/2023\/07\/31\/anyatejes-taplalas-vilagnapja-2023-augusztus-1\/\" class=\"more-link\">Continue reading<span class=\"screen-reader-text\"> &ldquo;ANYATEJES T\u00c1PL\u00c1L\u00c1S VIL\u00c1GNAPJA | 2023. AUGUSZTUS 1.&rdquo;<\/span>&hellip;<\/a><\/div>\n<\/div>\n<div class=\"link-more\"><a href=\"http:\/\/szakrendelo-sarkad.hu\/efi\/2023\/07\/31\/anyatejes-taplalas-vilagnapja-2023-augusztus-1\/\" class=\"more-link\">Continue reading<span class=\"screen-reader-text\"> &ldquo;ANYATEJES T\u00c1PL\u00c1L\u00c1S VIL\u00c1GNAPJA | 2023. AUGUSZTUS 1.&rdquo;<\/span>&hellip;<\/a><\/div>\n","protected":false},"author":1,"featured_media":8592,"comment_status":"closed","ping_status":"closed","sticky":false,"template":"","format":"standard","meta":{"ngg_post_thumbnail":0,"footnotes":""},"categories":[1],"tags":[],"class_list":["post-8590","post","type-post","status-publish","format-standard","has-post-thumbnail","hentry","category-egyeb","entry"],"_links":{"self":[{"href":"http:\/\/szakrendelo-sarkad.hu\/efi\/wp-json\/wp\/v2\/posts\/8590","targetHints":{"allow":["GET"]}}],"collection":[{"href":"http:\/\/szakrendelo-sarkad.hu\/efi\/wp-json\/wp\/v2\/posts"}],"about":[{"href":"http:\/\/szakrendelo-sarkad.hu\/efi\/wp-json\/wp\/v2\/types\/post"}],"author":[{"embeddable":true,"href":"http:\/\/szakrendelo-sarkad.hu\/efi\/wp-json\/wp\/v2\/users\/1"}],"replies":[{"embeddable":true,"href":"http:\/\/szakrendelo-sarkad.hu\/efi\/wp-json\/wp\/v2\/comments?post=8590"}],"version-history":[{"count":1,"href":"http:\/\/szakrendelo-sarkad.hu\/efi\/wp-json\/wp\/v2\/posts\/8590\/revisions"}],"predecessor-version":[{"id":8593,"href":"http:\/\/szakrendelo-sarkad.hu\/efi\/wp-json\/wp\/v2\/posts\/8590\/revisions\/8593"}],"wp:featuredmedia":[{"embeddable":true,"href":"http:\/\/szakrendelo-sarkad.hu\/efi\/wp-json\/wp\/v2\/media\/8592"}],"wp:attachment":[{"href":"http:\/\/szakrendelo-sarkad.hu\/efi\/wp-json\/wp\/v2\/media?parent=8590"}],"wp:term":[{"taxonomy":"category","embeddable":true,"href":"http:\/\/szakrendelo-sarkad.hu\/efi\/wp-json\/wp\/v2\/categories?post=8590"},{"taxonomy":"post_tag","embeddable":true,"href":"http:\/\/szakrendelo-sarkad.hu\/efi\/wp-json\/wp\/v2\/tags?post=8590"}],"curies":[{"name":"wp","href":"https:\/\/api.w.org\/{rel}","templated":true}]}}