{"id":8617,"date":"2023-09-28T09:28:15","date_gmt":"2023-09-28T09:28:15","guid":{"rendered":"http:\/\/szakrendelo-sarkad.hu\/efi\/?p=8617"},"modified":"2023-09-28T09:28:15","modified_gmt":"2023-09-28T09:28:15","slug":"legyen-szivugyunk-a-sarkadiak-egeszsege-sziv-vilagnapja-2023-szeptember-29","status":"publish","type":"post","link":"http:\/\/szakrendelo-sarkad.hu\/efi\/2023\/09\/28\/legyen-szivugyunk-a-sarkadiak-egeszsege-sziv-vilagnapja-2023-szeptember-29\/","title":{"rendered":"LEGYEN SZ\u00cdV\u00dcGY\u00dcNK A SARKADIAK EG\u00c9SZS\u00c9GE! &#8211; SZ\u00cdV VIL\u00c1GNAPJA | 2023. szeptember 29."},"content":{"rendered":"<p>B\u00e1r a sz\u00edv- \u00e9s \u00e9rrendszeri megbeteged\u00e9sek rizik\u00f3faktorai k\u00f6zismertek, a legnagyobb vesz\u00e9lyt m\u00e9gis a rendszeres sz\u0171r\u0151vizsg\u00e1latok elhanyagol\u00e1sa jelenti. Ezek a betegs\u00e9gek sok\u00e1ig t\u00fcnetmentesen zajlanak a szervezetben, \u00edgy nem figyel\u00fcnk el\u00e9gg\u00e9 azokra a kock\u00e1zati t\u00e9nyez\u0151kre, amelyek megbeteged\u00e9shez vezetnek.<\/p>\n<p>Ez\u00e9rt is kiemelten fontos a megel\u0151z\u00e9s, amelyben a rendszeres sz\u0171r\u0151vizsg\u00e1latok seg\u00edtenek, ugyanis a sz\u00edv- \u00e9s \u00e9rrendszeri betegs\u00e9gek jelent\u0151s r\u00e9sze megel\u0151zhet\u0151 lehet, els\u0151sorban az eg\u00e9szs\u00e9gesebb \u00e9letm\u00f3ddal. \u00c9letm\u00f3d-tan\u00e1csad\u00e1ssal, sz\u0171r\u0151vizsg\u00e1latokkal, a lelki eg\u00e9szs\u00e9g fontoss\u00e1g\u00e1nak felismer\u00e9s\u00e9ben is seg\u00edthetnek szakembereink.<\/p>\n<ol start=\"2023\">\n<li><strong> szeptember 29-\u00e9n p\u00e9nteken 9.00-17.00 \u00f3r\u00e1ig<\/strong><\/li>\n<\/ol>\n<p>\u201eHelybe vissz\u00fck a sz\u0171r\u0151vizsg\u00e1latot\u201d sz\u0171r\u0151busz program<\/p>\n<p>Helysz\u00edn: Sarkadi V\u00e1s\u00e1rt\u00e9r<\/p>\n<p>Ig\u00e9nybe vev\u0151 szolg\u00e1ltat\u00e1sok: melan\u00f3ma (anyajegy) sz\u0171r\u00e9s<\/p>\n<p>sz\u00e1j\u00fcregi sz\u0171r\u00e9s<\/p>\n<p>\u00e1ltal\u00e1nos eg\u00e9szs\u00e9gi \u00e1llapotfelm\u00e9r\u00e9s<\/p>\n<p>\u00e9letm\u00f3dra vonatkoz\u00f3 tan\u00e1csad\u00e1s<\/p>\n<p>A Sarkadi Eg\u00e9szs\u00e9gfejleszt\u00e9si Iroda munkat\u00e1rsai is megtal\u00e1lhat\u00f3k lesznek ezen a napon<\/p>\n<p>Ig\u00e9nybe vev\u0151 szolg\u00e1ltat\u00e1s: ultrahangos OsteoPro csonts\u0171r\u0171s\u00e9g m\u00e9r\u00e9s<\/p>\n<p><em>Csatlakozzon hozz\u00e1nk \u00d6n is, tegy\u00fcnk egy\u00fctt k\u00f6z\u00f6sen sz\u00edv\u00fcnk eg\u00e9szs\u00e9g\u00e9\u00e9rt!<\/em><\/p>\n","protected":false},"excerpt":{"rendered":"<div class=\"entry-summary\">\n<div class=\"entry-summary\">\nB\u00e1r a sz\u00edv- \u00e9s \u00e9rrendszeri megbeteged\u00e9sek rizik\u00f3faktorai k\u00f6zismertek, a legnagyobb vesz\u00e9lyt m\u00e9gis a rendszeres sz\u0171r\u0151vizsg\u00e1latok elhanyagol\u00e1sa jelenti. Ezek&hellip;\n<\/div>\n<div class=\"link-more\"><a href=\"http:\/\/szakrendelo-sarkad.hu\/efi\/2023\/09\/28\/legyen-szivugyunk-a-sarkadiak-egeszsege-sziv-vilagnapja-2023-szeptember-29\/\" class=\"more-link\">Continue reading<span class=\"screen-reader-text\"> &ldquo;LEGYEN SZ\u00cdV\u00dcGY\u00dcNK A SARKADIAK EG\u00c9SZS\u00c9GE! &#8211; SZ\u00cdV VIL\u00c1GNAPJA | 2023. szeptember 29.&rdquo;<\/span>&hellip;<\/a><\/div>\n<\/div>\n<div class=\"link-more\"><a href=\"http:\/\/szakrendelo-sarkad.hu\/efi\/2023\/09\/28\/legyen-szivugyunk-a-sarkadiak-egeszsege-sziv-vilagnapja-2023-szeptember-29\/\" class=\"more-link\">Continue reading<span class=\"screen-reader-text\"> &ldquo;LEGYEN SZ\u00cdV\u00dcGY\u00dcNK A SARKADIAK EG\u00c9SZS\u00c9GE! &#8211; SZ\u00cdV VIL\u00c1GNAPJA | 2023. szeptember 29.&rdquo;<\/span>&hellip;<\/a><\/div>\n","protected":false},"author":1,"featured_media":8618,"comment_status":"closed","ping_status":"closed","sticky":false,"template":"","format":"standard","meta":{"ngg_post_thumbnail":0,"footnotes":""},"categories":[1],"tags":[],"class_list":["post-8617","post","type-post","status-publish","format-standard","has-post-thumbnail","hentry","category-egyeb","entry"],"_links":{"self":[{"href":"http:\/\/szakrendelo-sarkad.hu\/efi\/wp-json\/wp\/v2\/posts\/8617","targetHints":{"allow":["GET"]}}],"collection":[{"href":"http:\/\/szakrendelo-sarkad.hu\/efi\/wp-json\/wp\/v2\/posts"}],"about":[{"href":"http:\/\/szakrendelo-sarkad.hu\/efi\/wp-json\/wp\/v2\/types\/post"}],"author":[{"embeddable":true,"href":"http:\/\/szakrendelo-sarkad.hu\/efi\/wp-json\/wp\/v2\/users\/1"}],"replies":[{"embeddable":true,"href":"http:\/\/szakrendelo-sarkad.hu\/efi\/wp-json\/wp\/v2\/comments?post=8617"}],"version-history":[{"count":1,"href":"http:\/\/szakrendelo-sarkad.hu\/efi\/wp-json\/wp\/v2\/posts\/8617\/revisions"}],"predecessor-version":[{"id":8619,"href":"http:\/\/szakrendelo-sarkad.hu\/efi\/wp-json\/wp\/v2\/posts\/8617\/revisions\/8619"}],"wp:featuredmedia":[{"embeddable":true,"href":"http:\/\/szakrendelo-sarkad.hu\/efi\/wp-json\/wp\/v2\/media\/8618"}],"wp:attachment":[{"href":"http:\/\/szakrendelo-sarkad.hu\/efi\/wp-json\/wp\/v2\/media?parent=8617"}],"wp:term":[{"taxonomy":"category","embeddable":true,"href":"http:\/\/szakrendelo-sarkad.hu\/efi\/wp-json\/wp\/v2\/categories?post=8617"},{"taxonomy":"post_tag","embeddable":true,"href":"http:\/\/szakrendelo-sarkad.hu\/efi\/wp-json\/wp\/v2\/tags?post=8617"}],"curies":[{"name":"wp","href":"https:\/\/api.w.org\/{rel}","templated":true}]}}