{"id":8655,"date":"2023-11-13T12:08:32","date_gmt":"2023-11-13T12:08:32","guid":{"rendered":"http:\/\/szakrendelo-sarkad.hu\/efi\/?p=8655"},"modified":"2023-11-13T12:08:32","modified_gmt":"2023-11-13T12:08:32","slug":"diabetesz-vilagnap-november-14-2","status":"publish","type":"post","link":"http:\/\/szakrendelo-sarkad.hu\/efi\/2023\/11\/13\/diabetesz-vilagnap-november-14-2\/","title":{"rendered":"Diab\u00e9tesz vil\u00e1gnap | November 14."},"content":{"rendered":"<p style=\"text-align: center;\"><strong>Az eg\u00e9szs\u00e9ges j\u00f6v<\/strong><strong>\u0151<\/strong><strong> a mi kez<\/strong><strong>\u00fc<\/strong><strong>nkben van! Fogjunk <\/strong><strong>\u00f6<\/strong><strong>ssze a Diab<\/strong><strong>\u00e9<\/strong><strong>tesz Vil<\/strong><strong>\u00e1<\/strong><strong>gnap alkalm<\/strong><strong>\u00e1<\/strong><strong>b<\/strong><strong>\u00f3<\/strong><strong>l a cukorbetegs<\/strong><strong>\u00e9<\/strong><strong>g ellen &#8211; <\/strong><strong>\u00d3<\/strong><strong>VJUK A J<\/strong><strong>\u00d6<\/strong><strong>V<\/strong><strong>\u0150<\/strong><strong>NKET!<\/strong><\/p>\n<p style=\"text-align: center;\">2023. \u00e9v t\u00e9m\u00e1ja a <em>\u201eDi\u00e9t\u00e1s ell\u00e1t\u00e1s, emberi jog: el\u0151rel\u00e9p\u00e9s egy \u00faj korszakba\u201d<\/em><\/p>\n<p style=\"text-align: center;\"><img loading=\"lazy\" decoding=\"async\" class=\"wp-image-8656 size-full aligncenter\" src=\"http:\/\/szakrendelo-sarkad.hu\/efi\/wp-content\/uploads\/sites\/2\/2023\/11\/wdd_hu_500x1000.png\" alt=\"\" width=\"1000\" height=\"500\" srcset=\"http:\/\/szakrendelo-sarkad.hu\/efi\/wp-content\/uploads\/sites\/2\/2023\/11\/wdd_hu_500x1000.png 1000w, http:\/\/szakrendelo-sarkad.hu\/efi\/wp-content\/uploads\/sites\/2\/2023\/11\/wdd_hu_500x1000-300x150.png 300w, http:\/\/szakrendelo-sarkad.hu\/efi\/wp-content\/uploads\/sites\/2\/2023\/11\/wdd_hu_500x1000-768x384.png 768w\" sizes=\"auto, (max-width: 1000px) 100vw, 1000px\" \/><\/p>\n<p style=\"text-align: center;\">A Vil\u00e1gnapot 1991-ben szervezte meg els\u0151 alkalommal a Nemzetk\u00f6zi Diab\u00e9teszsz\u00f6vets\u00e9g az Eg\u00e9szs\u00e9g\u00fcgyi Vil\u00e1gszervezettel k\u00f6z\u00f6sen, az\u00f3ta \u00e9vr\u0151l \u00e9vre k\u00fcl\u00f6nb\u00f6z\u0151 kiemelt t\u00e9ma k\u00f6r\u00e9 szervez\u0151dik.<\/p>\n<p style=\"text-align: center;\">A leggyakoribb anyagcsere- betegs\u00e9gk\u00e9nt sz\u00e1mon tartott diab\u00e9tesz kiv\u00e1lt\u00f3 oka a cs\u00f6kkent vagy a teljes m\u00e9rt\u00e9kben hi\u00e1nyz\u00f3 inzulinhat\u00e1s. Az inzulinhormont a hasny\u00e1lmirigy b\u00e9ta sejtjei termelik, amelyek lehet\u0151v\u00e9 teszik, hogy a t\u00e1pl\u00e1l\u00e9kkal felvett cukor a v\u00e9r\u00e1ramb\u00f3l a sejtekbe jusson, hogy azok energi\u00e1t termeljenek. Az 1-es t\u00edpus\u00fa cukorbetegs\u00e9gben a hasny\u00e1lmirigy nem termel inzulint. Ez els\u0151sorban a gyermekeket \u00e9rinti.<\/p>\n<p style=\"text-align: center;\">2-es t\u00edpus\u00fa cukorbetegs\u00e9g \u00e1ll fenn, ha a hasny\u00e1lmirigy termel ugyan inzulint, de nem elegend\u0151t ahhoz, hogy erre szakosodott sejtek k\u00e9pesek legyenek a v\u00e9rb\u0151l felvenni a sz\u0151l\u0151cukrot, ami a v\u00e9rcukorszint cs\u00f6kken\u00e9s\u00e9t seg\u00edten\u00e9 el\u0151. A 2-es t\u00edpus\u00fa diab\u00e9tesz jobb\u00e1ra a t\u00fals\u00falyos, keveset mozg\u00f3 feln\u0151ttek betegs\u00e9ge.<\/p>\n<p style=\"text-align: center;\">A cukorbetegs\u00e9get nem lehet meggy\u00f3gy\u00edtani, a helyes t\u00e1pl\u00e1lkoz\u00e1ssal, a szigor\u00faan betartott di\u00e9t\u00e1val, a rendszeres testmozg\u00e1ssal, a gy\u00f3gyszerek vagy az inzulin pontos adagol\u00e1s\u00e1val azonban k\u00e9zben tarthat\u00f3.<\/p>\n<p style=\"text-align: center;\"><strong>A Diab\u00e9tesz Vil\u00e1gnap c\u00e9lja, hogy felh\u00edvja a figyelmet a fenyeget\u0151 n\u00e9peg\u00e9szs\u00e9g\u00fcgyi probl\u00e9m\u00e1ra, seg\u00edtse a betegs\u00e9g megel\u0151z\u00e9s\u00e9t, valamint t\u00e1mogassa a diab\u00e9tesszel \u00e9l\u0151ket \u00e9s hozz\u00e1tartoz\u00f3ikat.<\/strong><\/p>\n<p><img loading=\"lazy\" decoding=\"async\" class=\"aligncenter size-full wp-image-8657\" src=\"http:\/\/szakrendelo-sarkad.hu\/efi\/wp-content\/uploads\/sites\/2\/2023\/11\/1.jpg\" alt=\"\" width=\"605\" height=\"404\" srcset=\"http:\/\/szakrendelo-sarkad.hu\/efi\/wp-content\/uploads\/sites\/2\/2023\/11\/1.jpg 605w, http:\/\/szakrendelo-sarkad.hu\/efi\/wp-content\/uploads\/sites\/2\/2023\/11\/1-300x200.jpg 300w\" sizes=\"auto, (max-width: 605px) 100vw, 605px\" \/><\/p>\n","protected":false},"excerpt":{"rendered":"<div class=\"entry-summary\">\n<div class=\"entry-summary\">\nAz eg\u00e9szs\u00e9ges j\u00f6v\u0151 a mi kez\u00fcnkben van! Fogjunk \u00f6ssze a Diab\u00e9tesz Vil\u00e1gnap alkalm\u00e1b\u00f3l a cukorbetegs\u00e9g ellen &#8211; \u00d3VJUK&hellip;\n<\/div>\n<div class=\"link-more\"><a href=\"http:\/\/szakrendelo-sarkad.hu\/efi\/2023\/11\/13\/diabetesz-vilagnap-november-14-2\/\" class=\"more-link\">Continue reading<span class=\"screen-reader-text\"> &ldquo;Diab\u00e9tesz vil\u00e1gnap | November 14.&rdquo;<\/span>&hellip;<\/a><\/div>\n<\/div>\n<div class=\"link-more\"><a href=\"http:\/\/szakrendelo-sarkad.hu\/efi\/2023\/11\/13\/diabetesz-vilagnap-november-14-2\/\" class=\"more-link\">Continue reading<span class=\"screen-reader-text\"> &ldquo;Diab\u00e9tesz vil\u00e1gnap | November 14.&rdquo;<\/span>&hellip;<\/a><\/div>\n","protected":false},"author":1,"featured_media":8658,"comment_status":"closed","ping_status":"closed","sticky":false,"template":"","format":"standard","meta":{"ngg_post_thumbnail":0,"footnotes":""},"categories":[1],"tags":[],"class_list":["post-8655","post","type-post","status-publish","format-standard","has-post-thumbnail","hentry","category-egyeb","entry"],"_links":{"self":[{"href":"http:\/\/szakrendelo-sarkad.hu\/efi\/wp-json\/wp\/v2\/posts\/8655","targetHints":{"allow":["GET"]}}],"collection":[{"href":"http:\/\/szakrendelo-sarkad.hu\/efi\/wp-json\/wp\/v2\/posts"}],"about":[{"href":"http:\/\/szakrendelo-sarkad.hu\/efi\/wp-json\/wp\/v2\/types\/post"}],"author":[{"embeddable":true,"href":"http:\/\/szakrendelo-sarkad.hu\/efi\/wp-json\/wp\/v2\/users\/1"}],"replies":[{"embeddable":true,"href":"http:\/\/szakrendelo-sarkad.hu\/efi\/wp-json\/wp\/v2\/comments?post=8655"}],"version-history":[{"count":1,"href":"http:\/\/szakrendelo-sarkad.hu\/efi\/wp-json\/wp\/v2\/posts\/8655\/revisions"}],"predecessor-version":[{"id":8659,"href":"http:\/\/szakrendelo-sarkad.hu\/efi\/wp-json\/wp\/v2\/posts\/8655\/revisions\/8659"}],"wp:featuredmedia":[{"embeddable":true,"href":"http:\/\/szakrendelo-sarkad.hu\/efi\/wp-json\/wp\/v2\/media\/8658"}],"wp:attachment":[{"href":"http:\/\/szakrendelo-sarkad.hu\/efi\/wp-json\/wp\/v2\/media?parent=8655"}],"wp:term":[{"taxonomy":"category","embeddable":true,"href":"http:\/\/szakrendelo-sarkad.hu\/efi\/wp-json\/wp\/v2\/categories?post=8655"},{"taxonomy":"post_tag","embeddable":true,"href":"http:\/\/szakrendelo-sarkad.hu\/efi\/wp-json\/wp\/v2\/tags?post=8655"}],"curies":[{"name":"wp","href":"https:\/\/api.w.org\/{rel}","templated":true}]}}