{"id":8660,"date":"2023-11-14T12:23:46","date_gmt":"2023-11-14T12:23:46","guid":{"rendered":"http:\/\/szakrendelo-sarkad.hu\/efi\/?p=8660"},"modified":"2023-11-14T12:27:27","modified_gmt":"2023-11-14T12:27:27","slug":"fustmentes-vilagnap-egy-probat-meger","status":"publish","type":"post","link":"http:\/\/szakrendelo-sarkad.hu\/efi\/2023\/11\/14\/fustmentes-vilagnap-egy-probat-meger\/","title":{"rendered":"F\u00fcstmentes Vil\u00e1gnap &#8211; Egy pr\u00f3b\u00e1t meg\u00e9r!"},"content":{"rendered":"<p><img loading=\"lazy\" decoding=\"async\" class=\"size-full wp-image-8661 aligncenter\" src=\"http:\/\/szakrendelo-sarkad.hu\/efi\/wp-content\/uploads\/sites\/2\/2023\/11\/1-2.jpg\" alt=\"\" width=\"752\" height=\"326\" srcset=\"http:\/\/szakrendelo-sarkad.hu\/efi\/wp-content\/uploads\/sites\/2\/2023\/11\/1-2.jpg 752w, http:\/\/szakrendelo-sarkad.hu\/efi\/wp-content\/uploads\/sites\/2\/2023\/11\/1-2-300x130.jpg 300w\" sizes=\"auto, (max-width: 752px) 100vw, 752px\" \/><\/p>\n<h2 style=\"text-align: center;\"><strong>november 27.<\/strong><\/h2>\n<h3 style=\"text-align: center;\">\u201eSoha nem k\u00e9s\u0151 abbahagyni a doh\u00e1nyz\u00e1st!<\/h3>\n<h3 style=\"text-align: center;\">A doh\u00e1nyz\u00e1s elhagy\u00e1sa a legfontosabb, amit tehet a saj\u00e1t eg\u00e9szs\u00e9ge v\u00e9delm\u00e9ben!\u201d<\/h3>\n<p style=\"text-align: center;\">&nbsp;<\/p>\n<p style=\"text-align: center;\">Szeretettel v\u00e1rjuk a leszokni v\u00e1gy\u00f3 \u00e9rdekl\u0151d\u0151ket. K\u00e9rd\u00e9se van, tan\u00e1csot szeretne k\u00e9rni? Keressen Benn\u00fcnket:<\/p>\n<h3 style=\"text-align: center;\">Sarkadi Eg\u00e9szs\u00e9gfejleszt\u00e9si Iroda<br \/>\n06-66\/787-840<\/h3>\n","protected":false},"excerpt":{"rendered":"<div class=\"entry-summary\">\n<div class=\"entry-summary\">\nnovember 27. \u201eSoha nem k\u00e9s\u0151 abbahagyni a doh\u00e1nyz\u00e1st! A doh\u00e1nyz\u00e1s elhagy\u00e1sa a legfontosabb, amit tehet a saj\u00e1t eg\u00e9szs\u00e9ge&hellip;\n<\/div>\n<div class=\"link-more\"><a href=\"http:\/\/szakrendelo-sarkad.hu\/efi\/2023\/11\/14\/fustmentes-vilagnap-egy-probat-meger\/\" class=\"more-link\">Continue reading<span class=\"screen-reader-text\"> &ldquo;F\u00fcstmentes Vil\u00e1gnap &#8211; Egy pr\u00f3b\u00e1t meg\u00e9r!&rdquo;<\/span>&hellip;<\/a><\/div>\n<\/div>\n<div class=\"link-more\"><a href=\"http:\/\/szakrendelo-sarkad.hu\/efi\/2023\/11\/14\/fustmentes-vilagnap-egy-probat-meger\/\" class=\"more-link\">Continue reading<span class=\"screen-reader-text\"> &ldquo;F\u00fcstmentes Vil\u00e1gnap &#8211; Egy pr\u00f3b\u00e1t meg\u00e9r!&rdquo;<\/span>&hellip;<\/a><\/div>\n","protected":false},"author":1,"featured_media":8661,"comment_status":"closed","ping_status":"closed","sticky":false,"template":"","format":"standard","meta":{"ngg_post_thumbnail":0,"footnotes":""},"categories":[1],"tags":[],"class_list":["post-8660","post","type-post","status-publish","format-standard","has-post-thumbnail","hentry","category-egyeb","entry"],"_links":{"self":[{"href":"http:\/\/szakrendelo-sarkad.hu\/efi\/wp-json\/wp\/v2\/posts\/8660","targetHints":{"allow":["GET"]}}],"collection":[{"href":"http:\/\/szakrendelo-sarkad.hu\/efi\/wp-json\/wp\/v2\/posts"}],"about":[{"href":"http:\/\/szakrendelo-sarkad.hu\/efi\/wp-json\/wp\/v2\/types\/post"}],"author":[{"embeddable":true,"href":"http:\/\/szakrendelo-sarkad.hu\/efi\/wp-json\/wp\/v2\/users\/1"}],"replies":[{"embeddable":true,"href":"http:\/\/szakrendelo-sarkad.hu\/efi\/wp-json\/wp\/v2\/comments?post=8660"}],"version-history":[{"count":3,"href":"http:\/\/szakrendelo-sarkad.hu\/efi\/wp-json\/wp\/v2\/posts\/8660\/revisions"}],"predecessor-version":[{"id":8664,"href":"http:\/\/szakrendelo-sarkad.hu\/efi\/wp-json\/wp\/v2\/posts\/8660\/revisions\/8664"}],"wp:featuredmedia":[{"embeddable":true,"href":"http:\/\/szakrendelo-sarkad.hu\/efi\/wp-json\/wp\/v2\/media\/8661"}],"wp:attachment":[{"href":"http:\/\/szakrendelo-sarkad.hu\/efi\/wp-json\/wp\/v2\/media?parent=8660"}],"wp:term":[{"taxonomy":"category","embeddable":true,"href":"http:\/\/szakrendelo-sarkad.hu\/efi\/wp-json\/wp\/v2\/categories?post=8660"},{"taxonomy":"post_tag","embeddable":true,"href":"http:\/\/szakrendelo-sarkad.hu\/efi\/wp-json\/wp\/v2\/tags?post=8660"}],"curies":[{"name":"wp","href":"https:\/\/api.w.org\/{rel}","templated":true}]}}