{"id":8698,"date":"2023-11-30T07:48:22","date_gmt":"2023-11-30T07:48:22","guid":{"rendered":"http:\/\/szakrendelo-sarkad.hu\/efi\/?p=8698"},"modified":"2023-11-30T07:48:22","modified_gmt":"2023-11-30T07:48:22","slug":"december-1-az-aids-vilagnap","status":"publish","type":"post","link":"http:\/\/szakrendelo-sarkad.hu\/efi\/2023\/11\/30\/december-1-az-aids-vilagnap\/","title":{"rendered":"DECEMBER 1.- AZ AIDS VIL\u00c1GNAP"},"content":{"rendered":"<p>A HIV fert\u0151z\u00e9s ak\u00e1r \u00e9vekig nem okoz t\u00fcneteket, ez\u00e9rt a rendszeres sz\u0171r\u00e9s \u00e9s a korai felismer\u00e9s az egyetlen m\u00f3dja, hogy HIV- fert\u0151z\u00e9s eset\u00e9n idej\u00e9ben megkezd\u0151dhessen a v\u00edrusellenes kezel\u00e9s \u00e9s megel\u0151zhet\u0151v\u00e9 v\u00e1ljon az AIDS- betegs\u00e9g kialakul\u00e1sa.<\/p>\n<p>A sz\u0171r\u00e9s egyszer\u0171 \u00e9s f\u00e1jdalommentes, v\u00e9rv\u00e9tel \u00fatj\u00e1n t\u00f6rt\u00e9nik. A v\u00e9rv\u00e9telre nem sz\u00fcks\u00e9ges \u00e9hgyomorral \u00e9rkezni. A sz\u0171r\u00e9s id\u0151pontfoglal\u00e1s n\u00e9lk\u00fcl t\u00f6rt\u00e9nik.<\/p>\n<p>Vegye ig\u00e9nybe az ingyenes HIV\/AIDS tan\u00e1csad\u00e1st \u00e9s sz\u0171r\u00e9st<\/p>\n<p><strong>Helye: B\u00e9k\u00e9s Megyei Korm\u00e1nyhivatal<\/strong><\/p>\n<p><strong>B\u00e9k\u00e9scsaba, Derkovics sor 2. B \u00e9p\u00fclet I. emelet <\/strong><\/p>\n<p><strong>114-es szoba<\/strong><\/p>\n<p><strong>&nbsp;<\/strong><\/p>\n<p><strong>Ideje:<\/strong><\/p>\n<p><strong>Kedd: 12.00-16.00<\/strong><\/p>\n<p><strong>Szerda: 8.00-12.00<\/strong><\/p>\n<p>&nbsp;<\/p>\n<p><strong>D\u00d6NTS\u00d6N FELEL\u0150SEN, JELENTKEZZEN HIV SZ\u0170R\u00c9SRE!<\/strong><\/p>\n","protected":false},"excerpt":{"rendered":"<div class=\"entry-summary\">\n<div class=\"entry-summary\">\nA HIV fert\u0151z\u00e9s ak\u00e1r \u00e9vekig nem okoz t\u00fcneteket, ez\u00e9rt a rendszeres sz\u0171r\u00e9s \u00e9s a korai felismer\u00e9s az egyetlen&hellip;\n<\/div>\n<div class=\"link-more\"><a href=\"http:\/\/szakrendelo-sarkad.hu\/efi\/2023\/11\/30\/december-1-az-aids-vilagnap\/\" class=\"more-link\">Continue reading<span class=\"screen-reader-text\"> &ldquo;DECEMBER 1.- AZ AIDS VIL\u00c1GNAP&rdquo;<\/span>&hellip;<\/a><\/div>\n<\/div>\n<div class=\"link-more\"><a href=\"http:\/\/szakrendelo-sarkad.hu\/efi\/2023\/11\/30\/december-1-az-aids-vilagnap\/\" class=\"more-link\">Continue reading<span class=\"screen-reader-text\"> &ldquo;DECEMBER 1.- AZ AIDS VIL\u00c1GNAP&rdquo;<\/span>&hellip;<\/a><\/div>\n","protected":false},"author":1,"featured_media":8699,"comment_status":"closed","ping_status":"closed","sticky":false,"template":"","format":"standard","meta":{"ngg_post_thumbnail":0,"footnotes":""},"categories":[1],"tags":[],"class_list":["post-8698","post","type-post","status-publish","format-standard","has-post-thumbnail","hentry","category-egyeb","entry"],"_links":{"self":[{"href":"http:\/\/szakrendelo-sarkad.hu\/efi\/wp-json\/wp\/v2\/posts\/8698","targetHints":{"allow":["GET"]}}],"collection":[{"href":"http:\/\/szakrendelo-sarkad.hu\/efi\/wp-json\/wp\/v2\/posts"}],"about":[{"href":"http:\/\/szakrendelo-sarkad.hu\/efi\/wp-json\/wp\/v2\/types\/post"}],"author":[{"embeddable":true,"href":"http:\/\/szakrendelo-sarkad.hu\/efi\/wp-json\/wp\/v2\/users\/1"}],"replies":[{"embeddable":true,"href":"http:\/\/szakrendelo-sarkad.hu\/efi\/wp-json\/wp\/v2\/comments?post=8698"}],"version-history":[{"count":1,"href":"http:\/\/szakrendelo-sarkad.hu\/efi\/wp-json\/wp\/v2\/posts\/8698\/revisions"}],"predecessor-version":[{"id":8700,"href":"http:\/\/szakrendelo-sarkad.hu\/efi\/wp-json\/wp\/v2\/posts\/8698\/revisions\/8700"}],"wp:featuredmedia":[{"embeddable":true,"href":"http:\/\/szakrendelo-sarkad.hu\/efi\/wp-json\/wp\/v2\/media\/8699"}],"wp:attachment":[{"href":"http:\/\/szakrendelo-sarkad.hu\/efi\/wp-json\/wp\/v2\/media?parent=8698"}],"wp:term":[{"taxonomy":"category","embeddable":true,"href":"http:\/\/szakrendelo-sarkad.hu\/efi\/wp-json\/wp\/v2\/categories?post=8698"},{"taxonomy":"post_tag","embeddable":true,"href":"http:\/\/szakrendelo-sarkad.hu\/efi\/wp-json\/wp\/v2\/tags?post=8698"}],"curies":[{"name":"wp","href":"https:\/\/api.w.org\/{rel}","templated":true}]}}