{"id":8732,"date":"2024-01-17T14:15:13","date_gmt":"2024-01-17T14:15:13","guid":{"rendered":"http:\/\/szakrendelo-sarkad.hu\/efi\/?p=8732"},"modified":"2024-01-17T14:15:13","modified_gmt":"2024-01-17T14:15:13","slug":"gyongy-percek-2024","status":"publish","type":"post","link":"http:\/\/szakrendelo-sarkad.hu\/efi\/2024\/01\/17\/gyongy-percek-2024\/","title":{"rendered":"GY\u00d6NGY-PERCEK 2024"},"content":{"rendered":"<p style=\"text-align: center;\"><strong>GY\u00d6NGY-PERCEK 2024<\/strong><\/p>\n<p style=\"text-align: center;\"><strong>&nbsp;EUR\u00d3PAI M\u00c9HNYAKR\u00c1K MEGEL\u0150Z\u00c9SI H\u00c9T<\/strong><\/p>\n<p style=\"text-align: center;\">Id\u00e9n janu\u00e1r 22. \u00e9s 28. k\u00f6z\u00f6tt ker\u00fcl megrendez\u00e9sre az Eur\u00f3pai M\u00e9hnyakr\u00e1k Megel\u0151z\u00e9si H\u00e9t, amelynek keret\u00e9ben Magyarorsz\u00e1gon az az imm\u00e1ron nem csak hazai, hanem 2017 \u00f3ta nemzetk\u00f6zi keretek k\u00f6z\u00f6tt m\u0171k\u00f6d\u0151 M\u00e1lyvavir\u00e1g Alap\u00edtv\u00e1ny orsz\u00e1gos kamp\u00e1nyt hirdet a m\u00e9hnyakr\u00e1k-prevenci\u00f3 fontoss\u00e1g\u00e1nak hangs\u00falyoz\u00e1s\u00e1ra.<\/p>\n<p style=\"text-align: center;\">Ezen id\u0151szakban az int\u00e9zm\u00e9nybe m\u00e9hnyak sz\u0171r\u00e9sre jelentkez\u0151 h\u00f6lgyek m\u00e1lyvasz\u00edn\u0171 kark\u00f6t\u0151t \u00e9s t\u00e1j\u00e9koztat\u00f3 sz\u00f3r\u00f3anyagot kapnak aj\u00e1nd\u00e9kba a n\u0151gy\u00f3gy\u00e1szati szakrendel\u00e9s szakasszisztenseit\u0151l.<\/p>\n<p style=\"text-align: center;\">A kamp\u00e1ny c\u00e9lja ez\u00fattal is az, hogy n\u0151k \u00e9s f\u00e9rfiak egyar\u00e1nt min\u00e9l sz\u00e9lesebb k\u00f6rben jussanak a lehet\u0151 legt\u00f6bb inform\u00e1ci\u00f3hoz a HPV-vel, m\u00e9hnyakr\u00e1kkal, a megel\u0151z\u00e9si-, valamint a kezel\u00e9si, illetve ut\u00f3kezel\u00e9si lehet\u0151s\u00e9gekkel kapcsolatban, ak\u00e1r \u0151k maguk, ak\u00e1r egy csal\u00e1dtagjuk vagy bar\u00e1tjuk az \u00e9rintett.<\/p>\n<p style=\"text-align: center;\">Gy\u00f6ngy\u0151rz\u0151 mindenki, aki foglalkozik a m\u00e9hnyakr\u00e1kkal, a prevenci\u00f3val, aki elmegy sz\u0171r\u00e9sre, aki tov\u00e1bbadja a HPV-megel\u0151z\u00e9s \u00fczenet\u00e9t, \u00e9s aki gy\u00f6ngyb\u0151l kark\u00f6t\u0151t f\u0171z, hiszen a gy\u00f6ngy a hum\u00e1n papillomav\u00edrus elleni v\u00e9dekez\u00e9s szimb\u00f3luma.<\/p>\n<p style=\"text-align: center;\">Gy\u00f6ngy\u0151rz\u0151k azok az orvosok, n\u0151gy\u00f3gy\u00e1szok, onkol\u00f3gusok, daganatseb\u00e9szek \u00e9s tov\u00e1bbi szakemberek is, akik nap mint nap felveszik a k\u00fczdelmet a m\u00e9hnyakr\u00e1k ellen.<\/p>\n<p style=\"text-align: center;\">Az Alap\u00edtv\u00e1ny hazai \u00e9s nemzetk\u00f6zi platformon is az\u00e9rt dolgozik, hogy el\u0151seg\u00edtse az Eg\u00e9szs\u00e9g\u00fcgyi Vil\u00e1gszervezetnek (WHO) azon a c\u00e9lkit\u0171z\u00e9s\u00e9nek megval\u00f3sul\u00e1s\u00e1t, hogy a m\u00e9hnyakr\u00e1k teljesen elt\u0171nj\u00f6n a F\u00f6ld sz\u00edn\u00e9r\u0151l. Ehhez a WHO szerint arra van sz\u00fcks\u00e9g, hogy 15 \u00e9ves korukra a l\u00e1nyok legal\u00e1bb 90 sz\u00e1zal\u00e9ka megkapja a HPV elleni v\u00e9d\u0151olt\u00e1st, a feln\u0151tt n\u0151k legal\u00e1bb 70 sz\u00e1zal\u00e9ka rendszeresen j\u00e1rjon sz\u0171r\u00e9sre, illetve azon n\u0151k k\u00f6z\u00fcl, akikn\u00e9l elv\u00e1ltoz\u00e1st okoz a HPV, legal\u00e1bb 90 sz\u00e1zal\u00e9k kapja meg a megfelel\u0151 kezel\u00e9st ak\u00e1r r\u00e1kmegel\u0151z\u0151 \u00e1llapot, ak\u00e1r r\u00e1kos invaz\u00edv \u00e1llapot fenn\u00e1ll\u00e1sa eset\u00e9n.<\/p>\n<p style=\"text-align: center;\">Az Eg\u00e9szs\u00e9gfejleszt\u00e9si Iroda munkat\u00e1rsai szeretettel aj\u00e1nd\u00e9kozz\u00e1k meg a h\u00e9ten sz\u0171r\u0151vizsg\u00e1latra jelentkez\u0151 H\u00f6lgyeket egy gy\u00f6ngy\u00f6kb\u0151l f\u0171z\u00f6tt kark\u00f6t\u0151vel.<\/p>\n<p style=\"text-align: center;\"><strong>Ne feledje!<\/strong><\/p>\n<p style=\"text-align: center;\"><strong>EZ A DAGANAT\/ELV\u00c1LTOZ\u00c1S NEMCSAK KOR\u00c1N FELISMERHET\u0150, HANEM MEG IS EL\u0150ZHET\u0150!<\/strong><\/p>\n<p style=\"text-align: center;\"><strong>K\u00e9rj\u00fck gondolja \u00e1t, figyeljen oda eg\u00e9szs\u00e9g\u00e9re! <\/strong><\/p>\n<p style=\"text-align: center;\"><strong>Legyen tudat\u00e1ban azzal, hogy ez a betegs\u00e9g l\u00e9tezik, mit jelent val\u00f3j\u00e1ban, hogy meg lehet el\u0151zni! <\/strong><\/p>\n","protected":false},"excerpt":{"rendered":"<div class=\"entry-summary\">\n<div class=\"entry-summary\">\nGY\u00d6NGY-PERCEK 2024 &nbsp;EUR\u00d3PAI M\u00c9HNYAKR\u00c1K MEGEL\u0150Z\u00c9SI H\u00c9T Id\u00e9n janu\u00e1r 22. \u00e9s 28. k\u00f6z\u00f6tt ker\u00fcl megrendez\u00e9sre az Eur\u00f3pai M\u00e9hnyakr\u00e1k Megel\u0151z\u00e9si&hellip;\n<\/div>\n<div class=\"link-more\"><a href=\"http:\/\/szakrendelo-sarkad.hu\/efi\/2024\/01\/17\/gyongy-percek-2024\/\" class=\"more-link\">Continue reading<span class=\"screen-reader-text\"> &ldquo;GY\u00d6NGY-PERCEK 2024&rdquo;<\/span>&hellip;<\/a><\/div>\n<\/div>\n<div class=\"link-more\"><a href=\"http:\/\/szakrendelo-sarkad.hu\/efi\/2024\/01\/17\/gyongy-percek-2024\/\" class=\"more-link\">Continue reading<span class=\"screen-reader-text\"> &ldquo;GY\u00d6NGY-PERCEK 2024&rdquo;<\/span>&hellip;<\/a><\/div>\n","protected":false},"author":1,"featured_media":8733,"comment_status":"closed","ping_status":"closed","sticky":false,"template":"","format":"standard","meta":{"ngg_post_thumbnail":0,"footnotes":""},"categories":[1],"tags":[],"class_list":["post-8732","post","type-post","status-publish","format-standard","has-post-thumbnail","hentry","category-egyeb","entry"],"_links":{"self":[{"href":"http:\/\/szakrendelo-sarkad.hu\/efi\/wp-json\/wp\/v2\/posts\/8732","targetHints":{"allow":["GET"]}}],"collection":[{"href":"http:\/\/szakrendelo-sarkad.hu\/efi\/wp-json\/wp\/v2\/posts"}],"about":[{"href":"http:\/\/szakrendelo-sarkad.hu\/efi\/wp-json\/wp\/v2\/types\/post"}],"author":[{"embeddable":true,"href":"http:\/\/szakrendelo-sarkad.hu\/efi\/wp-json\/wp\/v2\/users\/1"}],"replies":[{"embeddable":true,"href":"http:\/\/szakrendelo-sarkad.hu\/efi\/wp-json\/wp\/v2\/comments?post=8732"}],"version-history":[{"count":1,"href":"http:\/\/szakrendelo-sarkad.hu\/efi\/wp-json\/wp\/v2\/posts\/8732\/revisions"}],"predecessor-version":[{"id":8734,"href":"http:\/\/szakrendelo-sarkad.hu\/efi\/wp-json\/wp\/v2\/posts\/8732\/revisions\/8734"}],"wp:featuredmedia":[{"embeddable":true,"href":"http:\/\/szakrendelo-sarkad.hu\/efi\/wp-json\/wp\/v2\/media\/8733"}],"wp:attachment":[{"href":"http:\/\/szakrendelo-sarkad.hu\/efi\/wp-json\/wp\/v2\/media?parent=8732"}],"wp:term":[{"taxonomy":"category","embeddable":true,"href":"http:\/\/szakrendelo-sarkad.hu\/efi\/wp-json\/wp\/v2\/categories?post=8732"},{"taxonomy":"post_tag","embeddable":true,"href":"http:\/\/szakrendelo-sarkad.hu\/efi\/wp-json\/wp\/v2\/tags?post=8732"}],"curies":[{"name":"wp","href":"https:\/\/api.w.org\/{rel}","templated":true}]}}