{"id":8804,"date":"2024-03-19T07:57:48","date_gmt":"2024-03-19T07:57:48","guid":{"rendered":"http:\/\/szakrendelo-sarkad.hu\/efi\/?p=8804"},"modified":"2024-03-19T08:00:06","modified_gmt":"2024-03-19T08:00:06","slug":"marcius-21-down-szindroma-vilagnap","status":"publish","type":"post","link":"http:\/\/szakrendelo-sarkad.hu\/efi\/2024\/03\/19\/marcius-21-down-szindroma-vilagnap\/","title":{"rendered":"M\u00e1rcius 21. | DOWN-SZINDR\u00d3MA VIL\u00c1GNAP"},"content":{"rendered":"<p>A Down-szindr\u00f3ma Magyarorsz\u00e1gon \u00e1tlagosan 700 v\u00e1rand\u00f3s\u00e1gb\u00f3l egyszer fordul el\u0151. Ez a velesz\u00fcletett rendelleness\u00e9g sejtoszt\u00f3d\u00e1si zavarb\u00f3l alakul ki, ami miatt ezekn\u00e9l az egy\u00e9nekn\u00e9l egy tov\u00e1bbi r\u00e9szleges vagy teljes 21-es kromosz\u00f3ma jelenik meg. Ez az \u00fajsz\u00fcl\u00f6ttek egyik leggyakoribb kromosz\u00f3ma-rendelleness\u00e9ge. B\u00e1r genetikai vizsg\u00e1latokkal m\u00e1r a magzati korban meghat\u00e1rozhat\u00f3, hogy fenn\u00e1ll-e a Down-szindr\u00f3ma kock\u00e1zata, a s\u00falyoss\u00e1g m\u00e9rt\u00e9k\u00e9t sz\u00fclet\u00e9s el\u0151tt nem lehet meghat\u00e1rozni. A szellemi fogyat\u00e9koss\u00e1g mellett jellemz\u0151i m\u00e9g az alacsony izomt\u00f3nus, az alacsony testmagass\u00e1g, a ferde metsz\u00e9s\u0171 szemek, illetve a teny\u00e9ren h\u00faz\u00f3d\u00f3 m\u00e9ly bar\u00e1zda, n\u00e9mileg lapos arc. S\u00falyoss\u00e1gt\u00f3l f\u00fcgg\u0151en tov\u00e1bbi t\u00fcnetek lehetnek: sz\u00edvel\u00e9gtelens\u00e9g, immunrendszeri zavarok, l\u00e9gz\u00e9si probl\u00e9m\u00e1k, fert\u0151z\u00e9sekre val\u00f3 hajlam. Ezek t\u00f6bbs\u00e9ge a Down-szindr\u00f3m\u00e1val rendelkez\u0151kn\u00e9l \u00e9let\u00fck v\u00e9g\u00e9ig tart\u00f3 eg\u00e9szs\u00e9g\u00fcgyi \u00e9s szoci\u00e1lis ell\u00e1t\u00e1st ig\u00e9nyel.<\/p>\n<p>A szindr\u00f3ma el\u0151fordul\u00e1sa a gazdas\u00e1gi helyzett\u0151l f\u00fcggetlen\u00fcl, minden rasszn\u00e1l megfigyelhet\u0151, b\u00e1r az anya szempontj\u00e1b\u00f3l magasabb \u00e9letkorban v\u00e1llalt gyermek eset\u00e9n nagyobb a kock\u00e1zat.<\/p>\n<p>A szindr\u00f3ma nem \u00fajkelet\u0171, de csak a XIX. sz\u00e1zadban \u00edrta le egy John Langdon Down nev\u0171 angol orvos, akir\u0151l a szindr\u00f3ma a nev\u00e9t kapta. Az orvostudom\u00e1ny fejl\u0151d\u00e9s\u00e9nek k\u00f6sz\u00f6nhet\u0151en a Down-szindr\u00f3m\u00e1s egy\u00e9nek \u00e9letkil\u00e1t\u00e1sai manaps\u00e1g egyre jobbak.&nbsp;<\/p>\n<p>(Forr\u00e1s: https:\/\/www.facebook.com\/seegeszsegfejlesztesikozpont\/)<\/p>\n<p><img loading=\"lazy\" decoding=\"async\" class=\"aligncenter size-full wp-image-8807\" src=\"http:\/\/szakrendelo-sarkad.hu\/efi\/wp-content\/uploads\/sites\/2\/2024\/03\/1-1.jpg\" alt=\"\" width=\"535\" height=\"449\" srcset=\"http:\/\/szakrendelo-sarkad.hu\/efi\/wp-content\/uploads\/sites\/2\/2024\/03\/1-1.jpg 535w, http:\/\/szakrendelo-sarkad.hu\/efi\/wp-content\/uploads\/sites\/2\/2024\/03\/1-1-300x252.jpg 300w\" sizes=\"auto, (max-width: 535px) 100vw, 535px\" \/><\/p>\n","protected":false},"excerpt":{"rendered":"<div class=\"entry-summary\">\n<div class=\"entry-summary\">\nA Down-szindr\u00f3ma Magyarorsz\u00e1gon \u00e1tlagosan 700 v\u00e1rand\u00f3s\u00e1gb\u00f3l egyszer fordul el\u0151. Ez a velesz\u00fcletett rendelleness\u00e9g sejtoszt\u00f3d\u00e1si zavarb\u00f3l alakul ki, ami&hellip;\n<\/div>\n<div class=\"link-more\"><a href=\"http:\/\/szakrendelo-sarkad.hu\/efi\/2024\/03\/19\/marcius-21-down-szindroma-vilagnap\/\" class=\"more-link\">Continue reading<span class=\"screen-reader-text\"> &ldquo;M\u00e1rcius 21. | DOWN-SZINDR\u00d3MA VIL\u00c1GNAP&rdquo;<\/span>&hellip;<\/a><\/div>\n<\/div>\n<div class=\"link-more\"><a href=\"http:\/\/szakrendelo-sarkad.hu\/efi\/2024\/03\/19\/marcius-21-down-szindroma-vilagnap\/\" class=\"more-link\">Continue reading<span class=\"screen-reader-text\"> &ldquo;M\u00e1rcius 21. | DOWN-SZINDR\u00d3MA VIL\u00c1GNAP&rdquo;<\/span>&hellip;<\/a><\/div>\n","protected":false},"author":1,"featured_media":8805,"comment_status":"closed","ping_status":"closed","sticky":false,"template":"","format":"standard","meta":{"ngg_post_thumbnail":0,"footnotes":""},"categories":[1],"tags":[],"class_list":["post-8804","post","type-post","status-publish","format-standard","has-post-thumbnail","hentry","category-egyeb","entry"],"_links":{"self":[{"href":"http:\/\/szakrendelo-sarkad.hu\/efi\/wp-json\/wp\/v2\/posts\/8804","targetHints":{"allow":["GET"]}}],"collection":[{"href":"http:\/\/szakrendelo-sarkad.hu\/efi\/wp-json\/wp\/v2\/posts"}],"about":[{"href":"http:\/\/szakrendelo-sarkad.hu\/efi\/wp-json\/wp\/v2\/types\/post"}],"author":[{"embeddable":true,"href":"http:\/\/szakrendelo-sarkad.hu\/efi\/wp-json\/wp\/v2\/users\/1"}],"replies":[{"embeddable":true,"href":"http:\/\/szakrendelo-sarkad.hu\/efi\/wp-json\/wp\/v2\/comments?post=8804"}],"version-history":[{"count":2,"href":"http:\/\/szakrendelo-sarkad.hu\/efi\/wp-json\/wp\/v2\/posts\/8804\/revisions"}],"predecessor-version":[{"id":8808,"href":"http:\/\/szakrendelo-sarkad.hu\/efi\/wp-json\/wp\/v2\/posts\/8804\/revisions\/8808"}],"wp:featuredmedia":[{"embeddable":true,"href":"http:\/\/szakrendelo-sarkad.hu\/efi\/wp-json\/wp\/v2\/media\/8805"}],"wp:attachment":[{"href":"http:\/\/szakrendelo-sarkad.hu\/efi\/wp-json\/wp\/v2\/media?parent=8804"}],"wp:term":[{"taxonomy":"category","embeddable":true,"href":"http:\/\/szakrendelo-sarkad.hu\/efi\/wp-json\/wp\/v2\/categories?post=8804"},{"taxonomy":"post_tag","embeddable":true,"href":"http:\/\/szakrendelo-sarkad.hu\/efi\/wp-json\/wp\/v2\/tags?post=8804"}],"curies":[{"name":"wp","href":"https:\/\/api.w.org\/{rel}","templated":true}]}}