{"id":8809,"date":"2024-03-20T09:36:29","date_gmt":"2024-03-20T09:36:29","guid":{"rendered":"http:\/\/szakrendelo-sarkad.hu\/efi\/?p=8809"},"modified":"2024-03-20T09:36:29","modified_gmt":"2024-03-20T09:36:29","slug":"igy-bojtoltek-regen-es-igy-bojtolhetunk-ma-hogyan-valtoztak-a-regi-szabalyok","status":"publish","type":"post","link":"http:\/\/szakrendelo-sarkad.hu\/efi\/2024\/03\/20\/igy-bojtoltek-regen-es-igy-bojtolhetunk-ma-hogyan-valtoztak-a-regi-szabalyok\/","title":{"rendered":"\u00cdgy b\u00f6jt\u00f6ltek r\u00e9gen, \u00e9s \u00edgy b\u00f6jt\u00f6l(het)\u00fcnk ma: hogyan v\u00e1ltoztak a r\u00e9gi szab\u00e1lyok?"},"content":{"rendered":"<p>A h\u00fasv\u00e9t el\u0151tti 40 nap a katolikus egyh\u00e1zban a nagyb\u00f6jt ideje, melynek szigor\u00fa szab\u00e1lyai vannak, illetve legink\u00e1bb csak voltak, mert ez a szok\u00e1s (is) \u00e1talakul\u00f3ban van. Egyre kevesebben k\u00f6vetik a r\u00e9gi, vall\u00e1si hagyom\u00e1nyokat, ugyanakkor egyre t\u00f6bben b\u00f6jt\u00f6lnek m\u00e1s ind\u00edttat\u00e1sb\u00f3l \u00e9s m\u00e1s m\u00f3don.<\/p>\n<p>Manaps\u00e1g a b\u00f6jtr\u0151l legink\u00e1bb a di\u00e9ta \u00e9s m\u00e9regtelen\u00edt\u00e9s jut esz\u00fcnkbe, pedig ez a szok\u00e1s vall\u00e1si eredet\u0171, \u00e9s nem az alakform\u00e1l\u00e1s vagy eg\u00e9szs\u00e9gesebb \u00e9let a c\u00e9lja. A legt\u00f6bb vall\u00e1sban megjelenik az \u00e9telt\u0151l, az italt\u00f3l \u00e9s a h\u00e1zas\u00e9lett\u0151l val\u00f3 tart\u00f3zkod\u00e1s, a kereszt\u00e9nyek \u2013 \u00e9s k\u00fcl\u00f6n\u00f6sen a katolikusok \u2013 k\u00f6r\u00e9ben pedig h\u00fasv\u00e9t el\u0151tt kap fontos szerepet, ekkorra esik ugyanis&nbsp;<a href=\"https:\/\/www.evamagazin.hu\/lelkem\/bojt-boldogga-tesz\"><strong>a nagyb\u00f6jt<\/strong><\/a>. L\u00e9nyege a b\u0171nb\u00e1nat, a megtisztul\u00e1s, az \u00e1ldozatv\u00e1llal\u00e1s, sok h\u00edv\u0151 \u00edgy azonosul J\u00e9zussal, illetve egyes \u00e9rtelmez\u00e9sek szerint a b\u00f6jt \u00e1ltali megk\u00eds\u00e9rtett \u00e1llapotban lelkileg \u00e9s testileg is meger\u0151s\u00edthetik hit\u00fcket.<\/p>\n<p>Mi\u00e9rt \u00e9ppen 40 napig tart a h\u00fasv\u00e9ti b\u00f6jt?<\/p>\n<p>A farsangi id\u0151szak lez\u00e1rult\u00e1val, a h\u00fasv\u00e9tvas\u00e1rnapt\u00f3l visszasz\u00e1molt 40. h\u00e9tk\u00f6znapon, hamvaz\u00f3szerd\u00e1n kezd\u0151dik a nagyb\u00f6jt, ami h\u00fasv\u00e9tkor \u00e9r v\u00e9get. A nagyb\u00f6jt teljes id\u0151tartama 46 nap, de az erre az id\u0151szakra es\u0151 vas\u00e1rnapokat nem tekintik b\u00f6jti napnak, \u00edgy j\u00f6n ki a 40 nap. A 40 pedig t\u00f6bb szempontb\u00f3l is szimbolikus \u00e9rt\u00e9k\u0171 sz\u00e1m a kereszt\u00e9nyekn\u00e9l. J\u00e9zus 40 napig b\u00f6jt\u00f6lt a puszt\u00e1ban, 40 \u00e9vig v\u00e1ndoroltak a zsid\u00f3k, 40 napig tartott a v\u00edz\u00f6z\u00f6n \u00e9s 40 napot t\u00f6lt\u00f6tt M\u00f3zes a S\u00ednai-hegyen, miel\u0151tt megkapta a T\u00edzparancsolatot.<\/p>\n<p><img loading=\"lazy\" decoding=\"async\" class=\"aligncenter size-full wp-image-8810\" src=\"http:\/\/szakrendelo-sarkad.hu\/efi\/wp-content\/uploads\/sites\/2\/2024\/03\/1-2.jpg\" alt=\"\" width=\"469\" height=\"312\" srcset=\"http:\/\/szakrendelo-sarkad.hu\/efi\/wp-content\/uploads\/sites\/2\/2024\/03\/1-2.jpg 469w, http:\/\/szakrendelo-sarkad.hu\/efi\/wp-content\/uploads\/sites\/2\/2024\/03\/1-2-300x200.jpg 300w\" sizes=\"auto, (max-width: 469px) 100vw, 469px\" \/><\/p>\n<p>Mit \u00e9s mennyit lehet enni nagyb\u00f6jt idej\u00e9n?<\/p>\n<p>Az \u00e9telr\u0151l val\u00f3 lemond\u00e1s alapvet\u0151en azt jelk\u00e9pezi, hogy a b\u00f6jt idej\u00e9n a test helyett a l\u00e9lek ker\u00fcl f\u00f3kuszba. A kereszt\u00e9nys\u00e9g tan\u00edt\u00e1sa szerint ilyenkor a fizikai sz\u00fcks\u00e9gletek helyett Istenre kell figyelni, \u00e9s amir\u0151l a test\u00fcnk lemond ebben az id\u0151szakban, azt a lelk\u00fcnk sokszorosan visszakapja. A k\u00f6z\u00e9pkorban m\u00e9g meglehet\u0151sen szigor\u00faan vett\u00e9k a nagyb\u00f6jt\u00f6t: negyvenel\u00e9snek h\u00edvt\u00e1k, \u00e9s 40 napig csak naponta egyszer, naplemente ut\u00e1n ettek. Ezt k\u00f6vet\u0151en lazultak a szab\u00e1lyok, \u00e9s sok\u00e1ig \u00fagy tartott\u00e1k, hogy a 18-60 \u00e9v k\u00f6z\u00f6tti h\u00edv\u0151k naponta h\u00e1romszor ehettek, de csak egyszer lakhattak j\u00f3l, h\u00fast pedig egy\u00e1ltal\u00e1n nem fogyasztottak.<\/p>\n<p>Manaps\u00e1g is van, aki a r\u00e9gi szab\u00e1lyok szerint b\u00f6jt\u00f6l, de az egyh\u00e1z ir\u00e1nyad\u00e1sa j\u00f3val kev\u00e9sb\u00e9 szigor\u00fa. Az tov\u00e1bbra is el\u0151\u00edr\u00e1s, hogy 18-60 \u00e9v k\u00f6z\u00f6tt hamvaz\u00f3szerd\u00e1n \u00e9s nagyp\u00e9nteken csak h\u00e1romszor szabad enni, \u00e9s csak egyszer b\u0151s\u00e9gesen (kiv\u00e9ve persze betegs\u00e9g, terhess\u00e9g stb. eset\u00e9n). Ezenk\u00edv\u00fcl h\u00fast nem szabad fogyasztani ezeken a napokon, valamint a nagyb\u00f6jt t\u00f6bbi p\u00e9ntekj\u00e9n sem, \u00e9s fontos kit\u00e9tel, hogy a h\u00fastilalom 14 \u00e9v felett k\u00f6telez\u0151 a h\u00edv\u0151knek.<\/p>\n<p>Mit \u00e9s mennyit lehet enni nagyb\u00f6jt idej\u00e9n?<\/p>\n<p>Az \u00e9telr\u0151l val\u00f3 lemond\u00e1s alapvet\u0151en azt jelk\u00e9pezi, hogy a b\u00f6jt idej\u00e9n a test helyett a l\u00e9lek ker\u00fcl f\u00f3kuszba. A kereszt\u00e9nys\u00e9g tan\u00edt\u00e1sa szerint ilyenkor a fizikai sz\u00fcks\u00e9gletek helyett Istenre kell figyelni, \u00e9s amir\u0151l a test\u00fcnk lemond ebben az id\u0151szakban, azt a lelk\u00fcnk sokszorosan visszakapja. A k\u00f6z\u00e9pkorban m\u00e9g meglehet\u0151sen szigor\u00faan vett\u00e9k a nagyb\u00f6jt\u00f6t: negyvenel\u00e9snek h\u00edvt\u00e1k, \u00e9s 40 napig csak naponta egyszer, naplemente ut\u00e1n ettek. Ezt k\u00f6vet\u0151en lazultak a szab\u00e1lyok, \u00e9s sok\u00e1ig \u00fagy tartott\u00e1k, hogy a 18-60 \u00e9v k\u00f6z\u00f6tti h\u00edv\u0151k naponta h\u00e1romszor ehettek, de csak egyszer lakhattak j\u00f3l, h\u00fast pedig egy\u00e1ltal\u00e1n nem fogyasztottak.<\/p>\n<p>Manaps\u00e1g is van, aki a r\u00e9gi szab\u00e1lyok szerint b\u00f6jt\u00f6l, de az egyh\u00e1z ir\u00e1nyad\u00e1sa j\u00f3val kev\u00e9sb\u00e9 szigor\u00fa. Az tov\u00e1bbra is el\u0151\u00edr\u00e1s, hogy 18-60 \u00e9v k\u00f6z\u00f6tt hamvaz\u00f3szerd\u00e1n \u00e9s nagyp\u00e9nteken csak h\u00e1romszor szabad enni, \u00e9s csak egyszer b\u0151s\u00e9gesen (kiv\u00e9ve persze betegs\u00e9g, terhess\u00e9g stb. eset\u00e9n). Ezenk\u00edv\u00fcl h\u00fast nem szabad fogyasztani ezeken a napokon, valamint a nagyb\u00f6jt t\u00f6bbi p\u00e9ntekj\u00e9n sem, \u00e9s fontos kit\u00e9tel, hogy a h\u00fastilalom 14 \u00e9v felett k\u00f6telez\u0151 a h\u00edv\u0151knek.<\/p>\n<p><img loading=\"lazy\" decoding=\"async\" class=\"aligncenter size-full wp-image-8811\" src=\"http:\/\/szakrendelo-sarkad.hu\/efi\/wp-content\/uploads\/sites\/2\/2024\/03\/2.jpg\" alt=\"\" width=\"352\" height=\"527\" srcset=\"http:\/\/szakrendelo-sarkad.hu\/efi\/wp-content\/uploads\/sites\/2\/2024\/03\/2.jpg 352w, http:\/\/szakrendelo-sarkad.hu\/efi\/wp-content\/uploads\/sites\/2\/2024\/03\/2-200x300.jpg 200w\" sizes=\"auto, (max-width: 352px) 100vw, 352px\" \/><\/p>\n<p>Nem csak az ev\u00e9sr\u0151l lehet lemondani<\/p>\n<p>\u00c9rdekes, hogy a nagyb\u00f6jt k\u00f6zpontj\u00e1ban eredend\u0151en az \u00e9telr\u0151l val\u00f3 lemond\u00e1s \u00e1ll, de mostanra m\u00e1r az egyh\u00e1z is t\u00e1g\u00edtotta a b\u00f6jt\u00f6l\u00e9s fogalm\u00e1t. Ma m\u00e1r nemcsak az \u00e9tkez\u00e9sek megvon\u00e1s\u00e1val, illetve lesz\u0171k\u00edt\u00e9s\u00e9vel lehet b\u00f6jt\u00f6lni, hanem azzal is, ha megpr\u00f3b\u00e1lunk lemondani sz\u00e1munkra kedves dolgokr\u00f3l, hogy az arra sz\u00e1nt id\u0151ben a lelk\u00fcnkkel \u00e9s szeretteinkkel t\u00f6r\u0151dj\u00fcnk. Sok egyh\u00e1zi vezet\u0151 hangoztatja ilyenkor, hogy tegy\u00fck le az okostelefont a nagyb\u00f6jt idej\u00e9re, \u00e9s helyette besz\u00e9lgess\u00fcnk t\u00f6bbet.<\/p>\n<p>Ez a modern megk\u00f6zel\u00edt\u00e9s pedig m\u00e1r sokkal k\u00f6nnyebben beilleszthet\u0151 b\u00e1rki \u00e9letritmus\u00e1ba vall\u00e1st\u00f3l f\u00fcggetlen\u00fcl is. Nekem is szimpatikusabb, mert bevallom, soha nem tudtam b\u00f6jt\u00f6lni, ak\u00e1r vall\u00e1si, ak\u00e1r di\u00e9t\u00e1s okokb\u00f3l, \u00e9s nem is tartom t\u00fal okos dolognak 40 napig k\u00ednozni a test\u00fcnket, hogy azt\u00e1n a h\u00fasv\u00e9ti vend\u00e9gs\u00e9gekben megt\u00f6mj\u00fck magunkat sonk\u00e1val \u00e9s toj\u00e1ssal. R\u00f6vid k\u00f6zv\u00e9lem\u00e9nykutat\u00e1s alapj\u00e1n a k\u00f6rnyezetemben is egyre n\u00e9pszer\u0171bb a b\u00f6jt\u00f6l\u00e9s ezen form\u00e1ja. T\u00f6bb bar\u00e1tn\u0151m ilyenkor nem n\u00e9z t\u00e9v\u00e9t, Neflixet \u00e9s hasonl\u00f3kat, \u00e9s vannak olyan ismer\u0151seim, akik a k\u00f6z\u00f6ss\u00e9gi m\u00e9di\u00e1t ker\u00fclik b\u00f6jt\u00f6l\u00e9sk\u00e9ppen.<\/p>\n<p>Ahogy viszont besz\u00e9lgettem a t\u00e9m\u00e1r\u00f3l, felmer\u00fclt bennem, hogy \u201eOk\u00e9, de akkor, mi a k\u00fcl\u00f6nbs\u00e9g 2024-ben a h\u00fasv\u00e9ti nagyb\u00f6jt \u00e9s&nbsp;<a href=\"https:\/\/www.evamagazin.hu\/testem\/szaraz-januar-alkoholszunet\"><strong>az \u00faj\u00e9vi fogadalom<\/strong><\/a>&nbsp;vagy \u00e9ppen a digit\u00e1lis detox k\u00f6z\u00f6tt?\u201d N\u00e9mi kutakod\u00e1s ut\u00e1n erre is megkaptam a v\u00e1laszt, a nagyb\u00f6jt ugyanis soha nem \u00e9nk\u00f6zpont\u00fa, \u00e9s a lemond\u00e1s, megvon\u00e1s mellett fontos szerep jut annak is, hogy a r\u00e1szorul\u00f3knak adjunk, seg\u00edts\u00fcnk. \u00c9s hogy ez mit jelent a gyakorlatban? Lehet p\u00e9ld\u00e1ul \u00fagy alak\u00edtani a csal\u00e1di men\u00fct, hogy ebben az id\u0151szakban kicsit visszafogjuk az \u201eextr\u00e1kat\u201d, \u00e9s a fennmarad\u00f3 \u00f6sszeget eladom\u00e1nyozzuk, vagy a szabadid\u0151nkben t\u00f6bbet j\u00f3t\u00e9konykodunk.<\/p>\n<p><em>&nbsp; &nbsp;&nbsp;&nbsp;&nbsp;&nbsp;&nbsp;&nbsp;&nbsp;&nbsp;&nbsp;&nbsp;&nbsp;&nbsp;&nbsp;&nbsp;&nbsp;&nbsp;&nbsp;(https:\/\/www.evamagazin.hu\/vilagom\/husvet-nagybojt-regen-most-szabalyok?utm_medium=hirstart)<\/em><\/p>\n","protected":false},"excerpt":{"rendered":"<div class=\"entry-summary\">\n<div class=\"entry-summary\">\nA h\u00fasv\u00e9t el\u0151tti 40 nap a katolikus egyh\u00e1zban a nagyb\u00f6jt ideje, melynek szigor\u00fa szab\u00e1lyai vannak, illetve legink\u00e1bb csak&hellip;\n<\/div>\n<div class=\"link-more\"><a href=\"http:\/\/szakrendelo-sarkad.hu\/efi\/2024\/03\/20\/igy-bojtoltek-regen-es-igy-bojtolhetunk-ma-hogyan-valtoztak-a-regi-szabalyok\/\" class=\"more-link\">Continue reading<span class=\"screen-reader-text\"> &ldquo;\u00cdgy b\u00f6jt\u00f6ltek r\u00e9gen, \u00e9s \u00edgy b\u00f6jt\u00f6l(het)\u00fcnk ma: hogyan v\u00e1ltoztak a r\u00e9gi szab\u00e1lyok?&rdquo;<\/span>&hellip;<\/a><\/div>\n<\/div>\n<div class=\"link-more\"><a href=\"http:\/\/szakrendelo-sarkad.hu\/efi\/2024\/03\/20\/igy-bojtoltek-regen-es-igy-bojtolhetunk-ma-hogyan-valtoztak-a-regi-szabalyok\/\" class=\"more-link\">Continue reading<span class=\"screen-reader-text\"> &ldquo;\u00cdgy b\u00f6jt\u00f6ltek r\u00e9gen, \u00e9s \u00edgy b\u00f6jt\u00f6l(het)\u00fcnk ma: hogyan v\u00e1ltoztak a r\u00e9gi szab\u00e1lyok?&rdquo;<\/span>&hellip;<\/a><\/div>\n","protected":false},"author":1,"featured_media":8812,"comment_status":"closed","ping_status":"closed","sticky":false,"template":"","format":"standard","meta":{"ngg_post_thumbnail":0,"footnotes":""},"categories":[1],"tags":[],"class_list":["post-8809","post","type-post","status-publish","format-standard","has-post-thumbnail","hentry","category-egyeb","entry"],"_links":{"self":[{"href":"http:\/\/szakrendelo-sarkad.hu\/efi\/wp-json\/wp\/v2\/posts\/8809","targetHints":{"allow":["GET"]}}],"collection":[{"href":"http:\/\/szakrendelo-sarkad.hu\/efi\/wp-json\/wp\/v2\/posts"}],"about":[{"href":"http:\/\/szakrendelo-sarkad.hu\/efi\/wp-json\/wp\/v2\/types\/post"}],"author":[{"embeddable":true,"href":"http:\/\/szakrendelo-sarkad.hu\/efi\/wp-json\/wp\/v2\/users\/1"}],"replies":[{"embeddable":true,"href":"http:\/\/szakrendelo-sarkad.hu\/efi\/wp-json\/wp\/v2\/comments?post=8809"}],"version-history":[{"count":1,"href":"http:\/\/szakrendelo-sarkad.hu\/efi\/wp-json\/wp\/v2\/posts\/8809\/revisions"}],"predecessor-version":[{"id":8813,"href":"http:\/\/szakrendelo-sarkad.hu\/efi\/wp-json\/wp\/v2\/posts\/8809\/revisions\/8813"}],"wp:featuredmedia":[{"embeddable":true,"href":"http:\/\/szakrendelo-sarkad.hu\/efi\/wp-json\/wp\/v2\/media\/8812"}],"wp:attachment":[{"href":"http:\/\/szakrendelo-sarkad.hu\/efi\/wp-json\/wp\/v2\/media?parent=8809"}],"wp:term":[{"taxonomy":"category","embeddable":true,"href":"http:\/\/szakrendelo-sarkad.hu\/efi\/wp-json\/wp\/v2\/categories?post=8809"},{"taxonomy":"post_tag","embeddable":true,"href":"http:\/\/szakrendelo-sarkad.hu\/efi\/wp-json\/wp\/v2\/tags?post=8809"}],"curies":[{"name":"wp","href":"https:\/\/api.w.org\/{rel}","templated":true}]}}