{"id":8815,"date":"2024-04-02T06:57:21","date_gmt":"2024-04-02T06:57:21","guid":{"rendered":"http:\/\/szakrendelo-sarkad.hu\/efi\/?p=8815"},"modified":"2024-04-02T06:57:21","modified_gmt":"2024-04-02T06:57:21","slug":"aprilis-2-az-autizmus-vilagnapja","status":"publish","type":"post","link":"http:\/\/szakrendelo-sarkad.hu\/efi\/2024\/04\/02\/aprilis-2-az-autizmus-vilagnapja\/","title":{"rendered":"\u00e1prilis 2. | Az autizmus vil\u00e1gnapja"},"content":{"rendered":"<p><img loading=\"lazy\" decoding=\"async\" class=\"aligncenter size-full wp-image-8816\" src=\"http:\/\/szakrendelo-sarkad.hu\/efi\/wp-content\/uploads\/sites\/2\/2024\/04\/1.jpg\" alt=\"\" width=\"680\" height=\"680\" srcset=\"http:\/\/szakrendelo-sarkad.hu\/efi\/wp-content\/uploads\/sites\/2\/2024\/04\/1.jpg 680w, http:\/\/szakrendelo-sarkad.hu\/efi\/wp-content\/uploads\/sites\/2\/2024\/04\/1-300x300.jpg 300w, http:\/\/szakrendelo-sarkad.hu\/efi\/wp-content\/uploads\/sites\/2\/2024\/04\/1-150x150.jpg 150w\" sizes=\"auto, (max-width: 680px) 100vw, 680px\" \/>A nap c\u00e9lja, hogy az autizmusra \u00e9s a vele k\u00fczd\u0151 emberek neh\u00e9zs\u00e9geire h\u00edvja fel a figyelmet. Ezen a napon \u201eragyogj k\u00e9kbe\u201d, ugyanis a k\u00e9k az autizmussal kapcsolatos szolidarit\u00e1s v\u00e1llal\u00e1s sz\u00edne.<\/p>\n<p>Az autizmus egy eg\u00e9sz \u00e9leten \u00e1t tart\u00f3 fejl\u0151d\u00e9si rendelleness\u00e9g, ami Magyarorsz\u00e1gon k\u00f6zel 150.000 embert \u00e9rint.<\/p>\n<p>Az autista emberek m\u00e1sk\u00e9pp \u00e9rz\u00e9kelik a vil\u00e1got, m\u00e1sk\u00e9pp viszonyulnak embert\u00e1rsaikhoz- hogy ez pontosan miben mer\u00fcl ki, az nagyon v\u00e1ltoz\u00f3.<\/p>\n<p>Az autizmus nem betegs\u00e9g \u00e9s nem fogyat\u00e9koss\u00e1g.<\/p>\n<p>\u201eHa s\u00edrsz amiatt, hogy lement a nap, a k\u00f6nnyekt\u0151l nem fogod l\u00e1tni a csillagokat.<br \/>\n(egy r\u00e9gi indiai mond\u00e1s)<\/p>\n<p><img loading=\"lazy\" decoding=\"async\" class=\"aligncenter size-full wp-image-8817\" src=\"http:\/\/szakrendelo-sarkad.hu\/efi\/wp-content\/uploads\/sites\/2\/2024\/04\/2.jpg\" alt=\"\" width=\"196\" height=\"146\"><\/p>\n","protected":false},"excerpt":{"rendered":"<div class=\"entry-summary\">\n<div class=\"entry-summary\">\nA nap c\u00e9lja, hogy az autizmusra \u00e9s a vele k\u00fczd\u0151 emberek neh\u00e9zs\u00e9geire h\u00edvja fel a figyelmet. Ezen a&hellip;\n<\/div>\n<div class=\"link-more\"><a href=\"http:\/\/szakrendelo-sarkad.hu\/efi\/2024\/04\/02\/aprilis-2-az-autizmus-vilagnapja\/\" class=\"more-link\">Continue reading<span class=\"screen-reader-text\"> &ldquo;\u00e1prilis 2. | Az autizmus vil\u00e1gnapja&rdquo;<\/span>&hellip;<\/a><\/div>\n<\/div>\n<div class=\"link-more\"><a href=\"http:\/\/szakrendelo-sarkad.hu\/efi\/2024\/04\/02\/aprilis-2-az-autizmus-vilagnapja\/\" class=\"more-link\">Continue reading<span class=\"screen-reader-text\"> &ldquo;\u00e1prilis 2. | Az autizmus vil\u00e1gnapja&rdquo;<\/span>&hellip;<\/a><\/div>\n","protected":false},"author":1,"featured_media":8816,"comment_status":"closed","ping_status":"closed","sticky":false,"template":"","format":"standard","meta":{"ngg_post_thumbnail":0,"footnotes":""},"categories":[1],"tags":[],"class_list":["post-8815","post","type-post","status-publish","format-standard","has-post-thumbnail","hentry","category-egyeb","entry"],"_links":{"self":[{"href":"http:\/\/szakrendelo-sarkad.hu\/efi\/wp-json\/wp\/v2\/posts\/8815","targetHints":{"allow":["GET"]}}],"collection":[{"href":"http:\/\/szakrendelo-sarkad.hu\/efi\/wp-json\/wp\/v2\/posts"}],"about":[{"href":"http:\/\/szakrendelo-sarkad.hu\/efi\/wp-json\/wp\/v2\/types\/post"}],"author":[{"embeddable":true,"href":"http:\/\/szakrendelo-sarkad.hu\/efi\/wp-json\/wp\/v2\/users\/1"}],"replies":[{"embeddable":true,"href":"http:\/\/szakrendelo-sarkad.hu\/efi\/wp-json\/wp\/v2\/comments?post=8815"}],"version-history":[{"count":1,"href":"http:\/\/szakrendelo-sarkad.hu\/efi\/wp-json\/wp\/v2\/posts\/8815\/revisions"}],"predecessor-version":[{"id":8818,"href":"http:\/\/szakrendelo-sarkad.hu\/efi\/wp-json\/wp\/v2\/posts\/8815\/revisions\/8818"}],"wp:featuredmedia":[{"embeddable":true,"href":"http:\/\/szakrendelo-sarkad.hu\/efi\/wp-json\/wp\/v2\/media\/8816"}],"wp:attachment":[{"href":"http:\/\/szakrendelo-sarkad.hu\/efi\/wp-json\/wp\/v2\/media?parent=8815"}],"wp:term":[{"taxonomy":"category","embeddable":true,"href":"http:\/\/szakrendelo-sarkad.hu\/efi\/wp-json\/wp\/v2\/categories?post=8815"},{"taxonomy":"post_tag","embeddable":true,"href":"http:\/\/szakrendelo-sarkad.hu\/efi\/wp-json\/wp\/v2\/tags?post=8815"}],"curies":[{"name":"wp","href":"https:\/\/api.w.org\/{rel}","templated":true}]}}