{"id":8819,"date":"2024-04-05T08:11:51","date_gmt":"2024-04-05T08:11:51","guid":{"rendered":"http:\/\/szakrendelo-sarkad.hu\/efi\/?p=8819"},"modified":"2024-04-05T08:11:51","modified_gmt":"2024-04-05T08:11:51","slug":"egeszseg-vilagnap-2024-aprilis-07","status":"publish","type":"post","link":"http:\/\/szakrendelo-sarkad.hu\/efi\/2024\/04\/05\/egeszseg-vilagnap-2024-aprilis-07\/","title":{"rendered":"Eg\u00e9szs\u00e9g vil\u00e1gnap | 2024. \u00e1prilis 07."},"content":{"rendered":"<p><strong>1948. \u00e1prilis 7-\u00e9n az ENSZ szakos\u00edtott int\u00e9zm\u00e9nyek\u00e9nt megkezdte m\u0171k\u00f6d\u00e9s\u00e9t az Eg\u00e9szs\u00e9g\u00fcgyi Vil\u00e1gszervezet (WHO). Erre az esem\u00e9nyre eml\u00e9kez\u00fcnk az eg\u00e9szs\u00e9g\u00fcgyi vil\u00e1gnapon. A vil\u00e1gszervezet c\u00e9lja a nemzetk\u00f6zi eg\u00e9szs\u00e9g\u00fcgyi munka ir\u00e1ny\u00edt\u00e1sa \u00e9s \u00f6sszehangol\u00e1sa.<\/strong><\/p>\n<p>Az eg\u00e9szs\u00e9g\u00fcgyi vil\u00e1gnap alkalm\u00e1val lehet\u0151s\u00e9g ny\u00edlik, hogy glob\u00e1lis szint\u0171 figyelemmel forduljunk egyes betegs\u00e9gek fel\u00e9, amelyek megel\u0151z\u00e9se, kialakul\u00e1sa, gy\u00f3gy\u00edt\u00e1sa jelent\u0151sen k\u00f6nny\u00edthet\u0151 a sz\u00e9lesk\u00f6r\u0171, megfelel\u0151 t\u00e1j\u00e9koztat\u00e1ssal. Fontos, hogy az emberek tudjanak a legfontosabb vil\u00e1gnapokr\u00f3l, hogy tudjuk mikor, mire kell felh\u00edvni a figyelmet \u00e9s eml\u00e9kezni r\u00e1.<\/p>\n<p>El tudunk k\u00e9pzelni egy olyan vil\u00e1got, ahol a tiszta leveg\u0151, v\u00edz \u00e9s \u00e9tel mindenki sz\u00e1m\u00e1ra el\u00e9rhet\u0151? Ahol a gazdas\u00e1g k\u00f6z\u00e9ppontj\u00e1ban az eg\u00e9szs\u00e9g \u00e9s j\u00f3ll\u00e9t \u00e1ll? Ahol a v\u00e1rosok \u00e9lhet\u0151k, \u00e9s az emberek ir\u00e1ny\u00edt\u00e1ssal rendelkeznek saj\u00e1t eg\u00e9szs\u00e9g\u00fck \u00e9s a bolyg\u00f3 eg\u00e9szs\u00e9ge felett?<\/p>\n<p>Az Eg\u00e9szs\u00e9g\u00fcgyi Vil\u00e1gszervezet (WHO) minden \u00e9vben \u00e1prilis 7-\u00e9n \u00fcnnepli az Eg\u00e9szs\u00e9g Vil\u00e1gnapj\u00e1t, 1948-as megalakul\u00e1s\u00e1ra eml\u00e9kezve. Az Eg\u00e9szs\u00e9g Vil\u00e1gnapja egy glob\u00e1lis kamp\u00e1ny, amely egy-egy olyan eg\u00e9szs\u00e9ghez kapcsol\u00f3d\u00f3 kih\u00edv\u00e1sra f\u00f3kusz\u00e1l, melynek glob\u00e1lis hat\u00e1sa, jelent\u0151s\u00e9ge van.<\/p>\n","protected":false},"excerpt":{"rendered":"<div class=\"entry-summary\">\n<div class=\"entry-summary\">\n1948. \u00e1prilis 7-\u00e9n az ENSZ szakos\u00edtott int\u00e9zm\u00e9nyek\u00e9nt megkezdte m\u0171k\u00f6d\u00e9s\u00e9t az Eg\u00e9szs\u00e9g\u00fcgyi Vil\u00e1gszervezet (WHO). Erre az esem\u00e9nyre eml\u00e9kez\u00fcnk az&hellip;\n<\/div>\n<div class=\"link-more\"><a href=\"http:\/\/szakrendelo-sarkad.hu\/efi\/2024\/04\/05\/egeszseg-vilagnap-2024-aprilis-07\/\" class=\"more-link\">Continue reading<span class=\"screen-reader-text\"> &ldquo;Eg\u00e9szs\u00e9g vil\u00e1gnap | 2024. \u00e1prilis 07.&rdquo;<\/span>&hellip;<\/a><\/div>\n<\/div>\n<div class=\"link-more\"><a href=\"http:\/\/szakrendelo-sarkad.hu\/efi\/2024\/04\/05\/egeszseg-vilagnap-2024-aprilis-07\/\" class=\"more-link\">Continue reading<span class=\"screen-reader-text\"> &ldquo;Eg\u00e9szs\u00e9g vil\u00e1gnap | 2024. \u00e1prilis 07.&rdquo;<\/span>&hellip;<\/a><\/div>\n","protected":false},"author":1,"featured_media":8820,"comment_status":"closed","ping_status":"closed","sticky":false,"template":"","format":"standard","meta":{"ngg_post_thumbnail":0,"footnotes":""},"categories":[1],"tags":[],"class_list":["post-8819","post","type-post","status-publish","format-standard","has-post-thumbnail","hentry","category-egyeb","entry"],"_links":{"self":[{"href":"http:\/\/szakrendelo-sarkad.hu\/efi\/wp-json\/wp\/v2\/posts\/8819","targetHints":{"allow":["GET"]}}],"collection":[{"href":"http:\/\/szakrendelo-sarkad.hu\/efi\/wp-json\/wp\/v2\/posts"}],"about":[{"href":"http:\/\/szakrendelo-sarkad.hu\/efi\/wp-json\/wp\/v2\/types\/post"}],"author":[{"embeddable":true,"href":"http:\/\/szakrendelo-sarkad.hu\/efi\/wp-json\/wp\/v2\/users\/1"}],"replies":[{"embeddable":true,"href":"http:\/\/szakrendelo-sarkad.hu\/efi\/wp-json\/wp\/v2\/comments?post=8819"}],"version-history":[{"count":1,"href":"http:\/\/szakrendelo-sarkad.hu\/efi\/wp-json\/wp\/v2\/posts\/8819\/revisions"}],"predecessor-version":[{"id":8821,"href":"http:\/\/szakrendelo-sarkad.hu\/efi\/wp-json\/wp\/v2\/posts\/8819\/revisions\/8821"}],"wp:featuredmedia":[{"embeddable":true,"href":"http:\/\/szakrendelo-sarkad.hu\/efi\/wp-json\/wp\/v2\/media\/8820"}],"wp:attachment":[{"href":"http:\/\/szakrendelo-sarkad.hu\/efi\/wp-json\/wp\/v2\/media?parent=8819"}],"wp:term":[{"taxonomy":"category","embeddable":true,"href":"http:\/\/szakrendelo-sarkad.hu\/efi\/wp-json\/wp\/v2\/categories?post=8819"},{"taxonomy":"post_tag","embeddable":true,"href":"http:\/\/szakrendelo-sarkad.hu\/efi\/wp-json\/wp\/v2\/tags?post=8819"}],"curies":[{"name":"wp","href":"https:\/\/api.w.org\/{rel}","templated":true}]}}