{"id":8937,"date":"2024-07-16T05:51:57","date_gmt":"2024-07-16T05:51:57","guid":{"rendered":"http:\/\/szakrendelo-sarkad.hu\/efi\/?p=8937"},"modified":"2024-07-16T05:51:57","modified_gmt":"2024-07-16T05:51:57","slug":"hosszabbodik-a-iii-foku-hosegriasztas","status":"publish","type":"post","link":"http:\/\/szakrendelo-sarkad.hu\/efi\/2024\/07\/16\/hosszabbodik-a-iii-foku-hosegriasztas\/","title":{"rendered":"Hosszabbodik a III. fok\u00fa h\u0151s\u00e9griaszt\u00e1s!"},"content":{"rendered":"<p><img loading=\"lazy\" decoding=\"async\" class=\"size-full wp-image-8938 aligncenter\" src=\"http:\/\/szakrendelo-sarkad.hu\/efi\/wp-content\/uploads\/sites\/2\/2024\/07\/1.png\" alt=\"\" width=\"633\" height=\"633\" srcset=\"http:\/\/szakrendelo-sarkad.hu\/efi\/wp-content\/uploads\/sites\/2\/2024\/07\/1.png 633w, http:\/\/szakrendelo-sarkad.hu\/efi\/wp-content\/uploads\/sites\/2\/2024\/07\/1-300x300.png 300w, http:\/\/szakrendelo-sarkad.hu\/efi\/wp-content\/uploads\/sites\/2\/2024\/07\/1-150x150.png 150w\" sizes=\"auto, (max-width: 633px) 100vw, 633px\" \/><\/p>\n<p style=\"text-align: center;\">Figyelem! Hosszabbodik a h\u0151s\u00e9griaszt\u00e1s<br \/>\nAz orsz\u00e1gos tisztif\u0151orvos a HungaroMet Nonprofit Zrt. el\u0151rejelz\u00e9se alapj\u00e1n az \u00e9rv\u00e9nyben l\u00e9v\u0151 legmagasabb, harmadfok\u00fa h\u0151s\u00e9griaszt\u00e1st j\u00falius 18. (cs\u00fct\u00f6rt\u00f6k) 24 \u00f3r\u00e1ig meghosszabb\u00edtja az orsz\u00e1g eg\u00e9sz ter\u00fclet\u00e9re vonatkoz\u00f3an. Az NNGYK \u00e9s a BM Orsz\u00e1gos Katasztr\u00f3fav\u00e9delmi F\u0151igazgat\u00f3s\u00e1g azt k\u00e9ri a lakoss\u00e1gt\u00f3l, hogy a nagy melegben fokozottan figyelj\u00fcnk egym\u00e1sra, vigy\u00e1zzunk magunkra.&nbsp;<\/p>\n<p>A tart\u00f3s h\u0151s\u00e9g megterheli az eg\u00e9szs\u00e9ges szervezetet is, de k\u00fcl\u00f6n\u00f6sen vesz\u00e9lyeztetettek a kisgyermekek, az id\u0151sek, a v\u00e1rand\u00f3sok, valamint a sz\u00edv- \u00e9s \u00e9rrendszeri betegs\u00e9ggel \u00e9l\u0151k.<\/p>\n<p>K\u00fcl\u00f6n\u00f6sen fontos a folyamatos folyad\u00e9kp\u00f3tl\u00e1s. Munkahelyen, v\u00edzparton, de utaz\u00e1s k\u00f6zben is mindig legyen k\u00e9zn\u00e9l egy flakon, vagy poh\u00e1r v\u00edz. Aki teheti, a d\u00e9li \u00f3r\u00e1kban ne tart\u00f3zkodjon a t\u0171z\u0151 napon.<\/p>\n<p>Rendk\u00edv\u00fcl fontos, hogy a megv\u00e1s\u00e1rolt, h\u0171t\u00e9st ig\u00e9nyl\u0151 \u00e9lelmiszereket min\u00e9l kevesebb ideig tegy\u00fck ki a melegnek, mert a legt\u00f6bb \u00e9lelmiszer eredet\u0171 megbeteged\u00e9st okoz\u00f3 mikroorganizmus pl. Salmonella \u00e9s roml\u00e1st okoz\u00f3 mikroorganizmusok is elszaporodhatnak az \u00e9lelmiszerekben. A gyorsan romland\u00f3 \u00e9lelmiszerek, p\u00e9ld\u00e1ul nyers h\u00fas, h\u00fask\u00e9sz\u00edtm\u00e9nyek, tej \u00e9s tejterm\u00e9kek biztons\u00e1gos sz\u00e1ll\u00edt\u00e1s\u00e1hoz haszn\u00e1ljunk h\u0171t\u0151t\u00e1sk\u00e1t. Ha b\u00e1rmilyen \u00e9rz\u00e9kszervi elv\u00e1ltoz\u00e1st tapasztalunk (elsz\u00ednez\u0151d\u00e9s, ny\u00e1lk\u00e1s \u00e1llag, kellemetlen szag), ne fogyasszuk el az adott alapanyagot vagy \u00e9lelmiszert.<\/p>\n<p>Aj\u00e1nlatos naponta t\u00f6bb \u00f3r\u00e1t l\u00e9gkondicion\u00e1lt, h\u0171t\u00f6tt helyis\u00e9gben tart\u00f3zkodni. Ha van l\u00e9gkondicion\u00e1l\u00f3 berendez\u00e9s\u00fcnk, id\u0151nk\u00e9nt kapcsoljuk be, de a h\u0151m\u00e9rs\u00e9kletet ne \u00e1ll\u00edtsuk 27 fokn\u00e1l h\u0171v\u00f6sebbre. A k\u00e9sz\u00fcl\u00e9ket szakaszosan haszn\u00e1ljuk az \u00edz\u00fcletek v\u00e9delme \u00e9rdek\u00e9ben. Az ablakot csak \u00e9jszaka \u00e9s hajnalban nyissuk ki, nappal s\u00f6t\u00e9t\u00edts\u00fcnk be. A ventil\u00e1tort szint\u00e9n szakaszosan kell \u00fczemeltetni. Fontos tudni, hogy a lap\u00e1tok csak a bels\u0151 meleg (forr\u00f3) leveg\u0151t forgatj\u00e1k, ami kisz\u00e1r\u00edt benn\u00fcnket, ez\u00e9rt m\u00e9g t\u00f6bb folyad\u00e9kot kell fogyasztani.<\/p>\n<p>Az eg\u00e9sz orsz\u00e1gban t\u0171zgy\u00fajt\u00e1si tilalom van \u00e9rv\u00e9nyben. A legkisebb szikra vagy h\u0151forr\u00e1s is k\u00e9pes nagy t\u00fczet okozni a szabadban, ez\u00e9rt t\u0171zv\u00e9delmi szempontb\u00f3l sehol nem tan\u00e1csos ilyenkor t\u00fczet gy\u00fajtani.<\/p>\n<p><a href=\"https:\/\/www.facebook.com\/HungaroMet?__tn__=-%5dK*F\"><strong>HungaroMet Nonprofit Zrt.<\/strong><\/a><br \/>\n<a href=\"https:\/\/www.facebook.com\/bmokf.hivatalos?__tn__=-%5dK*F\"><strong>BM Orsz\u00e1gos Katasztr\u00f3fav\u00e9delmi F\u0151igazgat\u00f3s\u00e1g<\/strong><\/a><\/p>\n","protected":false},"excerpt":{"rendered":"<div class=\"entry-summary\">\n<div class=\"entry-summary\">\nFigyelem! Hosszabbodik a h\u0151s\u00e9griaszt\u00e1s Az orsz\u00e1gos tisztif\u0151orvos a HungaroMet Nonprofit Zrt. el\u0151rejelz\u00e9se alapj\u00e1n az \u00e9rv\u00e9nyben l\u00e9v\u0151 legmagasabb, harmadfok\u00fa&hellip;\n<\/div>\n<div class=\"link-more\"><a href=\"http:\/\/szakrendelo-sarkad.hu\/efi\/2024\/07\/16\/hosszabbodik-a-iii-foku-hosegriasztas\/\" class=\"more-link\">Continue reading<span class=\"screen-reader-text\"> &ldquo;Hosszabbodik a III. fok\u00fa h\u0151s\u00e9griaszt\u00e1s!&rdquo;<\/span>&hellip;<\/a><\/div>\n<\/div>\n<div class=\"link-more\"><a href=\"http:\/\/szakrendelo-sarkad.hu\/efi\/2024\/07\/16\/hosszabbodik-a-iii-foku-hosegriasztas\/\" class=\"more-link\">Continue reading<span class=\"screen-reader-text\"> &ldquo;Hosszabbodik a III. fok\u00fa h\u0151s\u00e9griaszt\u00e1s!&rdquo;<\/span>&hellip;<\/a><\/div>\n","protected":false},"author":1,"featured_media":8939,"comment_status":"closed","ping_status":"closed","sticky":false,"template":"","format":"standard","meta":{"ngg_post_thumbnail":0,"footnotes":""},"categories":[1],"tags":[],"class_list":["post-8937","post","type-post","status-publish","format-standard","has-post-thumbnail","hentry","category-egyeb","entry"],"_links":{"self":[{"href":"http:\/\/szakrendelo-sarkad.hu\/efi\/wp-json\/wp\/v2\/posts\/8937","targetHints":{"allow":["GET"]}}],"collection":[{"href":"http:\/\/szakrendelo-sarkad.hu\/efi\/wp-json\/wp\/v2\/posts"}],"about":[{"href":"http:\/\/szakrendelo-sarkad.hu\/efi\/wp-json\/wp\/v2\/types\/post"}],"author":[{"embeddable":true,"href":"http:\/\/szakrendelo-sarkad.hu\/efi\/wp-json\/wp\/v2\/users\/1"}],"replies":[{"embeddable":true,"href":"http:\/\/szakrendelo-sarkad.hu\/efi\/wp-json\/wp\/v2\/comments?post=8937"}],"version-history":[{"count":1,"href":"http:\/\/szakrendelo-sarkad.hu\/efi\/wp-json\/wp\/v2\/posts\/8937\/revisions"}],"predecessor-version":[{"id":8940,"href":"http:\/\/szakrendelo-sarkad.hu\/efi\/wp-json\/wp\/v2\/posts\/8937\/revisions\/8940"}],"wp:featuredmedia":[{"embeddable":true,"href":"http:\/\/szakrendelo-sarkad.hu\/efi\/wp-json\/wp\/v2\/media\/8939"}],"wp:attachment":[{"href":"http:\/\/szakrendelo-sarkad.hu\/efi\/wp-json\/wp\/v2\/media?parent=8937"}],"wp:term":[{"taxonomy":"category","embeddable":true,"href":"http:\/\/szakrendelo-sarkad.hu\/efi\/wp-json\/wp\/v2\/categories?post=8937"},{"taxonomy":"post_tag","embeddable":true,"href":"http:\/\/szakrendelo-sarkad.hu\/efi\/wp-json\/wp\/v2\/tags?post=8937"}],"curies":[{"name":"wp","href":"https:\/\/api.w.org\/{rel}","templated":true}]}}