{"id":898,"date":"2015-08-17T08:29:43","date_gmt":"2015-08-17T08:29:43","guid":{"rendered":"http:\/\/efi.szakrendelo-sarkad.hu\/?p=898"},"modified":"2015-08-17T08:29:43","modified_gmt":"2015-08-17T08:29:43","slug":"mozdulj-2015-augusztus-06","status":"publish","type":"post","link":"http:\/\/szakrendelo-sarkad.hu\/efi\/2015\/08\/17\/mozdulj-2015-augusztus-06\/","title":{"rendered":"\u201eMozdulj!\u201d | 2015. Augusztus 06."},"content":{"rendered":"<p>2015. augusztus 06-\u00e1n a Sarkadi Kist\u00e9rs\u00e9gi Gyermekes\u00e9ly Iroda <strong>\u201eMozdulj!\u201d<\/strong> elnevez\u00e9ssel csal\u00e1di napot szervezett, melyre a Sarkadi Eg\u00e9szs\u00e9gfejleszt\u00e9si Iroda is megh\u00edv\u00e1st kapott.<\/p>\n<p>A rendezv\u00e9nyre kil\u00e1togat\u00f3 gyermekek \u00e9s sz\u00fcleik sz\u00e1m\u00e1ra eg\u00e9szs\u00e9gi sz\u0171r\u00e9seket biztos\u00edtottak az iroda eg\u00e9szs\u00e9gfejleszt\u0151 munkat\u00e1rsai.<\/p>\n<p>Sarkadi Eg\u00e9szs\u00e9gfejleszt\u00e9si Iroda a k\u00f6vetkez\u0151 eg\u00e9szs\u00e9gi sz\u0171r\u00e9sek lehet\u0151s\u00e9g\u00e9vel k\u00e9sz\u00fclt az \u00e9rdekl\u0151d\u0151k sz\u00e1m\u00e1ra:<\/p>\n<ul>\n<li>V\u00e9rnyom\u00e1s m\u00e9r\u00e9s<\/li>\n<li>Tests\u00faly, testmagas\u00e1g m\u00e9r\u00e9s<\/li>\n<li>V\u00e9rcukor m\u00e9r\u00e9s<\/li>\n<li>Testt\u00f6meg index sz\u00e1m\u00edt\u00e1s<\/li>\n<li>Testzs\u00edrm\u00e9r\u00e9s<\/li>\n<li>Pulzoxim\u00e9r\u00e9s<\/li>\n<li>Sz\u00f3r\u00f3 anyagok biztos\u00edt\u00e1sa<\/li>\n<li>Eg\u00e9szs\u00e9g\u00fcgyi tan\u00e1csad\u00e1s<\/li>\n<\/ul>\n<p>A nap sor\u00e1n sz\u00ednes programokon vehettek r\u00e9szt az \u00e9rdekl\u0151d\u0151k. B\u0151 v\u00e1laszt\u00e9ka volt a k\u00fcl\u00f6nb\u00f6z\u0151 \u00e9rdekl\u0151d\u00e9si k\u00f6rrel rendelkez\u0151k sz\u00e1m\u00e1ra a sz\u00e1mos kultur\u00e1lis \u00e9s szabadid\u0151s programelemeknek. A \u00a0gener\u00e1ci\u00f3k egy\u00fctt sportolhattak, vet\u00e9lkedhettek, sz\u00f3rakozhattak.<\/p>\n<p>A Sarkadi Eg\u00e9szs\u00e9gfejleszt\u00e9si Iroda nev\u00e9ben ez\u00faton k\u00f6sz\u00f6nj\u00fck a rendezv\u00e9nyen val\u00f3 r\u00e9szv\u00e9tel\u00fcnk lehet\u0151s\u00e9g\u00e9t a szervez\u0151k sz\u00e1m\u00e1ra.<\/p>\n<p>Tov\u00e1bbi j\u00f3 eg\u00e9szs\u00e9get k\u00edv\u00e1nunk minden kedves Sarkadi Kist\u00e9rs\u00e9gi lakosnak!<\/p>\n<!-- index.php -->\n<div\n\tclass=\"ngg-galleryoverview ngg-ajax-pagination-none\"\n\tid=\"ngg-gallery-19a766aac35520acee3904f0e740ef25-1\">\n\n    \t<div class=\"slideshowlink\">\n        <a href='http:\/\/szakrendelo-sarkad.hu\/efi\/2015\/08\/17\/mozdulj-2015-augusztus-06\/nggallery\/slideshow'>[Diavet\u00edt\u00e9s ind\u00edt\u00e1sa]<\/a>\n\t\t\n\t<\/div>\n\t\t\t<!-- Thumbnails -->\n\t\t\t\t<div id=\"ngg-image-0\" class=\"ngg-gallery-thumbnail-box\" >\n\t\t\t\t        <div class=\"ngg-gallery-thumbnail\">\n            <a href=\"http:\/\/szakrendelo-sarkad.hu\/efi\/wp-content\/gallery\/efiold\/gyerekesely_2015\/015.JPG\"\n               title=\"\"\n               data-src=\"http:\/\/szakrendelo-sarkad.hu\/efi\/wp-content\/gallery\/efiold\/gyerekesely_2015\/015.JPG\"\n               data-thumbnail=\"http:\/\/szakrendelo-sarkad.hu\/efi\/wp-content\/gallery\/efiold\/gyerekesely_2015\/thumbs\/thumbs_015.JPG\"\n               data-image-id=\"524\"\n               data-title=\"015.JPG\"\n               data-description=\"\"\n               data-image-slug=\"015-jpg\"\n               class=\"ngg-fancybox\" rel=\"19a766aac35520acee3904f0e740ef25\">\n                <img\n                    title=\"015.JPG\"\n                    alt=\"015.JPG\"\n                    src=\"http:\/\/szakrendelo-sarkad.hu\/efi\/wp-content\/gallery\/efiold\/gyerekesely_2015\/thumbs\/thumbs_015.JPG\"\n                    width=\"100\"\n                    height=\"75\"\n                    style=\"max-width:100%;\"\n                \/>\n            <\/a>\n        <\/div>\n\t\t\t\t\t\t\t<\/div> \n\t\t\t\n        \n\t\t\t\t<div id=\"ngg-image-1\" class=\"ngg-gallery-thumbnail-box\" >\n\t\t\t\t        <div class=\"ngg-gallery-thumbnail\">\n            <a href=\"http:\/\/szakrendelo-sarkad.hu\/efi\/wp-content\/gallery\/efiold\/gyerekesely_2015\/016.JPG\"\n               title=\"\"\n               data-src=\"http:\/\/szakrendelo-sarkad.hu\/efi\/wp-content\/gallery\/efiold\/gyerekesely_2015\/016.JPG\"\n               data-thumbnail=\"http:\/\/szakrendelo-sarkad.hu\/efi\/wp-content\/gallery\/efiold\/gyerekesely_2015\/thumbs\/thumbs_016.JPG\"\n               data-image-id=\"525\"\n               data-title=\"016.JPG\"\n               data-description=\"\"\n               data-image-slug=\"016-jpg\"\n               class=\"ngg-fancybox\" rel=\"19a766aac35520acee3904f0e740ef25\">\n                <img\n                    title=\"016.JPG\"\n                    alt=\"016.JPG\"\n                    src=\"http:\/\/szakrendelo-sarkad.hu\/efi\/wp-content\/gallery\/efiold\/gyerekesely_2015\/thumbs\/thumbs_016.JPG\"\n                    width=\"100\"\n                    height=\"75\"\n                    style=\"max-width:100%;\"\n                \/>\n            <\/a>\n        <\/div>\n\t\t\t\t\t\t\t<\/div> \n\t\t\t\n        \n\t\t\t\t<div id=\"ngg-image-2\" class=\"ngg-gallery-thumbnail-box\" >\n\t\t\t\t        <div class=\"ngg-gallery-thumbnail\">\n            <a href=\"http:\/\/szakrendelo-sarkad.hu\/efi\/wp-content\/gallery\/efiold\/gyerekesely_2015\/020.JPG\"\n               title=\"\"\n               data-src=\"http:\/\/szakrendelo-sarkad.hu\/efi\/wp-content\/gallery\/efiold\/gyerekesely_2015\/020.JPG\"\n               data-thumbnail=\"http:\/\/szakrendelo-sarkad.hu\/efi\/wp-content\/gallery\/efiold\/gyerekesely_2015\/thumbs\/thumbs_020.JPG\"\n               data-image-id=\"526\"\n               data-title=\"020.JPG\"\n               data-description=\"\"\n               data-image-slug=\"020-jpg\"\n               class=\"ngg-fancybox\" rel=\"19a766aac35520acee3904f0e740ef25\">\n                <img\n                    title=\"020.JPG\"\n                    alt=\"020.JPG\"\n                    src=\"http:\/\/szakrendelo-sarkad.hu\/efi\/wp-content\/gallery\/efiold\/gyerekesely_2015\/thumbs\/thumbs_020.JPG\"\n                    width=\"100\"\n                    height=\"75\"\n                    style=\"max-width:100%;\"\n                \/>\n            <\/a>\n        <\/div>\n\t\t\t\t\t\t\t<\/div> \n\t\t\t\n        \n\t\t\n\t\t<!-- Pagination -->\n\t<div class='ngg-clear'><\/div>\t<\/div>\n\n","protected":false},"excerpt":{"rendered":"<div class=\"entry-summary\">\n<div class=\"entry-summary\">\n2015. augusztus 06-\u00e1n a Sarkadi Kist\u00e9rs\u00e9gi Gyermekes\u00e9ly Iroda \u201eMozdulj!\u201d elnevez\u00e9ssel csal\u00e1di napot szervezett, melyre a Sarkadi Eg\u00e9szs\u00e9gfejleszt\u00e9si Iroda&hellip;\n<\/div>\n<div class=\"link-more\"><a href=\"http:\/\/szakrendelo-sarkad.hu\/efi\/2015\/08\/17\/mozdulj-2015-augusztus-06\/\" class=\"more-link\">Continue reading<span class=\"screen-reader-text\"> &ldquo;\u201eMozdulj!\u201d | 2015. Augusztus 06.&rdquo;<\/span>&hellip;<\/a><\/div>\n<\/div>\n<div class=\"link-more\"><a href=\"http:\/\/szakrendelo-sarkad.hu\/efi\/2015\/08\/17\/mozdulj-2015-augusztus-06\/\" class=\"more-link\">Continue reading<span class=\"screen-reader-text\"> &ldquo;\u201eMozdulj!\u201d | 2015. Augusztus 06.&rdquo;<\/span>&hellip;<\/a><\/div>\n","protected":false},"author":1,"featured_media":0,"comment_status":"closed","ping_status":"closed","sticky":false,"template":"","format":"standard","meta":{"ngg_post_thumbnail":0,"footnotes":""},"categories":[1],"tags":[],"class_list":["post-898","post","type-post","status-publish","format-standard","hentry","category-egyeb","entry"],"_links":{"self":[{"href":"http:\/\/szakrendelo-sarkad.hu\/efi\/wp-json\/wp\/v2\/posts\/898","targetHints":{"allow":["GET"]}}],"collection":[{"href":"http:\/\/szakrendelo-sarkad.hu\/efi\/wp-json\/wp\/v2\/posts"}],"about":[{"href":"http:\/\/szakrendelo-sarkad.hu\/efi\/wp-json\/wp\/v2\/types\/post"}],"author":[{"embeddable":true,"href":"http:\/\/szakrendelo-sarkad.hu\/efi\/wp-json\/wp\/v2\/users\/1"}],"replies":[{"embeddable":true,"href":"http:\/\/szakrendelo-sarkad.hu\/efi\/wp-json\/wp\/v2\/comments?post=898"}],"version-history":[{"count":0,"href":"http:\/\/szakrendelo-sarkad.hu\/efi\/wp-json\/wp\/v2\/posts\/898\/revisions"}],"wp:attachment":[{"href":"http:\/\/szakrendelo-sarkad.hu\/efi\/wp-json\/wp\/v2\/media?parent=898"}],"wp:term":[{"taxonomy":"category","embeddable":true,"href":"http:\/\/szakrendelo-sarkad.hu\/efi\/wp-json\/wp\/v2\/categories?post=898"},{"taxonomy":"post_tag","embeddable":true,"href":"http:\/\/szakrendelo-sarkad.hu\/efi\/wp-json\/wp\/v2\/tags?post=898"}],"curies":[{"name":"wp","href":"https:\/\/api.w.org\/{rel}","templated":true}]}}