{"id":9120,"date":"2024-10-07T07:59:01","date_gmt":"2024-10-07T07:59:01","guid":{"rendered":"http:\/\/szakrendelo-sarkad.hu\/efi\/?p=9120"},"modified":"2024-10-07T07:59:01","modified_gmt":"2024-10-07T07:59:01","slug":"alzheimer-seta","status":"publish","type":"post","link":"http:\/\/szakrendelo-sarkad.hu\/efi\/2024\/10\/07\/alzheimer-seta\/","title":{"rendered":"Alzheimer s\u00e9ta"},"content":{"rendered":"<p>Okt\u00f3ber 3-\u00e1n ker\u00fclt megrendez\u00e9sre az <strong>Alzheimer s\u00e9t\u00e1ra<\/strong> a demenci\u00e1val \u00e9l\u0151k\u00e9rt \u00e9s hozz\u00e1tartoz\u00f3ik\u00e9rt.<\/p>\n<p>Az Alzheimer s\u00e9t\u00e1nak az a <strong>c\u00e9lja<\/strong>, hogy felh\u00edvj\u00e1k a figyelmet a demenci\u00e1val \u00e9l\u0151k sz\u00e1m\u00e1nak drasztikus n\u00f6veked\u00e9s\u00e9re \u00e9s a t\u00e1rsadalmi \u00f6sszefog\u00e1s sz\u00fcks\u00e9gess\u00e9g\u00e9re.<\/p>\n<p>Az Eg\u00e9szs\u00e9gfejleszt\u00e9si Iroda a megel\u0151z\u00e9sre \u00e9s prevenci\u00f3ra fekteti a hangs\u00falyt. Ezzel kapcsolatosan az eg\u00e9szs\u00e9ges \u00e9letm\u00f3d propag\u00e1l\u00e1sa, illetve az akt\u00edv \u00e9letm\u00f3d t\u00e1mogat\u00e1s\u00e1val h\u00edvjuk fel a figyelmet, hogy min\u00e9l tov\u00e1bb fiatalok maradhassunk. Felh\u00edvjuk a figyelmet, hogy testet \u00e9s agyat mozgat\u00f3 tev\u00e9kenys\u00e9geket v\u00e9gezzenek az emberek, amivel megel\u0151zhet\u0151 az Alzheimer-k\u00f3r kialakul\u00e1sa.<\/p>\n<p>K\u00f6sz\u00f6nj\u00fck mindenkinek, aki ezen a napon vel\u00fcnk volt \u00e9s egy\u00fctt s\u00e9t\u00e1lt vel\u00fcnk!<\/p>\n<p>K\u00f6sz\u00f6nj\u00fck Koncz Zsolt reform\u00e1tus lelk\u00e9sz l\u00e9lekemel\u0151 gondolatait \u00e9s sarkadi \u201eFunky Mam\u00e1k\u201d sz\u00ednvonalas t\u00e1ncbemutat\u00f3j\u00e1t.<\/p>\n<!-- index.php -->\n<div\n\tclass=\"ngg-galleryoverview ngg-ajax-pagination-none\"\n\tid=\"ngg-gallery-115b67ea08798ef52d94da7a721cfea1-1\">\n\n    \t<div class=\"slideshowlink\">\n        <a href='http:\/\/szakrendelo-sarkad.hu\/efi\/2024\/10\/07\/alzheimer-seta\/nggallery\/slideshow'>[Diavet\u00edt\u00e9s ind\u00edt\u00e1sa]<\/a>\n\t\t\n\t<\/div>\n\t\t\t<!-- Thumbnails -->\n\t\t\t\t<div id=\"ngg-image-0\" class=\"ngg-gallery-thumbnail-box\" >\n\t\t\t\t        <div class=\"ngg-gallery-thumbnail\">\n            <a href=\"http:\/\/szakrendelo-sarkad.hu\/efi\/wp-content\/uploads\/sites\/2\/nggallery\/alzheimer_seta\/IMG_20241003_102300.jpg\"\n               title=\"\"\n               data-src=\"http:\/\/szakrendelo-sarkad.hu\/efi\/wp-content\/uploads\/sites\/2\/nggallery\/alzheimer_seta\/IMG_20241003_102300.jpg\"\n               data-thumbnail=\"http:\/\/szakrendelo-sarkad.hu\/efi\/wp-content\/uploads\/sites\/2\/nggallery\/alzheimer_seta\/thumbs\/thumbs_IMG_20241003_102300.jpg\"\n               data-image-id=\"1943\"\n               data-title=\"IMG_20241003_102300\"\n               data-description=\"\"\n               data-image-slug=\"img_20241003_102300\"\n               class=\"ngg-fancybox\" rel=\"115b67ea08798ef52d94da7a721cfea1\">\n                <img\n                    title=\"IMG_20241003_102300\"\n                    alt=\"IMG_20241003_102300\"\n                    src=\"http:\/\/szakrendelo-sarkad.hu\/efi\/wp-content\/uploads\/sites\/2\/nggallery\/alzheimer_seta\/thumbs\/thumbs_IMG_20241003_102300.jpg\"\n                    width=\"240\"\n                    height=\"160\"\n                    style=\"max-width:100%;\"\n                \/>\n            <\/a>\n        <\/div>\n\t\t\t\t\t\t\t<\/div> \n\t\t\t\n        \n\t\t\t\t<div id=\"ngg-image-1\" class=\"ngg-gallery-thumbnail-box\" >\n\t\t\t\t        <div class=\"ngg-gallery-thumbnail\">\n            <a href=\"http:\/\/szakrendelo-sarkad.hu\/efi\/wp-content\/uploads\/sites\/2\/nggallery\/alzheimer_seta\/IMG_20241003_102514.jpg\"\n               title=\"\"\n               data-src=\"http:\/\/szakrendelo-sarkad.hu\/efi\/wp-content\/uploads\/sites\/2\/nggallery\/alzheimer_seta\/IMG_20241003_102514.jpg\"\n               data-thumbnail=\"http:\/\/szakrendelo-sarkad.hu\/efi\/wp-content\/uploads\/sites\/2\/nggallery\/alzheimer_seta\/thumbs\/thumbs_IMG_20241003_102514.jpg\"\n               data-image-id=\"1944\"\n               data-title=\"IMG_20241003_102514\"\n               data-description=\"\"\n               data-image-slug=\"img_20241003_102514\"\n               class=\"ngg-fancybox\" rel=\"115b67ea08798ef52d94da7a721cfea1\">\n                <img\n                    title=\"IMG_20241003_102514\"\n                    alt=\"IMG_20241003_102514\"\n                    src=\"http:\/\/szakrendelo-sarkad.hu\/efi\/wp-content\/uploads\/sites\/2\/nggallery\/alzheimer_seta\/thumbs\/thumbs_IMG_20241003_102514.jpg\"\n                    width=\"240\"\n                    height=\"160\"\n                    style=\"max-width:100%;\"\n                \/>\n            <\/a>\n        <\/div>\n\t\t\t\t\t\t\t<\/div> \n\t\t\t\n        \n\t\t\t\t<div id=\"ngg-image-2\" class=\"ngg-gallery-thumbnail-box\" >\n\t\t\t\t        <div class=\"ngg-gallery-thumbnail\">\n            <a href=\"http:\/\/szakrendelo-sarkad.hu\/efi\/wp-content\/uploads\/sites\/2\/nggallery\/alzheimer_seta\/IMG_20241003_101115.jpg\"\n               title=\"\"\n               data-src=\"http:\/\/szakrendelo-sarkad.hu\/efi\/wp-content\/uploads\/sites\/2\/nggallery\/alzheimer_seta\/IMG_20241003_101115.jpg\"\n               data-thumbnail=\"http:\/\/szakrendelo-sarkad.hu\/efi\/wp-content\/uploads\/sites\/2\/nggallery\/alzheimer_seta\/thumbs\/thumbs_IMG_20241003_101115.jpg\"\n               data-image-id=\"1945\"\n               data-title=\"IMG_20241003_101115\"\n               data-description=\"\"\n               data-image-slug=\"img_20241003_101115\"\n               class=\"ngg-fancybox\" rel=\"115b67ea08798ef52d94da7a721cfea1\">\n                <img\n                    title=\"IMG_20241003_101115\"\n                    alt=\"IMG_20241003_101115\"\n                    src=\"http:\/\/szakrendelo-sarkad.hu\/efi\/wp-content\/uploads\/sites\/2\/nggallery\/alzheimer_seta\/thumbs\/thumbs_IMG_20241003_101115.jpg\"\n                    width=\"240\"\n                    height=\"160\"\n                    style=\"max-width:100%;\"\n                \/>\n            <\/a>\n        <\/div>\n\t\t\t\t\t\t\t<\/div> \n\t\t\t\n        \n\t\t\n\t\t<!-- Pagination -->\n\t<div class='ngg-clear'><\/div>\t<\/div>\n\n","protected":false},"excerpt":{"rendered":"<div class=\"entry-summary\">\n<div class=\"entry-summary\">\nOkt\u00f3ber 3-\u00e1n ker\u00fclt megrendez\u00e9sre az Alzheimer s\u00e9t\u00e1ra a demenci\u00e1val \u00e9l\u0151k\u00e9rt \u00e9s hozz\u00e1tartoz\u00f3ik\u00e9rt. Az Alzheimer s\u00e9t\u00e1nak az a c\u00e9lja,&hellip;\n<\/div>\n<div class=\"link-more\"><a href=\"http:\/\/szakrendelo-sarkad.hu\/efi\/2024\/10\/07\/alzheimer-seta\/\" class=\"more-link\">Continue reading<span class=\"screen-reader-text\"> &ldquo;Alzheimer s\u00e9ta&rdquo;<\/span>&hellip;<\/a><\/div>\n<\/div>\n<div class=\"link-more\"><a href=\"http:\/\/szakrendelo-sarkad.hu\/efi\/2024\/10\/07\/alzheimer-seta\/\" class=\"more-link\">Continue reading<span class=\"screen-reader-text\"> &ldquo;Alzheimer s\u00e9ta&rdquo;<\/span>&hellip;<\/a><\/div>\n","protected":false},"author":1,"featured_media":9125,"comment_status":"closed","ping_status":"closed","sticky":false,"template":"","format":"standard","meta":{"ngg_post_thumbnail":0,"footnotes":""},"categories":[1],"tags":[],"class_list":["post-9120","post","type-post","status-publish","format-standard","has-post-thumbnail","hentry","category-egyeb","entry"],"_links":{"self":[{"href":"http:\/\/szakrendelo-sarkad.hu\/efi\/wp-json\/wp\/v2\/posts\/9120","targetHints":{"allow":["GET"]}}],"collection":[{"href":"http:\/\/szakrendelo-sarkad.hu\/efi\/wp-json\/wp\/v2\/posts"}],"about":[{"href":"http:\/\/szakrendelo-sarkad.hu\/efi\/wp-json\/wp\/v2\/types\/post"}],"author":[{"embeddable":true,"href":"http:\/\/szakrendelo-sarkad.hu\/efi\/wp-json\/wp\/v2\/users\/1"}],"replies":[{"embeddable":true,"href":"http:\/\/szakrendelo-sarkad.hu\/efi\/wp-json\/wp\/v2\/comments?post=9120"}],"version-history":[{"count":1,"href":"http:\/\/szakrendelo-sarkad.hu\/efi\/wp-json\/wp\/v2\/posts\/9120\/revisions"}],"predecessor-version":[{"id":9126,"href":"http:\/\/szakrendelo-sarkad.hu\/efi\/wp-json\/wp\/v2\/posts\/9120\/revisions\/9126"}],"wp:featuredmedia":[{"embeddable":true,"href":"http:\/\/szakrendelo-sarkad.hu\/efi\/wp-json\/wp\/v2\/media\/9125"}],"wp:attachment":[{"href":"http:\/\/szakrendelo-sarkad.hu\/efi\/wp-json\/wp\/v2\/media?parent=9120"}],"wp:term":[{"taxonomy":"category","embeddable":true,"href":"http:\/\/szakrendelo-sarkad.hu\/efi\/wp-json\/wp\/v2\/categories?post=9120"},{"taxonomy":"post_tag","embeddable":true,"href":"http:\/\/szakrendelo-sarkad.hu\/efi\/wp-json\/wp\/v2\/tags?post=9120"}],"curies":[{"name":"wp","href":"https:\/\/api.w.org\/{rel}","templated":true}]}}