{"id":9194,"date":"2024-11-20T07:24:11","date_gmt":"2024-11-20T07:24:11","guid":{"rendered":"http:\/\/szakrendelo-sarkad.hu\/efi\/?p=9194"},"modified":"2024-11-20T07:24:11","modified_gmt":"2024-11-20T07:24:11","slug":"fustmentes-vilagnap-november-21","status":"publish","type":"post","link":"http:\/\/szakrendelo-sarkad.hu\/efi\/2024\/11\/20\/fustmentes-vilagnap-november-21\/","title":{"rendered":"F\u00fcstmentes vil\u00e1gnap | November 21."},"content":{"rendered":"<p>Id\u00e9n november 21-\u00e9re esik a F\u00fcstmentes Vil\u00e1gnap, amikor vil\u00e1gszerte arra sz\u00f3l\u00edtj\u00e1k fel a doh\u00e1nyosokat, hogy legal\u00e1bb egy nap erej\u00e9ig f\u00fcggessz\u00e9k fel k\u00e1ros szenved\u00e9ly\u00fcket. A felh\u00edv\u00e1s \u00f6tlete Massachusettsb\u0151l ered, ahol el\u0151sz\u00f6r 1970-ben k\u00e9rt\u00e9k a doh\u00e1nyz\u00f3kat, hogy egy napi cigarett\u00e1ra sz\u00e1nt p\u00e9nz\u00fcket egy helyi k\u00f6z\u00e9piskola sz\u00e1m\u00e1ra adom\u00e1nyozz\u00e1k. A vil\u00e1gon elterjed\u0151 felh\u00edv\u00e1s f\u0151 c\u00e9lja, hogy az egy napra nem doh\u00e1nyz\u00f3 emberek k\u00f6z\u00fcl min\u00e9l t\u00f6bben d\u00f6ntsenek a v\u00e9gs\u0151 leszok\u00e1sr\u00f3l.<\/p>\n<p>\u00c9letm\u00f3dunk d\u00f6nt\u0151 hat\u00e1ssal van eg\u00e9szs\u00e9g\u00fcnkre, a doh\u00e1nyz\u00e1s jelent\u0151sen rontja az \u00e9letes\u00e9lyeket. A f\u00fcgg\u0151s\u00e9g eg\u00e9szs\u00e9gk\u00e1ros\u00edt\u00f3 hat\u00e1sa az eg\u00e9sz emberi szervezetben kimutathat\u00f3. Haz\u00e1nkban k\u00f6r\u00fclbel\u00fcl minden hatodik hal\u00e1loz\u00e1s a doh\u00e1nyz\u00e1s miatt t\u00f6rt\u00e9nik. A doh\u00e1nyz\u00e1s \u00e1ltal okozott legf\u0151bb betegs\u00e9gek a l\u00e9gcs\u0151, h\u00f6rg\u0151, t\u00fcd\u0151 rosszindulat\u00fa daganatai, az ajak, sz\u00e1j\u00fcreg, garat, nyel\u0151cs\u0151 \u00e9s g\u00e9ge tumorai, a l\u00e9gz\u0151rendszer betegs\u00e9gei, a magasv\u00e9rnyom\u00e1s- \u00e9s agy\u00e9rbetegs\u00e9gek, tov\u00e1bb\u00e1 az isch\u00e9mi\u00e1s \u00e9s m\u00e1s sz\u00edvbetegs\u00e9gek.<\/p>\n<p>De a doh\u00e1nyz\u00f3 emberek nem csak maguknak \u00e1rtanak. A k\u00f6rnyezet\u00fckben tart\u00f3zkod\u00f3kra a passz\u00edv m\u00f3don sz\u00edvott doh\u00e1nyf\u00fcst k\u00e9tszer olyan vesz\u00e9lyes, mert az \u00e1ltaluk bel\u00e9legzett mell\u00e9kf\u00fcst m\u00e9g nagyobb ar\u00e1nyban tartalmaz k\u00e1ros anyagokat.<\/p>\n<p>Biztassuk h\u00e1t, a jelenleg doh\u00e1nyos t\u00e1rsainkat, hogy pr\u00f3b\u00e1ljanak ki cigaretta n\u00e9lk\u00fcl legal\u00e1bb egy napot!<\/p>\n<p><strong>Ha \u00fagy \u00e9rzi, hogy elj\u00f6tt az id\u0151, hogy van el\u00e9g akaratereje, kitart\u00e1sa \u00e9s le is akar szokni a doh\u00e1nyz\u00e1sr\u00f3l j\u00f6jj\u00f6n \u00e9s k\u00e9rjen seg\u00edts\u00e9get.<\/strong><\/p>\n<p><strong>Keresse munkat\u00e1rsainkat a<br \/>\nSarkadi Kist\u00e9rs\u00e9gi J\u00e1r\u00f3beteg Szakell\u00e1t\u00f3 K\u00f6zpont<br \/>\nT\u00fcd\u0151gondoz\u00f3j\u00e1ban \u00e9s az Eg\u00e9szs\u00e9gfejleszt\u00e9si Irod\u00e1ban.<\/strong><\/p>\n<p><strong>El\u00e9rhet\u0151s\u00e9geink: 06-66\/585-800, 06-66\/787-840.<\/strong><\/p>\n","protected":false},"excerpt":{"rendered":"<div class=\"entry-summary\">\n<div class=\"entry-summary\">\nId\u00e9n november 21-\u00e9re esik a F\u00fcstmentes Vil\u00e1gnap, amikor vil\u00e1gszerte arra sz\u00f3l\u00edtj\u00e1k fel a doh\u00e1nyosokat, hogy legal\u00e1bb egy nap&hellip;\n<\/div>\n<div class=\"link-more\"><a href=\"http:\/\/szakrendelo-sarkad.hu\/efi\/2024\/11\/20\/fustmentes-vilagnap-november-21\/\" class=\"more-link\">Continue reading<span class=\"screen-reader-text\"> &ldquo;F\u00fcstmentes vil\u00e1gnap | November 21.&rdquo;<\/span>&hellip;<\/a><\/div>\n<\/div>\n<div class=\"link-more\"><a href=\"http:\/\/szakrendelo-sarkad.hu\/efi\/2024\/11\/20\/fustmentes-vilagnap-november-21\/\" class=\"more-link\">Continue reading<span class=\"screen-reader-text\"> &ldquo;F\u00fcstmentes vil\u00e1gnap | November 21.&rdquo;<\/span>&hellip;<\/a><\/div>\n","protected":false},"author":1,"featured_media":9195,"comment_status":"closed","ping_status":"closed","sticky":false,"template":"","format":"standard","meta":{"ngg_post_thumbnail":0,"footnotes":""},"categories":[1],"tags":[],"class_list":["post-9194","post","type-post","status-publish","format-standard","has-post-thumbnail","hentry","category-egyeb","entry"],"_links":{"self":[{"href":"http:\/\/szakrendelo-sarkad.hu\/efi\/wp-json\/wp\/v2\/posts\/9194","targetHints":{"allow":["GET"]}}],"collection":[{"href":"http:\/\/szakrendelo-sarkad.hu\/efi\/wp-json\/wp\/v2\/posts"}],"about":[{"href":"http:\/\/szakrendelo-sarkad.hu\/efi\/wp-json\/wp\/v2\/types\/post"}],"author":[{"embeddable":true,"href":"http:\/\/szakrendelo-sarkad.hu\/efi\/wp-json\/wp\/v2\/users\/1"}],"replies":[{"embeddable":true,"href":"http:\/\/szakrendelo-sarkad.hu\/efi\/wp-json\/wp\/v2\/comments?post=9194"}],"version-history":[{"count":1,"href":"http:\/\/szakrendelo-sarkad.hu\/efi\/wp-json\/wp\/v2\/posts\/9194\/revisions"}],"predecessor-version":[{"id":9196,"href":"http:\/\/szakrendelo-sarkad.hu\/efi\/wp-json\/wp\/v2\/posts\/9194\/revisions\/9196"}],"wp:featuredmedia":[{"embeddable":true,"href":"http:\/\/szakrendelo-sarkad.hu\/efi\/wp-json\/wp\/v2\/media\/9195"}],"wp:attachment":[{"href":"http:\/\/szakrendelo-sarkad.hu\/efi\/wp-json\/wp\/v2\/media?parent=9194"}],"wp:term":[{"taxonomy":"category","embeddable":true,"href":"http:\/\/szakrendelo-sarkad.hu\/efi\/wp-json\/wp\/v2\/categories?post=9194"},{"taxonomy":"post_tag","embeddable":true,"href":"http:\/\/szakrendelo-sarkad.hu\/efi\/wp-json\/wp\/v2\/tags?post=9194"}],"curies":[{"name":"wp","href":"https:\/\/api.w.org\/{rel}","templated":true}]}}