{"id":9489,"date":"2025-01-17T11:02:27","date_gmt":"2025-01-17T11:02:27","guid":{"rendered":"http:\/\/szakrendelo-sarkad.hu\/efi\/?p=9489"},"modified":"2025-01-17T11:02:27","modified_gmt":"2025-01-17T11:02:27","slug":"gyongysorok-2025-europai-mehnyakrak-megelozesi-het","status":"publish","type":"post","link":"http:\/\/szakrendelo-sarkad.hu\/efi\/2025\/01\/17\/gyongysorok-2025-europai-mehnyakrak-megelozesi-het\/","title":{"rendered":"GY\u00d6NGYSOROK 2025 | EUR\u00d3PAI M\u00c9HNYAKR\u00c1K MEGEL\u0150Z\u00c9SI H\u00c9T"},"content":{"rendered":"<p>Id\u00e9n janu\u00e1r 20. \u00e9s 26. k\u00f6z\u00f6tt ker\u00fcl megrendez\u00e9sre az Eur\u00f3pai M\u00e9hnyakr\u00e1k Megel\u0151z\u00e9si H\u00e9t, amelynek keret\u00e9ben Magyarorsz\u00e1gon az az imm\u00e1ron nem csak hazai, hanem 2017 \u00f3ta nemzetk\u00f6zi keretek k\u00f6z\u00f6tt m\u0171k\u00f6d\u0151 M\u00e1lyvavir\u00e1g Alap\u00edtv\u00e1ny orsz\u00e1gos kamp\u00e1nyt hirdet a m\u00e9hnyakr\u00e1k-prevenci\u00f3 fontoss\u00e1g\u00e1nak hangs\u00falyoz\u00e1s\u00e1ra.<\/p>\n<p>Ezen id\u0151szakban az int\u00e9zm\u00e9nybe m\u00e9hnyak sz\u0171r\u00e9sre jelentkez\u0151 h\u00f6lgyek m\u00e1lyvasz\u00edn\u0171 kark\u00f6t\u0151t \u00e9s t\u00e1j\u00e9koztat\u00f3 sz\u00f3r\u00f3anyagot kapnak aj\u00e1nd\u00e9kba a n\u0151gy\u00f3gy\u00e1szati szakrendel\u00e9s szakasszisztenseit\u0151l.<\/p>\n<p>A kamp\u00e1ny c\u00e9lja ez\u00fattal is az, hogy n\u0151k \u00e9s f\u00e9rfiak egyar\u00e1nt min\u00e9l sz\u00e9lesebb k\u00f6rben jussanak a lehet\u0151 legt\u00f6bb inform\u00e1ci\u00f3hoz a HPV-vel, m\u00e9hnyakr\u00e1kkal, a megel\u0151z\u00e9si-, valamint a kezel\u00e9si, illetve ut\u00f3kezel\u00e9si lehet\u0151s\u00e9gekkel kapcsolatban, ak\u00e1r \u0151k maguk, ak\u00e1r egy csal\u00e1dtagjuk vagy bar\u00e1tjuk az \u00e9rintett.<\/p>\n<p>A rendszeres sz\u0171r\u00e9sek \u00e9s a HPV elleni v\u00e9d\u0151olt\u00e1s jelent\u0151sen cs\u00f6kkenheti a m\u00e9hnyakr\u00e1k kialakul\u00e1s\u00e1nak kock\u00e1zat\u00e1t. A HPV- fert\u0151z\u00e9s a m\u00e9hnyakr\u00e1kos esetek t\u00f6bb, mint 99%-\u00e1\u00e9rt felel\u0151s, ez\u00e9rt a v\u00e9d\u0151olt\u00e1s \u00e9s a sz\u0171r\u00e9sek kiemelt fontoss\u00e1g\u00faak a megel\u0151z\u00e9sben.<\/p>\n<p>A m\u00e9hnyakr\u00e1k a m\u00e1sodik leggyakoribb daganatos megbeteged\u00e9s s 45 \u00e9v alatti n\u0151k k\u00f6r\u00e9ben Magyarorsz\u00e1gon. A probl\u00e9ma nagys\u00e1g\u00e1t j\u00f3l mutatja, hogy \u00e9vente t\u00f6bb sz\u00e1z n\u0151 \u00e9let\u00e9t k\u00f6veteli ez a betegs\u00e9g haz\u00e1nkban.<\/p>\n<p>Az Eg\u00e9szs\u00e9gfejleszt\u00e9si Iroda munkat\u00e1rsai szeretettel aj\u00e1nd\u00e9kozz\u00e1k meg a h\u00e9ten sz\u0171r\u0151vizsg\u00e1latra jelentkez\u0151 H\u00f6lgyeket egy gy\u00f6ngy\u00f6kb\u0151l f\u0171z\u00f6tt kark\u00f6t\u0151vel.<\/p>\n<p><strong>&nbsp;<\/strong><\/p>\n<p><strong>Ne feledje!<\/strong><\/p>\n<p><strong>EZ A DAGANAT\/ELV\u00c1LTOZ\u00c1S NEMCSAK KOR\u00c1N FELISMERHET\u0150, HANEM MEG IS EL\u0150ZHET\u0150!<\/strong><\/p>\n<p><strong>K\u00e9rj\u00fck gondolja \u00e1t, figyeljen oda eg\u00e9szs\u00e9g\u00e9re! <\/strong><\/p>\n<p><strong>Legyen tudat\u00e1ban azzal, hogy ez a betegs\u00e9g l\u00e9tezik, mit jelent val\u00f3j\u00e1ban, hogy meg lehet el\u0151zni! <\/strong><\/p>\n","protected":false},"excerpt":{"rendered":"<div class=\"entry-summary\">\n<div class=\"entry-summary\">\nId\u00e9n janu\u00e1r 20. \u00e9s 26. k\u00f6z\u00f6tt ker\u00fcl megrendez\u00e9sre az Eur\u00f3pai M\u00e9hnyakr\u00e1k Megel\u0151z\u00e9si H\u00e9t, amelynek keret\u00e9ben Magyarorsz\u00e1gon az az&hellip;\n<\/div>\n<div class=\"link-more\"><a href=\"http:\/\/szakrendelo-sarkad.hu\/efi\/2025\/01\/17\/gyongysorok-2025-europai-mehnyakrak-megelozesi-het\/\" class=\"more-link\">Continue reading<span class=\"screen-reader-text\"> &ldquo;GY\u00d6NGYSOROK 2025 | EUR\u00d3PAI M\u00c9HNYAKR\u00c1K MEGEL\u0150Z\u00c9SI H\u00c9T&rdquo;<\/span>&hellip;<\/a><\/div>\n<\/div>\n<div class=\"link-more\"><a href=\"http:\/\/szakrendelo-sarkad.hu\/efi\/2025\/01\/17\/gyongysorok-2025-europai-mehnyakrak-megelozesi-het\/\" class=\"more-link\">Continue reading<span class=\"screen-reader-text\"> &ldquo;GY\u00d6NGYSOROK 2025 | EUR\u00d3PAI M\u00c9HNYAKR\u00c1K MEGEL\u0150Z\u00c9SI H\u00c9T&rdquo;<\/span>&hellip;<\/a><\/div>\n","protected":false},"author":1,"featured_media":9490,"comment_status":"closed","ping_status":"closed","sticky":false,"template":"","format":"standard","meta":{"ngg_post_thumbnail":0,"footnotes":""},"categories":[1],"tags":[],"class_list":["post-9489","post","type-post","status-publish","format-standard","has-post-thumbnail","hentry","category-egyeb","entry"],"_links":{"self":[{"href":"http:\/\/szakrendelo-sarkad.hu\/efi\/wp-json\/wp\/v2\/posts\/9489","targetHints":{"allow":["GET"]}}],"collection":[{"href":"http:\/\/szakrendelo-sarkad.hu\/efi\/wp-json\/wp\/v2\/posts"}],"about":[{"href":"http:\/\/szakrendelo-sarkad.hu\/efi\/wp-json\/wp\/v2\/types\/post"}],"author":[{"embeddable":true,"href":"http:\/\/szakrendelo-sarkad.hu\/efi\/wp-json\/wp\/v2\/users\/1"}],"replies":[{"embeddable":true,"href":"http:\/\/szakrendelo-sarkad.hu\/efi\/wp-json\/wp\/v2\/comments?post=9489"}],"version-history":[{"count":1,"href":"http:\/\/szakrendelo-sarkad.hu\/efi\/wp-json\/wp\/v2\/posts\/9489\/revisions"}],"predecessor-version":[{"id":9491,"href":"http:\/\/szakrendelo-sarkad.hu\/efi\/wp-json\/wp\/v2\/posts\/9489\/revisions\/9491"}],"wp:featuredmedia":[{"embeddable":true,"href":"http:\/\/szakrendelo-sarkad.hu\/efi\/wp-json\/wp\/v2\/media\/9490"}],"wp:attachment":[{"href":"http:\/\/szakrendelo-sarkad.hu\/efi\/wp-json\/wp\/v2\/media?parent=9489"}],"wp:term":[{"taxonomy":"category","embeddable":true,"href":"http:\/\/szakrendelo-sarkad.hu\/efi\/wp-json\/wp\/v2\/categories?post=9489"},{"taxonomy":"post_tag","embeddable":true,"href":"http:\/\/szakrendelo-sarkad.hu\/efi\/wp-json\/wp\/v2\/tags?post=9489"}],"curies":[{"name":"wp","href":"https:\/\/api.w.org\/{rel}","templated":true}]}}