{"id":9493,"date":"2025-02-03T08:21:11","date_gmt":"2025-02-03T08:21:11","guid":{"rendered":"https:\/\/szakrendelo-sarkad.hu\/efi\/?p=9493"},"modified":"2025-02-03T08:22:54","modified_gmt":"2025-02-03T08:22:54","slug":"rakellenes-vilagnap-februar-4-2","status":"publish","type":"post","link":"http:\/\/szakrendelo-sarkad.hu\/efi\/2025\/02\/03\/rakellenes-vilagnap-februar-4-2\/","title":{"rendered":"R\u00c1KELLENES VIL\u00c1GNAP &#8211; Febru\u00e1r 4."},"content":{"rendered":"<p>A r\u00e1kellenes vil\u00e1gnap (World Cancer Day) minden \u00e9vben febru\u00e1r 4-\u00e9n ker\u00fcl megrendez\u00e9sre, \u00edgy 2025-ben is ezen a napon tartj\u00e1k. Ezt a napot az Eg\u00e9szs\u00e9g\u00fcgyi Vil\u00e1gszervezet (WHO) \u00e9s a Nemzetk\u00f6zi R\u00e1kellenes Uni\u00f3 (UICC) kezdem\u00e9nyez\u00e9s\u00e9re hozt\u00e1k l\u00e9tre, hogy felh\u00edvj\u00e1k a figyelmet a r\u00e1k megel\u0151z\u00e9s\u00e9nek, felismer\u00e9s\u00e9nek \u00e9s kezel\u00e9s\u00e9nek fontoss\u00e1g\u00e1ra.<\/p>\n<p><strong>2025 f\u0151 t\u00e9m\u00e1ja \u00e9s c\u00e9lja<\/strong><\/p>\n<p>A kamp\u00e1ny c\u00e9lja: az ell\u00e1t\u00e1sban megl\u00e9v\u0151 egyenl\u0151tlens\u00e9gek cs\u00f6kkent\u00e9se. Ennek f\u00f3kusz\u00e1ban az \u00e1ll, hogy mindenki egyenl\u0151 hozz\u00e1f\u00e9r\u00e9st kapjon a diagnosztikai, kezel\u00e9si \u00e9s t\u00e1mogat\u00f3 szolg\u00e1ltat\u00e1sokhoz, f\u00fcggetlen\u00fcl anyagi helyzet\u00e9t\u0151l, lak\u00f3hely\u00e9t\u0151l vagy t\u00e1rsadalmi helyzet\u00e9t\u0151l.<\/p>\n<p>&nbsp;<\/p>\n<p>Ez a nap remek lehet\u0151s\u00e9g arra, hogy kifejezz\u00fck szolidarit\u00e1sunkat a r\u00e1kbetegekkel \u00e9s csal\u00e1djaikkal, valamint t\u00e1mogassuk a r\u00e1k elleni k\u00fczdelmet c\u00e9lz\u00f3 kezdem\u00e9nyez\u00e9seket.<\/p>\n<p><img loading=\"lazy\" decoding=\"async\" class=\"wp-image-9494 size-full aligncenter\" src=\"http:\/\/szakrendelo-sarkad.hu\/efi\/wp-content\/uploads\/sites\/2\/2025\/02\/1.png\" alt=\"\" width=\"592\" height=\"278\" srcset=\"http:\/\/szakrendelo-sarkad.hu\/efi\/wp-content\/uploads\/sites\/2\/2025\/02\/1.png 592w, http:\/\/szakrendelo-sarkad.hu\/efi\/wp-content\/uploads\/sites\/2\/2025\/02\/1-300x141.png 300w\" sizes=\"auto, (max-width: 592px) 100vw, 592px\" \/><\/p>\n","protected":false},"excerpt":{"rendered":"<div class=\"entry-summary\">\n<div class=\"entry-summary\">\nA r\u00e1kellenes vil\u00e1gnap (World Cancer Day) minden \u00e9vben febru\u00e1r 4-\u00e9n ker\u00fcl megrendez\u00e9sre, \u00edgy 2025-ben is ezen a napon&hellip;\n<\/div>\n<div class=\"link-more\"><a href=\"http:\/\/szakrendelo-sarkad.hu\/efi\/2025\/02\/03\/rakellenes-vilagnap-februar-4-2\/\" class=\"more-link\">Continue reading<span class=\"screen-reader-text\"> &ldquo;R\u00c1KELLENES VIL\u00c1GNAP &#8211; Febru\u00e1r 4.&rdquo;<\/span>&hellip;<\/a><\/div>\n<\/div>\n<div class=\"link-more\"><a href=\"http:\/\/szakrendelo-sarkad.hu\/efi\/2025\/02\/03\/rakellenes-vilagnap-februar-4-2\/\" class=\"more-link\">Continue reading<span class=\"screen-reader-text\"> &ldquo;R\u00c1KELLENES VIL\u00c1GNAP &#8211; Febru\u00e1r 4.&rdquo;<\/span>&hellip;<\/a><\/div>\n","protected":false},"author":1,"featured_media":9495,"comment_status":"closed","ping_status":"closed","sticky":false,"template":"","format":"standard","meta":{"ngg_post_thumbnail":0,"footnotes":""},"categories":[1],"tags":[],"class_list":["post-9493","post","type-post","status-publish","format-standard","has-post-thumbnail","hentry","category-egyeb","entry"],"_links":{"self":[{"href":"http:\/\/szakrendelo-sarkad.hu\/efi\/wp-json\/wp\/v2\/posts\/9493","targetHints":{"allow":["GET"]}}],"collection":[{"href":"http:\/\/szakrendelo-sarkad.hu\/efi\/wp-json\/wp\/v2\/posts"}],"about":[{"href":"http:\/\/szakrendelo-sarkad.hu\/efi\/wp-json\/wp\/v2\/types\/post"}],"author":[{"embeddable":true,"href":"http:\/\/szakrendelo-sarkad.hu\/efi\/wp-json\/wp\/v2\/users\/1"}],"replies":[{"embeddable":true,"href":"http:\/\/szakrendelo-sarkad.hu\/efi\/wp-json\/wp\/v2\/comments?post=9493"}],"version-history":[{"count":2,"href":"http:\/\/szakrendelo-sarkad.hu\/efi\/wp-json\/wp\/v2\/posts\/9493\/revisions"}],"predecessor-version":[{"id":9497,"href":"http:\/\/szakrendelo-sarkad.hu\/efi\/wp-json\/wp\/v2\/posts\/9493\/revisions\/9497"}],"wp:featuredmedia":[{"embeddable":true,"href":"http:\/\/szakrendelo-sarkad.hu\/efi\/wp-json\/wp\/v2\/media\/9495"}],"wp:attachment":[{"href":"http:\/\/szakrendelo-sarkad.hu\/efi\/wp-json\/wp\/v2\/media?parent=9493"}],"wp:term":[{"taxonomy":"category","embeddable":true,"href":"http:\/\/szakrendelo-sarkad.hu\/efi\/wp-json\/wp\/v2\/categories?post=9493"},{"taxonomy":"post_tag","embeddable":true,"href":"http:\/\/szakrendelo-sarkad.hu\/efi\/wp-json\/wp\/v2\/tags?post=9493"}],"curies":[{"name":"wp","href":"https:\/\/api.w.org\/{rel}","templated":true}]}}