{"id":9580,"date":"2025-04-16T08:44:18","date_gmt":"2025-04-16T08:44:18","guid":{"rendered":"http:\/\/szakrendelo-sarkad.hu\/efi\/?p=9580"},"modified":"2025-04-16T08:44:18","modified_gmt":"2025-04-16T08:44:18","slug":"husveti-bojt","status":"publish","type":"post","link":"http:\/\/szakrendelo-sarkad.hu\/efi\/2025\/04\/16\/husveti-bojt\/","title":{"rendered":"H\u00fasv\u00e9ti b\u00f6jt"},"content":{"rendered":"<p>A h\u00fasv\u00e9ti <a href=\"https:\/\/www.facebook.com\/hashtag\/b%C3%B6jt?__eep__=6&amp;__cft__%5b0%5d=AZW-VAIX-8tQ7dLPirlXsSYy1Fbs0Q2JP4SCBf6vgSWCJEXwr2y4XZSmCcZc4gc5wTsYi3OTr6TxoZPSnYzXpN_r9OTw6RQD_rKtOv2AqswaNMM6d1Ci14pVKIFoZ3YMwISVhlti9h2UFjWhVOGS-W1ahOrWZNdxH0XunLkmSfULwry8x4UkEw9M4uxZ52REKXI&amp;__tn__=*NK-R\"><strong>#b\u00f6jt<\/strong><\/a> kapcs\u00e1n \u00f6sszegy\u0171jt\u00f6tt\u00fcnk p\u00e1r fontos k\u00e9rd\u00e9st az id\u0151szakos b\u00f6jtr\u0151l. Ez a mostan\u00e1ban n\u00e9pszer\u0171 \u00e9tkez\u00e9si m\u00f3d sokak sz\u00e1m\u00e1ra vonz\u00f3 lehet\u0151s\u00e9gnek t\u0171nik a fogy\u00e1shoz. Mit mond err\u0151l a tudom\u00e1ny, \u00e9s mire \u00e9rdemes figyelni, ha belev\u00e1gsz?<\/p>\n<p>Mi is az id\u0151szakos b\u00f6jt (intermittent fasting, IF)?<\/p>\n<p>Olyan \u00e9tkez\u00e9si forma, ami nem az elfogyasztott \u00e9telek mennyis\u00e9g\u00e9re vagy min\u0151s\u00e9g\u00e9re koncentr\u00e1l, hanem az id\u0151z\u00edt\u00e9sre. T\u00f6bb v\u00e1ltozata is l\u00e9tezik, de a legelterjedtebb a 16:8-as forma, ami azt jelenti, hogy 8 \u00f3ra \u00e1ll rendelkez\u00e9sre a napi \u00e9tkez\u00e9sek elfogyaszt\u00e1s\u00e1ra, 16 \u00f3r\u00e1n kereszt\u00fcl pedig &#8211; a b\u00f6jti id\u0151szak alatt &#8211; nem lehet enni.<\/p>\n<p>Lehet fogyni az id\u0151szakos b\u00f6jttel?<\/p>\n<p>Igen, de nem jobban, mint a hagyom\u00e1nyos, energiacs\u00f6kkent\u00e9sen alapul\u00f3 di\u00e9t\u00e1kkal. Ennek oka az, hogy a testt\u00f6megcs\u00f6kken\u00e9s alapja a negat\u00edv energiam\u00e9rleg, vagyis hogy kevesebb energi\u00e1t fogyasztunk el (kevesebbet esz\u00fcnk), mint amennyit felhaszn\u00e1l a szervezet\u00fcnk. Ugyanezt az eredm\u00e9nyt \u00e9rheted el egy kiegyens\u00falyozott, szem\u00e9lyre szabott, cs\u00f6kkentett energiatartalm\u00fa \u00e9trenddel, koplal\u00e1s n\u00e9lk\u00fcl.<\/p>\n<p>Az id\u0151szakos b\u00f6jt nem mindenkinek val\u00f3!<\/p>\n<p>V\u00e1rand\u00f3soknak, szoptat\u00f3 any\u00e1knak, gyermekeknek, serd\u00fcl\u0151knek nem javasolt az id\u0151szakos b\u00f6jt, mivel ezekn\u00e9l az \u00e9letszakaszokn\u00e1l a rendszeres \u00e9s kiegyens\u00falyozott t\u00e1pl\u00e1lkoz\u00e1s alapvet\u0151 fontoss\u00e1g\u00fa. Olyan kr\u00f3nikus betegs\u00e9g eset\u00e9n, mint amilyen a cukorbetegs\u00e9g, csak orvosi \u00e9s dietetikai fel\u00fcgyelet mellett alkalmazhat\u00f3. Emellett ev\u00e9szavar eset\u00e9n sem aj\u00e1nljuk.<\/p>\n<p>Mire kell figyelni az id\u0151szakos b\u00f6jt alatt?<\/p>\n<p>A b\u00f6jt id\u0151szaka alatti alacsony energiabevitel miatt megn\u0151het a feh\u00e9rje-, vitamin- \u00e9s \u00e1sv\u00e1nyianyag-hi\u00e1ny kock\u00e1zata. Olyan nemk\u00edv\u00e1natos t\u00fcnetek is jelentkezhetnek, mint p\u00e9ld\u00e1ul a f\u00e1radts\u00e1g, sz\u00e9d\u00fcl\u00e9s, gyenges\u00e9g, migr\u00e9n, hipoglik\u00e9mia (t\u00fal alacsony v\u00e9rcukorszint), \u00e9hs\u00e9gf\u00e1jdalom, alv\u00e1szavar. Ezek korl\u00e1tozhatj\u00e1k a napi tev\u00e9kenys\u00e9geket, s\u0151t n\u00f6velhetik az \u00e9tkez\u00e9si zavarok kock\u00e1zat\u00e1t is.<\/p>\n<p>Mi a tanuls\u00e1g? A kulcs a szem\u00e9lyre szabott, kiegyens\u00falyozott \u00e9trend. A b\u00f6jt\u00f6l\u00e9s nem helyettes\u00edti a tudatos \u00e9tkez\u00e9st! Ha fogyni szeretn\u00e9l, fordulj dietetikushoz, aki seg\u00edt a sz\u00e1modra legmegfelel\u0151bb, a fenti kock\u00e1zatokt\u00f3l mentes \u00e9trend \u00f6ssze\u00e1ll\u00edt\u00e1s\u00e1ban!<\/p>\n<ul>\n<li>Olvasd el az MDOSZ \u00e1ll\u00e1sfoglal\u00e1s\u00e1t az id\u0151szakos b\u00f6jtr\u0151l!<\/li>\n<li><a href=\"https:\/\/mdosz.hu\/hun\/wp-content\/uploads\/2024\/03\/mdosz-allasfoglalas-idoszakos-bojt-2024.pdf\" target=\"_blank\" rel=\"noopener\"><strong>https:\/\/mdosz.hu\/&#8230;\/mdosz-allasfoglalas-idoszakos-bojt&#8230;<\/strong><\/a><\/li>\n<\/ul>\n<p><a href=\"https:\/\/www.facebook.com\/hashtag\/mdosz?__eep__=6&amp;__cft__%5b0%5d=AZW-VAIX-8tQ7dLPirlXsSYy1Fbs0Q2JP4SCBf6vgSWCJEXwr2y4XZSmCcZc4gc5wTsYi3OTr6TxoZPSnYzXpN_r9OTw6RQD_rKtOv2AqswaNMM6d1Ci14pVKIFoZ3YMwISVhlti9h2UFjWhVOGS-W1ahOrWZNdxH0XunLkmSfULwry8x4UkEw9M4uxZ52REKXI&amp;__tn__=*NK-R\"><strong>#mdosz<\/strong><\/a> <a href=\"https:\/\/www.facebook.com\/hashtag\/ter%C3%ADt%C3%A9kenazeg%C3%A9szs%C3%A9g?__eep__=6&amp;__cft__%5b0%5d=AZW-VAIX-8tQ7dLPirlXsSYy1Fbs0Q2JP4SCBf6vgSWCJEXwr2y4XZSmCcZc4gc5wTsYi3OTr6TxoZPSnYzXpN_r9OTw6RQD_rKtOv2AqswaNMM6d1Ci14pVKIFoZ3YMwISVhlti9h2UFjWhVOGS-W1ahOrWZNdxH0XunLkmSfULwry8x4UkEw9M4uxZ52REKXI&amp;__tn__=*NK-R\"><strong>#ter\u00edt\u00e9kenazeg\u00e9szs\u00e9g<\/strong><\/a> <a href=\"https:\/\/www.facebook.com\/hashtag\/dietetikus?__eep__=6&amp;__cft__%5b0%5d=AZW-VAIX-8tQ7dLPirlXsSYy1Fbs0Q2JP4SCBf6vgSWCJEXwr2y4XZSmCcZc4gc5wTsYi3OTr6TxoZPSnYzXpN_r9OTw6RQD_rKtOv2AqswaNMM6d1Ci14pVKIFoZ3YMwISVhlti9h2UFjWhVOGS-W1ahOrWZNdxH0XunLkmSfULwry8x4UkEw9M4uxZ52REKXI&amp;__tn__=*NK-R\"><strong>#dietetikus<\/strong><\/a><\/p>\n","protected":false},"excerpt":{"rendered":"<div class=\"entry-summary\">\n<div class=\"entry-summary\">\nA h\u00fasv\u00e9ti #b\u00f6jt kapcs\u00e1n \u00f6sszegy\u0171jt\u00f6tt\u00fcnk p\u00e1r fontos k\u00e9rd\u00e9st az id\u0151szakos b\u00f6jtr\u0151l. Ez a mostan\u00e1ban n\u00e9pszer\u0171 \u00e9tkez\u00e9si m\u00f3d sokak&hellip;\n<\/div>\n<div class=\"link-more\"><a href=\"http:\/\/szakrendelo-sarkad.hu\/efi\/2025\/04\/16\/husveti-bojt\/\" class=\"more-link\">Continue reading<span class=\"screen-reader-text\"> &ldquo;H\u00fasv\u00e9ti b\u00f6jt&rdquo;<\/span>&hellip;<\/a><\/div>\n<\/div>\n<div class=\"link-more\"><a href=\"http:\/\/szakrendelo-sarkad.hu\/efi\/2025\/04\/16\/husveti-bojt\/\" class=\"more-link\">Continue reading<span class=\"screen-reader-text\"> &ldquo;H\u00fasv\u00e9ti b\u00f6jt&rdquo;<\/span>&hellip;<\/a><\/div>\n","protected":false},"author":1,"featured_media":9581,"comment_status":"closed","ping_status":"closed","sticky":false,"template":"","format":"standard","meta":{"ngg_post_thumbnail":0,"footnotes":""},"categories":[1],"tags":[],"class_list":["post-9580","post","type-post","status-publish","format-standard","has-post-thumbnail","hentry","category-egyeb","entry"],"_links":{"self":[{"href":"http:\/\/szakrendelo-sarkad.hu\/efi\/wp-json\/wp\/v2\/posts\/9580","targetHints":{"allow":["GET"]}}],"collection":[{"href":"http:\/\/szakrendelo-sarkad.hu\/efi\/wp-json\/wp\/v2\/posts"}],"about":[{"href":"http:\/\/szakrendelo-sarkad.hu\/efi\/wp-json\/wp\/v2\/types\/post"}],"author":[{"embeddable":true,"href":"http:\/\/szakrendelo-sarkad.hu\/efi\/wp-json\/wp\/v2\/users\/1"}],"replies":[{"embeddable":true,"href":"http:\/\/szakrendelo-sarkad.hu\/efi\/wp-json\/wp\/v2\/comments?post=9580"}],"version-history":[{"count":1,"href":"http:\/\/szakrendelo-sarkad.hu\/efi\/wp-json\/wp\/v2\/posts\/9580\/revisions"}],"predecessor-version":[{"id":9582,"href":"http:\/\/szakrendelo-sarkad.hu\/efi\/wp-json\/wp\/v2\/posts\/9580\/revisions\/9582"}],"wp:featuredmedia":[{"embeddable":true,"href":"http:\/\/szakrendelo-sarkad.hu\/efi\/wp-json\/wp\/v2\/media\/9581"}],"wp:attachment":[{"href":"http:\/\/szakrendelo-sarkad.hu\/efi\/wp-json\/wp\/v2\/media?parent=9580"}],"wp:term":[{"taxonomy":"category","embeddable":true,"href":"http:\/\/szakrendelo-sarkad.hu\/efi\/wp-json\/wp\/v2\/categories?post=9580"},{"taxonomy":"post_tag","embeddable":true,"href":"http:\/\/szakrendelo-sarkad.hu\/efi\/wp-json\/wp\/v2\/tags?post=9580"}],"curies":[{"name":"wp","href":"https:\/\/api.w.org\/{rel}","templated":true}]}}