{"id":9631,"date":"2025-07-24T07:23:48","date_gmt":"2025-07-24T07:23:48","guid":{"rendered":"http:\/\/szakrendelo-sarkad.hu\/efi\/?p=9631"},"modified":"2025-07-24T07:23:48","modified_gmt":"2025-07-24T07:23:48","slug":"iii-foku-hosegriasztas","status":"publish","type":"post","link":"http:\/\/szakrendelo-sarkad.hu\/efi\/2025\/07\/24\/iii-foku-hosegriasztas\/","title":{"rendered":"III. fok\u00fa h\u0151s\u00e9griaszt\u00e1s"},"content":{"rendered":"<p>Cs\u00fct\u00f6rt\u00f6k hajnalt\u00f3l a legmagasabb fokozat\u00fa h\u0151s\u00e9griaszt\u00e1s l\u00e9p \u00e9letbe az orsz\u00e1g eg\u00e9sz ter\u00fclet\u00e9n!<\/p>\n<p>Az Orsz\u00e1gos Tisztif\u0151orvos a HungaroMet Magyar Meteorol\u00f3giai Szolg\u00e1ltat\u00f3 Nonprofit Zrt. legfrissebb el\u0151rejelz\u00e9se alapj\u00e1n a 2025. j\u00falius 20-\u00e1n (vas\u00e1rnap) 00:00 \u00f3r\u00e1t\u00f3l j\u00falius 24-\u00e9n (cs\u00fct\u00f6rt\u00f6k) 24:00 \u00f3r\u00e1ig \u00e9rv\u00e9nyben l\u00e9v\u0151 m\u00e1sodfok\u00fa h\u0151s\u00e9griaszt\u00e1st 2025. j\u00falius 24-\u00e9n (cs\u00fct\u00f6rt\u00f6k) 00:00 \u00f3r\u00e1t\u00f3l harmadfokozat\u00fara emeli, \u00e9s 2025. j\u00falius 26-\u00e1n (szombat) 24:00 \u00f3r\u00e1ig meghosszabb\u00edtja. A legmagasabb fokozat\u00fa h\u0151s\u00e9griaszt\u00e1s az orsz\u00e1g eg\u00e9sz ter\u00fclet\u00e9re vonatkozik.<\/p>\n<p>A tart\u00f3s h\u0151s\u00e9g megterheli az eg\u00e9szs\u00e9ges szervezetet is, de k\u00fcl\u00f6n\u00f6sen vesz\u00e9lyeztetettek a kisgyermekek, az id\u0151sek, a v\u00e1rand\u00f3sok, valamint a sz\u00edv- \u00e9s \u00e9rrendszeri betegs\u00e9ggel \u00e9l\u0151k. Az elh\u00faz\u00f3d\u00f3, az \u00e1tlagosn\u00e1l melegebb id\u0151j\u00e1r\u00e1s b\u00e1rkin\u00e9l okozhat eg\u00e9szs\u00e9g\u00fcgyi panaszokat, kellemetlen t\u00fcneteket, dekoncentr\u00e1ci\u00f3t. K\u00e9rj\u00fck, fokozottan figyeljenek az id\u0151sekre, kisgyermekekre \u00e9s a kr\u00f3nikus betegekre.<\/p>\n<p>A folyamatos folyad\u00e9kp\u00f3tl\u00e1s elengedhetetlen. Munkahelyen, v\u00edzparton vagy utaz\u00e1s k\u00f6zben is mindig legyen k\u00e9zn\u00e9l v\u00edz. Gondoskodjanak az \u00e1sv\u00e1nyi anyagok p\u00f3tl\u00e1s\u00e1r\u00f3l is.<\/p>\n<p>Ker\u00fclj\u00e9k a k\u00f6zvetlen napsug\u00e1rz\u00e1st 11 \u00e9s 15 \u00f3ra k\u00f6z\u00f6tt!<\/p>\n<p>Fontos, hogy a megv\u00e1s\u00e1rolt, h\u0171t\u00e9st ig\u00e9nyl\u0151 \u00e9lelmiszereket min\u00e9l r\u00f6videbb ideig tegy\u00fck ki a melegnek!<\/p>\n<p>Az aut\u00f3sok \u00f3vatosan k\u00f6zlekedjenek, mivel a nagy meleg r\u00e1juk is kedvez\u0151tlen hat\u00e1ssal lehet.<\/p>\n<p>N\u00e9h\u00e1ny percre se hagyj\u00e1k a gyermekeket vagy h\u00e1zi kedvenceket a parkol\u00f3 aut\u00f3ban! Amennyiben napon \u00e1ll\u00f3 aut\u00f3ban hagyott gyermeket vagy \u00e1llatot l\u00e1tnak, halad\u00e9ktalanul h\u00edvj\u00e1k a 112-es seg\u00e9lyh\u00edv\u00f3sz\u00e1mot.<\/p>\n<p>J\u00falius 21-e \u00f3ta t\u0171zgy\u00fajt\u00e1si tilalom van \u00e9rv\u00e9nyben az eg\u00e9sz orsz\u00e1gban, amely az erd\u0151kre \u00e9s azok k\u00e9tsz\u00e1z m\u00e9teres k\u00f6rzet\u00e9re vonatkozik.<\/p>\n<p>Az orsz\u00e1gos tisztif\u0151orvos \u00e1ltal kiadott h\u0151s\u00e9griaszt\u00e1sok h\u00edre el\u00e9rhet\u0151 a BM Orsz\u00e1gos Katasztr\u00f3fav\u00e9delmi F\u0151igazgat\u00f3s\u00e1g \u00e1ltal \u00fczemeltetett V\u00c9SZ applik\u00e1ci\u00f3n kereszt\u00fcl is. A V\u00c9SZ felhaszn\u00e1l\u00f3i m\u00e1r a riaszt\u00e1s kihirdet\u00e9sekor r\u00f6vid sz\u00f6veges \u00fczenetben \u00e9rtes\u00fclnek annak id\u0151tartam\u00e1r\u00f3l \u00e9s fokozat\u00e1r\u00f3l.<\/p>\n<p>Vigy\u00e1zzunk magunkra \u00e9s egym\u00e1sra!<\/p>\n<p>https:\/\/www.facebook.com\/nngyk.hivatalos\/<\/p>\n","protected":false},"excerpt":{"rendered":"<div class=\"entry-summary\">\n<div class=\"entry-summary\">\nCs\u00fct\u00f6rt\u00f6k hajnalt\u00f3l a legmagasabb fokozat\u00fa h\u0151s\u00e9griaszt\u00e1s l\u00e9p \u00e9letbe az orsz\u00e1g eg\u00e9sz ter\u00fclet\u00e9n! Az Orsz\u00e1gos Tisztif\u0151orvos a HungaroMet Magyar&hellip;\n<\/div>\n<div class=\"link-more\"><a href=\"http:\/\/szakrendelo-sarkad.hu\/efi\/2025\/07\/24\/iii-foku-hosegriasztas\/\" class=\"more-link\">Continue reading<span class=\"screen-reader-text\"> &ldquo;III. fok\u00fa h\u0151s\u00e9griaszt\u00e1s&rdquo;<\/span>&hellip;<\/a><\/div>\n<\/div>\n<div class=\"link-more\"><a href=\"http:\/\/szakrendelo-sarkad.hu\/efi\/2025\/07\/24\/iii-foku-hosegriasztas\/\" class=\"more-link\">Continue reading<span class=\"screen-reader-text\"> &ldquo;III. fok\u00fa h\u0151s\u00e9griaszt\u00e1s&rdquo;<\/span>&hellip;<\/a><\/div>\n","protected":false},"author":1,"featured_media":9632,"comment_status":"closed","ping_status":"closed","sticky":false,"template":"","format":"standard","meta":{"ngg_post_thumbnail":0,"footnotes":""},"categories":[1],"tags":[],"class_list":["post-9631","post","type-post","status-publish","format-standard","has-post-thumbnail","hentry","category-egyeb","entry"],"_links":{"self":[{"href":"http:\/\/szakrendelo-sarkad.hu\/efi\/wp-json\/wp\/v2\/posts\/9631","targetHints":{"allow":["GET"]}}],"collection":[{"href":"http:\/\/szakrendelo-sarkad.hu\/efi\/wp-json\/wp\/v2\/posts"}],"about":[{"href":"http:\/\/szakrendelo-sarkad.hu\/efi\/wp-json\/wp\/v2\/types\/post"}],"author":[{"embeddable":true,"href":"http:\/\/szakrendelo-sarkad.hu\/efi\/wp-json\/wp\/v2\/users\/1"}],"replies":[{"embeddable":true,"href":"http:\/\/szakrendelo-sarkad.hu\/efi\/wp-json\/wp\/v2\/comments?post=9631"}],"version-history":[{"count":1,"href":"http:\/\/szakrendelo-sarkad.hu\/efi\/wp-json\/wp\/v2\/posts\/9631\/revisions"}],"predecessor-version":[{"id":9633,"href":"http:\/\/szakrendelo-sarkad.hu\/efi\/wp-json\/wp\/v2\/posts\/9631\/revisions\/9633"}],"wp:featuredmedia":[{"embeddable":true,"href":"http:\/\/szakrendelo-sarkad.hu\/efi\/wp-json\/wp\/v2\/media\/9632"}],"wp:attachment":[{"href":"http:\/\/szakrendelo-sarkad.hu\/efi\/wp-json\/wp\/v2\/media?parent=9631"}],"wp:term":[{"taxonomy":"category","embeddable":true,"href":"http:\/\/szakrendelo-sarkad.hu\/efi\/wp-json\/wp\/v2\/categories?post=9631"},{"taxonomy":"post_tag","embeddable":true,"href":"http:\/\/szakrendelo-sarkad.hu\/efi\/wp-json\/wp\/v2\/tags?post=9631"}],"curies":[{"name":"wp","href":"https:\/\/api.w.org\/{rel}","templated":true}]}}