{"id":9645,"date":"2025-08-01T07:08:20","date_gmt":"2025-08-01T07:08:20","guid":{"rendered":"http:\/\/szakrendelo-sarkad.hu\/efi\/?p=9645"},"modified":"2025-08-01T07:08:20","modified_gmt":"2025-08-01T07:08:20","slug":"anyatejes-taplalas-vilagnapja-agusztus-1-tegyuk-lehetove-a-szoptatast","status":"publish","type":"post","link":"http:\/\/szakrendelo-sarkad.hu\/efi\/2025\/08\/01\/anyatejes-taplalas-vilagnapja-agusztus-1-tegyuk-lehetove-a-szoptatast\/","title":{"rendered":"ANYATEJES T\u00c1PL\u00c1L\u00c1S VIL\u00c1GNAPJA AGUSZTUS 1. &#8211; TEGY\u00dcK LEHET\u0150V\u00c9 A SZOPTAT\u00c1ST!"},"content":{"rendered":"<p><img loading=\"lazy\" decoding=\"async\" class=\"aligncenter size-full wp-image-9646\" src=\"http:\/\/szakrendelo-sarkad.hu\/efi\/wp-content\/uploads\/sites\/2\/2025\/08\/anyatejes_thumb.png\" alt=\"\" width=\"700\" height=\"426\" srcset=\"http:\/\/szakrendelo-sarkad.hu\/efi\/wp-content\/uploads\/sites\/2\/2025\/08\/anyatejes_thumb.png 700w, http:\/\/szakrendelo-sarkad.hu\/efi\/wp-content\/uploads\/sites\/2\/2025\/08\/anyatejes_thumb-300x183.png 300w\" sizes=\"auto, (max-width: 700px) 100vw, 700px\" \/><\/p>\n<p>Az anyatejes t\u00e1pl\u00e1l\u00e1s jelent\u0151s\u00e9ge<\/p>\n<p>A szoptat\u00e1s term\u00e9szetes m\u00f3dja annak, hogy az \u00e9desanya a csecsem\u0151t az els\u0151 id\u0151szakban minden sz\u00fcks\u00e9ges t\u00e1panyaggal \u00e9s t\u00e1pl\u00e1l\u00e9kkal ell\u00e1ssa. Az Eg\u00e9szs\u00e9g\u00fcgyi Vil\u00e1gszervezet (WHO) a kiz\u00e1r\u00f3lagos szoptat\u00e1st aj\u00e1nlja a sz\u00fclet\u00e9st k\u00f6vet\u0151 els\u0151 hat h\u00f3napban, majd javasolja, hogy 2 \u00e9ves korig vagy ak\u00e1r tov\u00e1bb is maradjon fenn az anyatejes t\u00e1pl\u00e1l\u00e1s kieg\u00e9sz\u00edt\u00e9sk\u00e9nt a hozz\u00e1t\u00e1pl\u00e1l\u00e1s mellett.<\/p>\n<p>A szoptat\u00e1s el\u0151nyei a baba sz\u00e1m\u00e1ra:<\/p>\n<ul>\n<li>Az anyatejes csecsem\u0151k kevesebb gyermekkori fert\u0151z\u00e9sen esnek \u00e1t, legyen sz\u00f3 ak\u00e1r l\u00e9g\u00fati, ak\u00e1r b\u00e9lrendszeri, vagy ak\u00e1r megf\u00e1z\u00e1sos megbeteged\u00e9sekr\u0151l.<\/li>\n<li>Az anyatej antitesteket tartalmaz, ezek a feh\u00e9rj\u00e9k pedig seg\u00edtenek meger\u0151s\u00edteni a csecsem\u0151 immunrendszer\u00e9t a v\u00edrusok \u00e9s a bakt\u00e9riumok elleni harcban.<\/li>\n<li>Az anyatejes bab\u00e1kn\u00e1l alacsonyabb lehet a gyermekkori elh\u00edz\u00e1s rizik\u00f3ja.<\/li>\n<li>A szoptat\u00e1s cs\u00f6kkenti az 1-es t\u00edpus\u00fa \u00e9s a 2-es t\u00edpus\u00fa cukorbetegs\u00e9g kock\u00e1zat\u00e1t.<\/li>\n<\/ul>\n<p>Az anyatejes t\u00e1pl\u00e1l\u00e1s el\u0151nyei az \u00e9desanya sz\u00e1m\u00e1ra<\/p>\n<p>Nemcsak a bab\u00e1k, hanem az anyuk\u00e1k sz\u00e1m\u00e1ra is el\u0151ny\u00f6s lehet a szoptat\u00e1s:<\/p>\n<ul>\n<li>Az anyatejes t\u00e1pl\u00e1l\u00e1s oxitocint szabad\u00edt fel, ami seg\u00edt, hogy a m\u00e9h visszah\u00faz\u00f3djon a terhess\u00e9g el\u0151tti m\u00e9ret\u00e9re.<\/li>\n<li>Azok, akik szoptatnak, \u00e1ltal\u00e1ban gyorsabban leadj\u00e1k a terhess\u00e9g sor\u00e1n felszedett t\u00fals\u00falyt, r\u00e1ad\u00e1sul az anyatejes t\u00e1pl\u00e1l\u00e1s cs\u00f6kkenti a sz\u00fcl\u00e9s ut\u00e1ni depresszi\u00f3 kialakul\u00e1s\u00e1nak kock\u00e1zat\u00e1t is.<\/li>\n<li>A szoptat\u00e1s (k\u00fcl\u00f6n\u00f6sen ha 1 \u00e9vn\u00e9l tov\u00e1bb tart), cs\u00f6kkenti a mell- \u00e9s petef\u00e9szekr\u00e1k kock\u00e1zat\u00e1t.<\/li>\n<li>Kutat\u00e1sok szerint azok, akik \u00e9let\u00fck sor\u00e1n egy-k\u00e9t \u00e9vig szoptatnak, 10-50 sz\u00e1zal\u00e9kkal kisebb es\u00e9llyel szenvednek a k\u00e9s\u0151bbiekben 2-es t\u00edpus\u00fa cukorbetegs\u00e9gt\u0151l, sz\u00edvbetegs\u00e9gekt\u0151l, magas koleszterinszintt\u0151l, \u00edz\u00fcleti gyullad\u00e1st\u00f3l \u00e9s magas v\u00e9rnyom\u00e1st\u00f3l.<\/li>\n<\/ul>\n<p>(www.brendon.hu)<\/p>\n","protected":false},"excerpt":{"rendered":"<div class=\"entry-summary\">\n<div class=\"entry-summary\">\nAz anyatejes t\u00e1pl\u00e1l\u00e1s jelent\u0151s\u00e9ge A szoptat\u00e1s term\u00e9szetes m\u00f3dja annak, hogy az \u00e9desanya a csecsem\u0151t az els\u0151 id\u0151szakban minden&hellip;\n<\/div>\n<div class=\"link-more\"><a href=\"http:\/\/szakrendelo-sarkad.hu\/efi\/2025\/08\/01\/anyatejes-taplalas-vilagnapja-agusztus-1-tegyuk-lehetove-a-szoptatast\/\" class=\"more-link\">Continue reading<span class=\"screen-reader-text\"> &ldquo;ANYATEJES T\u00c1PL\u00c1L\u00c1S VIL\u00c1GNAPJA AGUSZTUS 1. &#8211; TEGY\u00dcK LEHET\u0150V\u00c9 A SZOPTAT\u00c1ST!&rdquo;<\/span>&hellip;<\/a><\/div>\n<\/div>\n<div class=\"link-more\"><a href=\"http:\/\/szakrendelo-sarkad.hu\/efi\/2025\/08\/01\/anyatejes-taplalas-vilagnapja-agusztus-1-tegyuk-lehetove-a-szoptatast\/\" class=\"more-link\">Continue reading<span class=\"screen-reader-text\"> &ldquo;ANYATEJES T\u00c1PL\u00c1L\u00c1S VIL\u00c1GNAPJA AGUSZTUS 1. &#8211; TEGY\u00dcK LEHET\u0150V\u00c9 A SZOPTAT\u00c1ST!&rdquo;<\/span>&hellip;<\/a><\/div>\n","protected":false},"author":1,"featured_media":9646,"comment_status":"closed","ping_status":"closed","sticky":false,"template":"","format":"standard","meta":{"ngg_post_thumbnail":0,"footnotes":""},"categories":[1],"tags":[],"class_list":["post-9645","post","type-post","status-publish","format-standard","has-post-thumbnail","hentry","category-egyeb","entry"],"_links":{"self":[{"href":"http:\/\/szakrendelo-sarkad.hu\/efi\/wp-json\/wp\/v2\/posts\/9645","targetHints":{"allow":["GET"]}}],"collection":[{"href":"http:\/\/szakrendelo-sarkad.hu\/efi\/wp-json\/wp\/v2\/posts"}],"about":[{"href":"http:\/\/szakrendelo-sarkad.hu\/efi\/wp-json\/wp\/v2\/types\/post"}],"author":[{"embeddable":true,"href":"http:\/\/szakrendelo-sarkad.hu\/efi\/wp-json\/wp\/v2\/users\/1"}],"replies":[{"embeddable":true,"href":"http:\/\/szakrendelo-sarkad.hu\/efi\/wp-json\/wp\/v2\/comments?post=9645"}],"version-history":[{"count":1,"href":"http:\/\/szakrendelo-sarkad.hu\/efi\/wp-json\/wp\/v2\/posts\/9645\/revisions"}],"predecessor-version":[{"id":9647,"href":"http:\/\/szakrendelo-sarkad.hu\/efi\/wp-json\/wp\/v2\/posts\/9645\/revisions\/9647"}],"wp:featuredmedia":[{"embeddable":true,"href":"http:\/\/szakrendelo-sarkad.hu\/efi\/wp-json\/wp\/v2\/media\/9646"}],"wp:attachment":[{"href":"http:\/\/szakrendelo-sarkad.hu\/efi\/wp-json\/wp\/v2\/media?parent=9645"}],"wp:term":[{"taxonomy":"category","embeddable":true,"href":"http:\/\/szakrendelo-sarkad.hu\/efi\/wp-json\/wp\/v2\/categories?post=9645"},{"taxonomy":"post_tag","embeddable":true,"href":"http:\/\/szakrendelo-sarkad.hu\/efi\/wp-json\/wp\/v2\/tags?post=9645"}],"curies":[{"name":"wp","href":"https:\/\/api.w.org\/{rel}","templated":true}]}}