{"id":9649,"date":"2025-08-13T12:39:18","date_gmt":"2025-08-13T12:39:18","guid":{"rendered":"http:\/\/szakrendelo-sarkad.hu\/efi\/?p=9649"},"modified":"2025-08-13T12:39:18","modified_gmt":"2025-08-13T12:39:18","slug":"balkezesek-vilagnapja-augusztus-13","status":"publish","type":"post","link":"http:\/\/szakrendelo-sarkad.hu\/efi\/2025\/08\/13\/balkezesek-vilagnapja-augusztus-13\/","title":{"rendered":"BALKEZESEK VIL\u00c1GNAPJA | Augusztus 13."},"content":{"rendered":"<p>Balkezes vagy? Akkor ez a poszt neked sz\u00f3l! A vil\u00e1g n\u00e9pess\u00e9g\u00e9nek mind\u00f6ssze 10-12 sz\u00e1zal\u00e9ka balkezes, \u00e1m ez a csoport m\u00e9gis el\u00e9g \u00fct\u0151s neveket foglal mag\u00e1ba.<\/p>\n<p>N\u00e9zz\u00fck csak meg a teljess\u00e9g ig\u00e9nye n\u00e9lk\u00fcl:<\/p>\n<p>Leonardo da Vinci, aki bal k\u00e9zzel rajzolta meg a j\u00f6v\u0151t;<br \/>\nAlbert Einstein, akinek nem csak a zsenialit\u00e1sa volt az \u00e1tlag\u00e9t\u00f3l elt\u00e9r\u0151;<br \/>\nJimi Hendrix, aki bal k\u00e9zzel \u00edrta \u00e1t a rock t\u00f6rt\u00e9nelm\u00e9t;<br \/>\nLady Gaga, aki bal k\u00e9zzel h\u00f3d\u00edtotta meg a vil\u00e1got;<br \/>\nJulia Roberts, Tom Cruise, Keanu Reeves, akik \u201dbal oldalr\u00f3l\u201d el\u0151zt\u00e9k a vil\u00e1gszt\u00e1rokat;<br \/>\nLeBron James, aki jobb k\u00e9zzel dob, de ballal \u00edr;<br \/>\nBarack Obama, aki bal k\u00e9zzel \u00edrta az amerikai t\u00f6rt\u00e9nelem egyik fejezet\u00e9t.<\/p>\n<p>\u00c9s ez csak a j\u00e9ghegy cs\u00facsa.<\/p>\n<p>A balkezesek gyakran kreat\u00edvabbak, vizu\u00e1lisan gondolkodnak, \u00e9s sokszor teljesen m\u00e1sk\u00e9pp l\u00e1tj\u00e1k a vil\u00e1got. El\u00e1rulunk egy titkot: balkezesnek lenni nem h\u00e1tr\u00e1ny, ez ink\u00e1bb egy ritka szuperk\u00e9pess\u00e9g.<\/p>\n<p>(B\u0151vebb inf\u00f3k a Magyarorsz\u00e1gi Balkezesek Egyes\u00fclete oldal\u00e1n: <a href=\"https:\/\/l.facebook.com\/l.php?u=https%3A%2F%2Fbalkezesek.hu%2F&amp;h=AT3K4-XVAVgw9ps_vA0wyEmG-GHVk-O2cbSypKpCRppPput40G_3ntirK9SXHyTBh6NsmVxW2fJVlhQVfyYpKYiTZyAsZVP_Nxli-kqqK_ubBHbQ0EL1OKGoE3el7uXDZbz-TYZiUxKN_u-QRxtnOGt1Ags1CZqj&amp;__tn__=-UK-R&amp;c%5b0%5d=AT1BsDGTMUvCbOR-GImX6-GN5y84v2R2DjqbZvhvJwVfT1tDwQEI8yEHTWW_BYNbXUdGyL2I6IwW1bRrnA0QN3tWkQIACK0eja_pVlOPugYcnYYBxnVtyVdrNIZUhjTNc_fJxe0yGaU4LIN0St5nWzxa8P4k7AoOcOGyI5fIfLyb3Xe9vUnjEDNLyJiS_NgKl3Axs5kEqT9MkqBNw8IbHQjE5Q\"><strong>https:\/\/balkezesek.hu\/<\/strong><\/a>)<\/p>\n<p>&nbsp;<\/p>\n","protected":false},"excerpt":{"rendered":"<div class=\"entry-summary\">\n<div class=\"entry-summary\">\nBalkezes vagy? Akkor ez a poszt neked sz\u00f3l! A vil\u00e1g n\u00e9pess\u00e9g\u00e9nek mind\u00f6ssze 10-12 sz\u00e1zal\u00e9ka balkezes, \u00e1m ez a&hellip;\n<\/div>\n<div class=\"link-more\"><a href=\"http:\/\/szakrendelo-sarkad.hu\/efi\/2025\/08\/13\/balkezesek-vilagnapja-augusztus-13\/\" class=\"more-link\">Continue reading<span class=\"screen-reader-text\"> &ldquo;BALKEZESEK VIL\u00c1GNAPJA | Augusztus 13.&rdquo;<\/span>&hellip;<\/a><\/div>\n<\/div>\n<div class=\"link-more\"><a href=\"http:\/\/szakrendelo-sarkad.hu\/efi\/2025\/08\/13\/balkezesek-vilagnapja-augusztus-13\/\" class=\"more-link\">Continue reading<span class=\"screen-reader-text\"> &ldquo;BALKEZESEK VIL\u00c1GNAPJA | Augusztus 13.&rdquo;<\/span>&hellip;<\/a><\/div>\n","protected":false},"author":1,"featured_media":9650,"comment_status":"closed","ping_status":"closed","sticky":false,"template":"","format":"standard","meta":{"ngg_post_thumbnail":0,"footnotes":""},"categories":[1],"tags":[],"class_list":["post-9649","post","type-post","status-publish","format-standard","has-post-thumbnail","hentry","category-egyeb","entry"],"_links":{"self":[{"href":"http:\/\/szakrendelo-sarkad.hu\/efi\/wp-json\/wp\/v2\/posts\/9649","targetHints":{"allow":["GET"]}}],"collection":[{"href":"http:\/\/szakrendelo-sarkad.hu\/efi\/wp-json\/wp\/v2\/posts"}],"about":[{"href":"http:\/\/szakrendelo-sarkad.hu\/efi\/wp-json\/wp\/v2\/types\/post"}],"author":[{"embeddable":true,"href":"http:\/\/szakrendelo-sarkad.hu\/efi\/wp-json\/wp\/v2\/users\/1"}],"replies":[{"embeddable":true,"href":"http:\/\/szakrendelo-sarkad.hu\/efi\/wp-json\/wp\/v2\/comments?post=9649"}],"version-history":[{"count":1,"href":"http:\/\/szakrendelo-sarkad.hu\/efi\/wp-json\/wp\/v2\/posts\/9649\/revisions"}],"predecessor-version":[{"id":9651,"href":"http:\/\/szakrendelo-sarkad.hu\/efi\/wp-json\/wp\/v2\/posts\/9649\/revisions\/9651"}],"wp:featuredmedia":[{"embeddable":true,"href":"http:\/\/szakrendelo-sarkad.hu\/efi\/wp-json\/wp\/v2\/media\/9650"}],"wp:attachment":[{"href":"http:\/\/szakrendelo-sarkad.hu\/efi\/wp-json\/wp\/v2\/media?parent=9649"}],"wp:term":[{"taxonomy":"category","embeddable":true,"href":"http:\/\/szakrendelo-sarkad.hu\/efi\/wp-json\/wp\/v2\/categories?post=9649"},{"taxonomy":"post_tag","embeddable":true,"href":"http:\/\/szakrendelo-sarkad.hu\/efi\/wp-json\/wp\/v2\/tags?post=9649"}],"curies":[{"name":"wp","href":"https:\/\/api.w.org\/{rel}","templated":true}]}}