{"id":9683,"date":"2025-11-14T09:10:36","date_gmt":"2025-11-14T09:10:36","guid":{"rendered":"https:\/\/szakrendelo-sarkad.hu\/efi\/?p=9683"},"modified":"2025-11-14T09:10:36","modified_gmt":"2025-11-14T09:10:36","slug":"aktiv-stafeta-egeszsegre-valto","status":"publish","type":"post","link":"http:\/\/szakrendelo-sarkad.hu\/efi\/2025\/11\/14\/aktiv-stafeta-egeszsegre-valto\/","title":{"rendered":"Akt\u00edv Staf\u00e9ta &#8211; Eg\u00e9szs\u00e9gre v\u00e1lt\u00f3!"},"content":{"rendered":"<p><img loading=\"lazy\" decoding=\"async\" class=\"aligncenter size-full wp-image-9684\" src=\"http:\/\/szakrendelo-sarkad.hu\/efi\/wp-content\/uploads\/sites\/2\/2025\/11\/Aktiv-stafeta-plakat.jpg\" alt=\"\" width=\"1080\" height=\"1286\" srcset=\"http:\/\/szakrendelo-sarkad.hu\/efi\/wp-content\/uploads\/sites\/2\/2025\/11\/Aktiv-stafeta-plakat.jpg 1080w, http:\/\/szakrendelo-sarkad.hu\/efi\/wp-content\/uploads\/sites\/2\/2025\/11\/Aktiv-stafeta-plakat-252x300.jpg 252w, http:\/\/szakrendelo-sarkad.hu\/efi\/wp-content\/uploads\/sites\/2\/2025\/11\/Aktiv-stafeta-plakat-860x1024.jpg 860w, http:\/\/szakrendelo-sarkad.hu\/efi\/wp-content\/uploads\/sites\/2\/2025\/11\/Aktiv-stafeta-plakat-768x914.jpg 768w\" sizes=\"auto, (max-width: 1080px) 100vw, 1080px\" \/><\/p>\n","protected":false},"excerpt":{"rendered":"<div class=\"entry-summary\">\n<div class=\"link-more\"><a href=\"http:\/\/szakrendelo-sarkad.hu\/efi\/2025\/11\/14\/aktiv-stafeta-egeszsegre-valto\/\" class=\"more-link\">Continue reading<span class=\"screen-reader-text\"> &ldquo;Akt\u00edv Staf\u00e9ta &#8211; Eg\u00e9szs\u00e9gre v\u00e1lt\u00f3!&rdquo;<\/span>&hellip;<\/a><\/div>\n<\/div>\n<div class=\"link-more\"><a href=\"http:\/\/szakrendelo-sarkad.hu\/efi\/2025\/11\/14\/aktiv-stafeta-egeszsegre-valto\/\" class=\"more-link\">Continue reading<span class=\"screen-reader-text\"> &ldquo;Akt\u00edv Staf\u00e9ta &#8211; Eg\u00e9szs\u00e9gre v\u00e1lt\u00f3!&rdquo;<\/span>&hellip;<\/a><\/div>\n","protected":false},"author":1,"featured_media":9685,"comment_status":"closed","ping_status":"closed","sticky":false,"template":"","format":"standard","meta":{"ngg_post_thumbnail":0,"footnotes":""},"categories":[1],"tags":[],"class_list":["post-9683","post","type-post","status-publish","format-standard","has-post-thumbnail","hentry","category-egyeb","entry"],"_links":{"self":[{"href":"http:\/\/szakrendelo-sarkad.hu\/efi\/wp-json\/wp\/v2\/posts\/9683","targetHints":{"allow":["GET"]}}],"collection":[{"href":"http:\/\/szakrendelo-sarkad.hu\/efi\/wp-json\/wp\/v2\/posts"}],"about":[{"href":"http:\/\/szakrendelo-sarkad.hu\/efi\/wp-json\/wp\/v2\/types\/post"}],"author":[{"embeddable":true,"href":"http:\/\/szakrendelo-sarkad.hu\/efi\/wp-json\/wp\/v2\/users\/1"}],"replies":[{"embeddable":true,"href":"http:\/\/szakrendelo-sarkad.hu\/efi\/wp-json\/wp\/v2\/comments?post=9683"}],"version-history":[{"count":1,"href":"http:\/\/szakrendelo-sarkad.hu\/efi\/wp-json\/wp\/v2\/posts\/9683\/revisions"}],"predecessor-version":[{"id":9686,"href":"http:\/\/szakrendelo-sarkad.hu\/efi\/wp-json\/wp\/v2\/posts\/9683\/revisions\/9686"}],"wp:featuredmedia":[{"embeddable":true,"href":"http:\/\/szakrendelo-sarkad.hu\/efi\/wp-json\/wp\/v2\/media\/9685"}],"wp:attachment":[{"href":"http:\/\/szakrendelo-sarkad.hu\/efi\/wp-json\/wp\/v2\/media?parent=9683"}],"wp:term":[{"taxonomy":"category","embeddable":true,"href":"http:\/\/szakrendelo-sarkad.hu\/efi\/wp-json\/wp\/v2\/categories?post=9683"},{"taxonomy":"post_tag","embeddable":true,"href":"http:\/\/szakrendelo-sarkad.hu\/efi\/wp-json\/wp\/v2\/tags?post=9683"}],"curies":[{"name":"wp","href":"https:\/\/api.w.org\/{rel}","templated":true}]}}