{"id":9906,"date":"2026-03-20T12:52:23","date_gmt":"2026-03-20T12:52:23","guid":{"rendered":"http:\/\/szakrendelo-sarkad.hu\/efi\/?p=9906"},"modified":"2026-03-20T12:52:23","modified_gmt":"2026-03-20T12:52:23","slug":"down-szindroma-vilagnap-2026-marcius-21","status":"publish","type":"post","link":"http:\/\/szakrendelo-sarkad.hu\/efi\/2026\/03\/20\/down-szindroma-vilagnap-2026-marcius-21\/","title":{"rendered":"Down-szindr\u00f3ma Vil\u00e1gnap 2026. m\u00e1rcius 21."},"content":{"rendered":"<p>A vil\u00e1gnap c\u00e9lja, hogy felh\u00edvja a figyelmet az \u00e9rintett szem\u00e9lyek elfogad\u00e1s\u00e1ra, t\u00e1rsadalmi befogad\u00e1s\u00e1nak \u00e9s es\u00e9lyegyenl\u0151s\u00e9g\u00e9nek fontoss\u00e1g\u00e1ra, valamint n\u00f6velje a lakoss\u00e1g t\u00e1j\u00e9kozotts\u00e1g\u00e1t a Down-szindr\u00f3m\u00e1val kapcsolatban.<\/p>\n<p>Jelk\u00e9pe a felem\u00e1s zokni, amely azt \u00fczeni, hogy a k\u00fcl\u00f6nb\u00f6z\u0151s\u00e9g term\u00e9szetes \u00e9s \u00e9rt\u00e9kes.<\/p>\n<p>A d\u00e1tum v\u00e1laszt\u00e1s sem v\u00e9letlen, a 21-es kromosz\u00f3ma t\u00f6bblet\u00e9re utal, ugyanis ebb\u0151l a kromosz\u00f3m\u00e1b\u00f3l 2 helyett 3 van a Down-szindr\u00f3m\u00e1s emberek sejtjeiben.<\/p>\n","protected":false},"excerpt":{"rendered":"<div class=\"entry-summary\">\n<div class=\"entry-summary\">\nA vil\u00e1gnap c\u00e9lja, hogy felh\u00edvja a figyelmet az \u00e9rintett szem\u00e9lyek elfogad\u00e1s\u00e1ra, t\u00e1rsadalmi befogad\u00e1s\u00e1nak \u00e9s es\u00e9lyegyenl\u0151s\u00e9g\u00e9nek fontoss\u00e1g\u00e1ra, valamint n\u00f6velje&hellip;\n<\/div>\n<div class=\"link-more\"><a href=\"http:\/\/szakrendelo-sarkad.hu\/efi\/2026\/03\/20\/down-szindroma-vilagnap-2026-marcius-21\/\" class=\"more-link\">Continue reading<span class=\"screen-reader-text\"> &ldquo;Down-szindr\u00f3ma Vil\u00e1gnap 2026. m\u00e1rcius 21.&rdquo;<\/span>&hellip;<\/a><\/div>\n<\/div>\n<div class=\"link-more\"><a href=\"http:\/\/szakrendelo-sarkad.hu\/efi\/2026\/03\/20\/down-szindroma-vilagnap-2026-marcius-21\/\" class=\"more-link\">Continue reading<span class=\"screen-reader-text\"> &ldquo;Down-szindr\u00f3ma Vil\u00e1gnap 2026. m\u00e1rcius 21.&rdquo;<\/span>&hellip;<\/a><\/div>\n","protected":false},"author":1,"featured_media":9908,"comment_status":"closed","ping_status":"closed","sticky":false,"template":"","format":"standard","meta":{"ngg_post_thumbnail":0,"footnotes":""},"categories":[1],"tags":[],"class_list":["post-9906","post","type-post","status-publish","format-standard","has-post-thumbnail","hentry","category-egyeb","entry"],"_links":{"self":[{"href":"http:\/\/szakrendelo-sarkad.hu\/efi\/wp-json\/wp\/v2\/posts\/9906","targetHints":{"allow":["GET"]}}],"collection":[{"href":"http:\/\/szakrendelo-sarkad.hu\/efi\/wp-json\/wp\/v2\/posts"}],"about":[{"href":"http:\/\/szakrendelo-sarkad.hu\/efi\/wp-json\/wp\/v2\/types\/post"}],"author":[{"embeddable":true,"href":"http:\/\/szakrendelo-sarkad.hu\/efi\/wp-json\/wp\/v2\/users\/1"}],"replies":[{"embeddable":true,"href":"http:\/\/szakrendelo-sarkad.hu\/efi\/wp-json\/wp\/v2\/comments?post=9906"}],"version-history":[{"count":2,"href":"http:\/\/szakrendelo-sarkad.hu\/efi\/wp-json\/wp\/v2\/posts\/9906\/revisions"}],"predecessor-version":[{"id":9910,"href":"http:\/\/szakrendelo-sarkad.hu\/efi\/wp-json\/wp\/v2\/posts\/9906\/revisions\/9910"}],"wp:featuredmedia":[{"embeddable":true,"href":"http:\/\/szakrendelo-sarkad.hu\/efi\/wp-json\/wp\/v2\/media\/9908"}],"wp:attachment":[{"href":"http:\/\/szakrendelo-sarkad.hu\/efi\/wp-json\/wp\/v2\/media?parent=9906"}],"wp:term":[{"taxonomy":"category","embeddable":true,"href":"http:\/\/szakrendelo-sarkad.hu\/efi\/wp-json\/wp\/v2\/categories?post=9906"},{"taxonomy":"post_tag","embeddable":true,"href":"http:\/\/szakrendelo-sarkad.hu\/efi\/wp-json\/wp\/v2\/tags?post=9906"}],"curies":[{"name":"wp","href":"https:\/\/api.w.org\/{rel}","templated":true}]}}