{"id":9911,"date":"2026-03-20T12:54:19","date_gmt":"2026-03-20T12:54:19","guid":{"rendered":"https:\/\/szakrendelo-sarkad.hu\/efi\/?p=9911"},"modified":"2026-03-20T12:54:19","modified_gmt":"2026-03-20T12:54:19","slug":"viz-vilagnap-2026-viz-es-egyenloseg-marcius-22","status":"publish","type":"post","link":"http:\/\/szakrendelo-sarkad.hu\/efi\/2026\/03\/20\/viz-vilagnap-2026-viz-es-egyenloseg-marcius-22\/","title":{"rendered":"V\u00edz Vil\u00e1gnap 2026 \u2013 V\u00edz \u00e9s egyenl\u0151s\u00e9g | M\u00e1rcius 22."},"content":{"rendered":"<p>M\u00e1rcius 22-\u00e9n \u00fcnnepelj\u00fck a V\u00edz Vil\u00e1gnapj\u00e1t, melyhez kapcsol\u00f3dva a Sarkadi Eg\u00e9szs\u00e9gfejleszt\u00e9si Iroda munkat\u00e1rsai ebben a h\u00f3napban 2026.03.05. \u00e9s 2026.03.27. k\u00f6z\u00f6tt a Sarkadi j\u00e1r\u00e1s telep\u00fcl\u00e9seinek \u00f3vod\u00e1iban tartj\u00e1k \u201eA micsoda kincs a v\u00edz!\u201d c\u00edm\u0171 programjukat.<\/p>\n<p>A foglalkoz\u00e1sok c\u00e9lja, hogy a gyermekek j\u00e1t\u00e9kos form\u00e1ban ismerkedjenek meg a megfelel\u0151 mennyis\u00e9g\u0171 \u00e9s min\u0151s\u00e9g\u0171 folyad\u00e9kbevitel szerep\u00e9vel az eg\u00e9szs\u00e9g meg\u0151rz\u00e9s\u00e9ben, valamint a v\u00edz, mint term\u00e9szeti \u00e9rt\u00e9k v\u00e9delm\u00e9nek jelent\u0151s\u00e9g\u00e9vel.<\/p>\n","protected":false},"excerpt":{"rendered":"<div class=\"entry-summary\">\n<div class=\"entry-summary\">\nM\u00e1rcius 22-\u00e9n \u00fcnnepelj\u00fck a V\u00edz Vil\u00e1gnapj\u00e1t, melyhez kapcsol\u00f3dva a Sarkadi Eg\u00e9szs\u00e9gfejleszt\u00e9si Iroda munkat\u00e1rsai ebben a h\u00f3napban 2026.03.05. \u00e9s&hellip;\n<\/div>\n<div class=\"link-more\"><a href=\"http:\/\/szakrendelo-sarkad.hu\/efi\/2026\/03\/20\/viz-vilagnap-2026-viz-es-egyenloseg-marcius-22\/\" class=\"more-link\">Continue reading<span class=\"screen-reader-text\"> &ldquo;V\u00edz Vil\u00e1gnap 2026 \u2013 V\u00edz \u00e9s egyenl\u0151s\u00e9g | M\u00e1rcius 22.&rdquo;<\/span>&hellip;<\/a><\/div>\n<\/div>\n<div class=\"link-more\"><a href=\"http:\/\/szakrendelo-sarkad.hu\/efi\/2026\/03\/20\/viz-vilagnap-2026-viz-es-egyenloseg-marcius-22\/\" class=\"more-link\">Continue reading<span class=\"screen-reader-text\"> &ldquo;V\u00edz Vil\u00e1gnap 2026 \u2013 V\u00edz \u00e9s egyenl\u0151s\u00e9g | M\u00e1rcius 22.&rdquo;<\/span>&hellip;<\/a><\/div>\n","protected":false},"author":1,"featured_media":9912,"comment_status":"closed","ping_status":"closed","sticky":false,"template":"","format":"standard","meta":{"ngg_post_thumbnail":0,"footnotes":""},"categories":[1],"tags":[],"class_list":["post-9911","post","type-post","status-publish","format-standard","has-post-thumbnail","hentry","category-egyeb","entry"],"_links":{"self":[{"href":"http:\/\/szakrendelo-sarkad.hu\/efi\/wp-json\/wp\/v2\/posts\/9911","targetHints":{"allow":["GET"]}}],"collection":[{"href":"http:\/\/szakrendelo-sarkad.hu\/efi\/wp-json\/wp\/v2\/posts"}],"about":[{"href":"http:\/\/szakrendelo-sarkad.hu\/efi\/wp-json\/wp\/v2\/types\/post"}],"author":[{"embeddable":true,"href":"http:\/\/szakrendelo-sarkad.hu\/efi\/wp-json\/wp\/v2\/users\/1"}],"replies":[{"embeddable":true,"href":"http:\/\/szakrendelo-sarkad.hu\/efi\/wp-json\/wp\/v2\/comments?post=9911"}],"version-history":[{"count":1,"href":"http:\/\/szakrendelo-sarkad.hu\/efi\/wp-json\/wp\/v2\/posts\/9911\/revisions"}],"predecessor-version":[{"id":9913,"href":"http:\/\/szakrendelo-sarkad.hu\/efi\/wp-json\/wp\/v2\/posts\/9911\/revisions\/9913"}],"wp:featuredmedia":[{"embeddable":true,"href":"http:\/\/szakrendelo-sarkad.hu\/efi\/wp-json\/wp\/v2\/media\/9912"}],"wp:attachment":[{"href":"http:\/\/szakrendelo-sarkad.hu\/efi\/wp-json\/wp\/v2\/media?parent=9911"}],"wp:term":[{"taxonomy":"category","embeddable":true,"href":"http:\/\/szakrendelo-sarkad.hu\/efi\/wp-json\/wp\/v2\/categories?post=9911"},{"taxonomy":"post_tag","embeddable":true,"href":"http:\/\/szakrendelo-sarkad.hu\/efi\/wp-json\/wp\/v2\/tags?post=9911"}],"curies":[{"name":"wp","href":"https:\/\/api.w.org\/{rel}","templated":true}]}}